{"id":1019,"date":"2012-02-15T09:27:38","date_gmt":"2012-02-15T09:27:38","guid":{"rendered":"http:\/\/www.ventonorte.com\/?p=1019"},"modified":"2012-02-26T16:53:37","modified_gmt":"2012-02-26T16:53:37","slug":"24-fev-2012-assembleia-geral-vento-norte","status":"publish","type":"post","link":"https:\/\/www.ventonorte.com\/?p=1019","title":{"rendered":"24 Fev. 2012 &#8211; Assembleia Geral Vento Norte"},"content":{"rendered":"<p style=\"text-align: left;\"><a href=\"http:\/\/www.ventonorte.com\/?attachment_id=421\" rel=\"attachment wp-att-421\"><img loading=\"lazy\" decoding=\"async\" class=\"alignleft size-full wp-image-421\" title=\"VN-reuni\u00e3o\" src=\"http:\/\/www.ventonorte.com\/wp-content\/uploads\/VN-reuni\u00e3o_s.jpg\" alt=\"\" width=\"561\" height=\"411\" srcset=\"https:\/\/www.ventonorte.com\/wp-content\/uploads\/VN-reuni\u00e3o_s.jpg 561w, https:\/\/www.ventonorte.com\/wp-content\/uploads\/VN-reuni\u00e3o_s-150x109.jpg 150w, https:\/\/www.ventonorte.com\/wp-content\/uploads\/VN-reuni\u00e3o_s-300x219.jpg 300w\" sizes=\"auto, (max-width: 561px) 100vw, 561px\" \/><\/a><\/p>\n<p style=\"text-align: left;\"><span style=\"font-size: x-large;\"><strong>Assembleia Geral<\/strong><\/span><\/p>\n<p style=\"text-align: left;\"><span style=\"font-size: large;\">24 Fevereiro 2011<\/span><\/p>\n<p>Todos os associados da Vento Norte est\u00e3o convidados a tomar parte na Assembleia Geral Ordin\u00e1ria que se realiza no dia <strong>24 de Fevereiro de 2011, pelas 20h30, no audit\u00f3rio dos Bombeiros Volunt\u00e1rios de Famalic\u00e3o<\/strong><em><\/em>, com a seguinte ordem de trabalhos:<\/p>\n<p>1. Vota\u00e7\u00e3o da acta da assembleia anterior;<br \/>\n2. Apresenta\u00e7\u00e3o e vota\u00e7\u00e3o do relat\u00f3rio e contas da direc\u00e7\u00e3o, relativos ao ano de 2011;<br \/>\n3. Aprecia\u00e7\u00e3o das actividades de 2011;<br \/>\n5. Apresenta\u00e7\u00e3o e vota\u00e7\u00e3o do plano de actividades para 2012.<\/p>\n<p style=\"text-align: left;\"><em>(Se \u00e0 hora marcada n\u00e3o estiverem presentes mais de metade dos associados, a assembleia ter\u00e1 o seu in\u00edcio efectivo trinta minutos ap\u00f3s a hora prevista, com os associados presentes no local.)<\/em><\/p>\n<p>Temos novidades e muitos planos para anunciar. Aparece!<\/p>\n<p>&nbsp;<\/p>\n<p>Mapa do local:<br \/>\n<iframe loading=\"lazy\" src=\"http:\/\/maps.google.pt\/maps?f=q&amp;source=s_q&amp;hl=pt-PT&amp;geocode=&amp;q=bombeiros+volunt%C3%A1rios+de+famalicao+&amp;aq=&amp;sll=41.395693,-8.386624&amp;sspn=0.008934,0.021136&amp;ie=UTF8&amp;hq=bombeiros+volunt%C3%A1rios+de&amp;hnear=Vila+Nova+de+Famalic%C3%A3o,+Braga&amp;t=h&amp;fll=41.401246,-8.517365&amp;fspn=0.008933,0.021136&amp;st=107658235038825379151&amp;rq=1&amp;ev=zi&amp;split=1&amp;ll=41.401239,-8.517366&amp;spn=0.008933,0.021136&amp;z=14&amp;iwloc=A&amp;cid=5303669203848109636&amp;output=embed\" frameborder=\"0\" marginwidth=\"0\" marginheight=\"0\" scrolling=\"no\" width=\"425\" height=\"350\"><\/iframe><br \/>\n<small><a style=\"color: #0000ff; text-align: left;\" href=\"http:\/\/maps.google.pt\/maps?f=q&amp;source=embed&amp;hl=pt-PT&amp;geocode=&amp;q=bombeiros+volunt%C3%A1rios+de+famalicao+&amp;aq=&amp;sll=41.395693,-8.386624&amp;sspn=0.008934,0.021136&amp;ie=UTF8&amp;hq=bombeiros+volunt%C3%A1rios+de&amp;hnear=Vila+Nova+de+Famalic%C3%A3o,+Braga&amp;t=h&amp;fll=41.401246,-8.517365&amp;fspn=0.008933,0.021136&amp;st=107658235038825379151&amp;rq=1&amp;ev=zi&amp;split=1&amp;ll=41.401239,-8.517366&amp;spn=0.008933,0.021136&amp;z=14&amp;iwloc=A&amp;cid=5303669203848109636\">Ver mapa maior<\/a><\/small><\/p>\n","protected":false},"excerpt":{"rendered":"<p>Todos os associados da Vento Norte est\u00e3o convidados a tomar parte na Assembleia Geral Ordin\u00e1ria que se realiza no dia 24 de Fevereiro de 2011, pelas 20h30, no audit\u00f3rio dos Bombeiros Volunt\u00e1rios de Famalic\u00e3o.  Temos novidades e muitos planos para anunciar. Aparece!<\/p>\n","protected":false},"author":1,"featured_media":421,"comment_status":"open","ping_status":"open","sticky":false,"template":"","format":"standard","meta":{"ngg_post_thumbnail":0,"footnotes":""},"categories":[12],"tags":[],"class_list":["post-1019","post","type-post","status-publish","format-standard","has-post-thumbnail","hentry","category-geral"],"_links":{"self":[{"href":"https:\/\/www.ventonorte.com\/index.php?rest_route=\/wp\/v2\/posts\/1019","targetHints":{"allow":["GET"]}}],"collection":[{"href":"https:\/\/www.ventonorte.com\/index.php?rest_route=\/wp\/v2\/posts"}],"about":[{"href":"https:\/\/www.ventonorte.com\/index.php?rest_route=\/wp\/v2\/types\/post"}],"author":[{"embeddable":true,"href":"https:\/\/www.ventonorte.com\/index.php?rest_route=\/wp\/v2\/users\/1"}],"replies":[{"embeddable":true,"href":"https:\/\/www.ventonorte.com\/index.php?rest_route=%2Fwp%2Fv2%2Fcomments&post=1019"}],"version-history":[{"count":17,"href":"https:\/\/www.ventonorte.com\/index.php?rest_route=\/wp\/v2\/posts\/1019\/revisions"}],"predecessor-version":[{"id":1027,"href":"https:\/\/www.ventonorte.com\/index.php?rest_route=\/wp\/v2\/posts\/1019\/revisions\/1027"}],"wp:featuredmedia":[{"embeddable":true,"href":"https:\/\/www.ventonorte.com\/index.php?rest_route=\/wp\/v2\/media\/421"}],"wp:attachment":[{"href":"https:\/\/www.ventonorte.com\/index.php?rest_route=%2Fwp%2Fv2%2Fmedia&parent=1019"}],"wp:term":[{"taxonomy":"category","embeddable":true,"href":"https:\/\/www.ventonorte.com\/index.php?rest_route=%2Fwp%2Fv2%2Fcategories&post=1019"},{"taxonomy":"post_tag","embeddable":true,"href":"https:\/\/www.ventonorte.com\/index.php?rest_route=%2Fwp%2Fv2%2Ftags&post=1019"}],"curies":[{"name":"wp","href":"https:\/\/api.w.org\/{rel}","templated":true}]}}