{"id":1078,"date":"2012-02-28T21:20:47","date_gmt":"2012-02-28T21:20:47","guid":{"rendered":"http:\/\/www.ventonorte.com\/?p=1078"},"modified":"2013-02-09T18:46:12","modified_gmt":"2013-02-09T18:46:12","slug":"passaporte-dos-parques-naturais","status":"publish","type":"post","link":"https:\/\/www.ventonorte.com\/?p=1078","title":{"rendered":"Passaporte dos Parques Naturais"},"content":{"rendered":"<p><img loading=\"lazy\" decoding=\"async\" class=\"wp-image-1079 alignnone\" title=\"PassaportePN\" src=\"http:\/\/www.ventonorte.com\/wp-content\/uploads\/PassaportePN.jpeg\" alt=\"\" width=\"589\" height=\"396\" srcset=\"https:\/\/www.ventonorte.com\/wp-content\/uploads\/PassaportePN.jpeg 861w, https:\/\/www.ventonorte.com\/wp-content\/uploads\/PassaportePN-150x101.jpg 150w, https:\/\/www.ventonorte.com\/wp-content\/uploads\/PassaportePN-300x202.jpg 300w\" sizes=\"auto, (max-width: 589px) 100vw, 589px\" \/><\/p>\n<p>Usando o pretexto da <a href=\"http:\/\/www.cbd.int\/2011-2020\/\" target=\"_blank\">d\u00e9cada da Biodiversidade da ONU (2011-2020)<\/a> a associa\u00e7\u00e3o Vento Norte acatou o desafio de, nos pr\u00f3ximos anos, visitar todos os Parques Naturais portugueses e o \u00fanico Parque Nacional.<\/p>\n<p>As atividades ser\u00e3o feitas sempre com enquadramento ambiental e a preocupa\u00e7\u00e3o de dar a conhecer as esp\u00e9cies de fauna e flora de cada parque, para que os associados conhe\u00e7am as suas especificidades e import\u00e2ncia.<\/p>\n<p>A iniciativa incluir\u00e1 um passaporte onde os participantes ter\u00e3o informa\u00e7\u00f5es sobre a biodiversidade de cada parque e ver\u00e3o carimbadas as suas visitas.<\/p>\n<p>Al\u00e9m do <em>Parque Nacional da Peneda-Ger\u00eas<\/em> a lista dos parques Naturais comp\u00f4em-se de:<\/p>\n<ul>\n<li><em>Montesinho<\/em><\/li>\n<li><em>Douro Internacional<\/em><\/li>\n<li><em>Litoral Norte<\/em><\/li>\n<li><em>Alv\u00e3o<\/em><\/li>\n<li><em>Serra da Estrela<\/em><\/li>\n<li><em>Tejo Internacional<\/em><\/li>\n<li><em>Serras de Aire e Candeeiros<\/em><\/li>\n<li><em>Serra de S\u00e3o Mamede<\/em><\/li>\n<li><em>Sintra-Cascais<\/em><\/li>\n<li><em>Arr\u00e1bida<\/em><\/li>\n<li><em>Sudoeste Alentejano e Costa Vicentina<\/em><\/li>\n<li><em>Vale do Guadiana<\/em><\/li>\n<li><em>Ria Formosa<\/em><\/li>\n<\/ul>\n<p><a href=\"http:\/\/www.cbd.int\/2011-2020\/\"><img loading=\"lazy\" decoding=\"async\" class=\"alignright\" src=\"http:\/\/www.cbd.int\/styles\/ui\/templates\/undb2011\/images\/logo-undb-en.png\" alt=\"\" width=\"365\" height=\"82\" \/><\/a><\/p>\n","protected":false},"excerpt":{"rendered":"<p>A Vento Norte acatou o desafio de, nos pr\u00f3ximos anos, visitar todos os Parques Naturais portugueses.<\/p>\n","protected":false},"author":1,"featured_media":1079,"comment_status":"open","ping_status":"open","sticky":false,"template":"","format":"standard","meta":{"ngg_post_thumbnail":0,"footnotes":""},"categories":[4,14,12,13,11],"tags":[],"class_list":["post-1078","post","type-post","status-publish","format-standard","has-post-thumbnail","hentry","category-educambiental","category-featured","category-geral","category-headline","category-montanhismo"],"_links":{"self":[{"href":"https:\/\/www.ventonorte.com\/index.php?rest_route=\/wp\/v2\/posts\/1078","targetHints":{"allow":["GET"]}}],"collection":[{"href":"https:\/\/www.ventonorte.com\/index.php?rest_route=\/wp\/v2\/posts"}],"about":[{"href":"https:\/\/www.ventonorte.com\/index.php?rest_route=\/wp\/v2\/types\/post"}],"author":[{"embeddable":true,"href":"https:\/\/www.ventonorte.com\/index.php?rest_route=\/wp\/v2\/users\/1"}],"replies":[{"embeddable":true,"href":"https:\/\/www.ventonorte.com\/index.php?rest_route=%2Fwp%2Fv2%2Fcomments&post=1078"}],"version-history":[{"count":16,"href":"https:\/\/www.ventonorte.com\/index.php?rest_route=\/wp\/v2\/posts\/1078\/revisions"}],"predecessor-version":[{"id":1523,"href":"https:\/\/www.ventonorte.com\/index.php?rest_route=\/wp\/v2\/posts\/1078\/revisions\/1523"}],"wp:featuredmedia":[{"embeddable":true,"href":"https:\/\/www.ventonorte.com\/index.php?rest_route=\/wp\/v2\/media\/1079"}],"wp:attachment":[{"href":"https:\/\/www.ventonorte.com\/index.php?rest_route=%2Fwp%2Fv2%2Fmedia&parent=1078"}],"wp:term":[{"taxonomy":"category","embeddable":true,"href":"https:\/\/www.ventonorte.com\/index.php?rest_route=%2Fwp%2Fv2%2Fcategories&post=1078"},{"taxonomy":"post_tag","embeddable":true,"href":"https:\/\/www.ventonorte.com\/index.php?rest_route=%2Fwp%2Fv2%2Ftags&post=1078"}],"curies":[{"name":"wp","href":"https:\/\/api.w.org\/{rel}","templated":true}]}}