{"id":1242,"date":"2012-05-08T13:44:25","date_gmt":"2012-05-08T13:44:25","guid":{"rendered":"http:\/\/www.ventonorte.com\/?p=1242"},"modified":"2013-02-09T18:46:07","modified_gmt":"2013-02-09T18:46:07","slug":"atividade","status":"publish","type":"post","link":"https:\/\/www.ventonorte.com\/?p=1242","title":{"rendered":"Atividade: Trilhos do P. N. Litoral Norte [13\/05\/2012]"},"content":{"rendered":"<h2><a href=\"http:\/\/www.ventonorte.com\/wp-content\/uploads\/Esposende.jpg\"><img loading=\"lazy\" decoding=\"async\" class=\"aligncenter  wp-image-1248\" title=\"Esposende\" src=\"http:\/\/www.ventonorte.com\/wp-content\/uploads\/Esposende.jpg\" alt=\"\" width=\"576\" height=\"398\" srcset=\"https:\/\/www.ventonorte.com\/wp-content\/uploads\/Esposende.jpg 640w, https:\/\/www.ventonorte.com\/wp-content\/uploads\/Esposende-150x103.jpg 150w, https:\/\/www.ventonorte.com\/wp-content\/uploads\/Esposende-300x207.jpg 300w\" sizes=\"auto, (max-width: 576px) 100vw, 576px\" \/><\/a><\/h2>\n<h2>Passaporte dos Parques Naturais<br \/>\nCaminhadas para Todos<\/h2>\n<h1>ETAPA IV:<\/h1>\n<h1>Esposende &#8211; Foz do C\u00e1vado<\/h1>\n<h2>13\/05\/2012<\/h2>\n<p>&nbsp;<\/p>\n<p>A orla costeira mar\u00edtima nortenha tem vindo a sofrer agress\u00f5es diversas, que v\u00e3o desde os loteamentos clandestinos ao &#8220;urbanismo&#8221; desordenado, passando pela extrac\u00e7\u00e3o descontrolada de areias dunares e pelo sacrif\u00edcio de ecossistemas de elevada import\u00e2ncia. Com vista a obstar a esta situa\u00e7\u00e3o, foi da iniciativa da Assembleia Municipal de Esposende em 1987 propor a classifica\u00e7\u00e3o com \u00c1rea Protegida de toda a costa compreendida entre Ap\u00falia e a foz do Neiva, numa extens\u00e3o de 18 km.<\/p>\n<p>Em 2005 passou a Parque Natural do Litoral Norte com objectivo de aumentar a conserva\u00e7\u00e3o do cord\u00e3o litoral e dos seus elementos naturais f\u00edsicos, est\u00e9ticos e paisag\u00edsticos.<\/p>\n<p>Surge ent\u00e3o uma nova oportunidade de conhecer outro Parque Natural nesta iniciativa da Vento Norte associada \u00e0 D\u00e9cada da Biodiversidade das Na\u00e7\u00f5es Unidas.<\/p>\n<p>Aproveite a proximidade deste parque, traga os seus amigos e n\u00e3o se esque\u00e7a do passaporte.<\/p>\n<p>&nbsp;<\/p>\n<h3>Programa:<\/h3>\n<p style=\"padding-left: 30px;\">09:45 \u2013 Ponto de encontro em F\u00e3o (no parque de estacionamento do clube n\u00e1utico de F\u00e3o \u2013 ponto A na imagem em baixo)<\/p>\n<p style=\"padding-left: 30px;\">10:00 \u2013 In\u00edcio do Trilho em F\u00e3o \u2013 com guia interpretativo;<\/p>\n<p style=\"padding-left: 30px;\">12:00 \u2013 Passagem por Ofir;<\/p>\n<p style=\"padding-left: 30px;\">13:00 \u2013 Almo\u00e7o piquenique;<\/p>\n<p style=\"padding-left: 30px;\">14:00 \u2013 Passagem por Ap\u00falia \u2013 j\u00e1 sem guia.<\/p>\n<p style=\"padding-left: 30px;\">15:00 \u2013 Fim do percurso;<\/p>\n<p>&nbsp;<\/p>\n<p><iframe loading=\"lazy\" src=\"http:\/\/maps.google.pt\/maps?hl=pt-PT&amp;g=Av.+Sousa+Martins+3,+4740+Esposende&amp;q=41.514900,+-8.774977&amp;t=h&amp;ie=UTF8&amp;ll=41.5149,-8.774977&amp;spn=0.00276,0.004935&amp;z=14&amp;output=embed\" frameborder=\"0\" marginwidth=\"0\" marginheight=\"0\" scrolling=\"no\" width=\"425\" height=\"350\"><\/iframe><br \/>\n<small><a style=\"color: #0000ff; text-align: left;\" href=\"http:\/\/maps.google.pt\/maps?hl=pt-PT&amp;g=Av.+Sousa+Martins+3,+4740+Esposende&amp;q=41.514900,+-8.774977&amp;t=h&amp;ie=UTF8&amp;ll=41.5149,-8.774977&amp;spn=0.00276,0.004935&amp;z=14&amp;source=embed\">Ver mapa maior<\/a><\/small><br \/>\nCoordenadas: 41.514900, -8.774977<\/p>\n<p>&nbsp;<\/p>\n<h3>Descri\u00e7\u00e3o:<\/h3>\n<p>Percurso de pequena rota, em forma de oito, com extens\u00e3o aproximada de 14 Km, de grau de dificuldade f\u00e1cil e acess\u00edvel a todas as pessoas e de qualquer idade, mesmo com h\u00e1bitos sedent\u00e1rios. O percurso ser\u00e1 praticamente plano.<\/p>\n<p>Decorrer\u00e1 maioritariamente ao longo do trilho (n\u00e3o marcado) designado de \u201cEntre o C\u00e1vado e Atl\u00e2ntico\u201d. Ter\u00e1 in\u00edcio em F\u00e3o ao longo do estu\u00e1rio, passaremos pela praia de Ofir, voltaremos a F\u00e3o pelo pinhal e seguiremos em direc\u00e7\u00e3o ao interior de Ap\u00falia, visitando a lagoa, o sistema tradicional de cultivo e os moinhos. Voltaremos a F\u00e3o pelas dunas e Pinhal. Ap\u00f3s o carimbo final, poderemos saborear as clarinhas de F\u00e3o ou optar por um mergulho na praia.<\/p>\n<p>Os caminhos s\u00e3o de terra batida, areia e passadi\u00e7o, devendo o cal\u00e7ado ser confort\u00e1vel. Aconselho o uso de chap\u00e9u de sol e protector solar.<\/p>\n<p>O lanche e refei\u00e7\u00e3o s\u00e3o opcionais e da responsabilidade de cada participante.<\/p>\n<p>Teremos durante a manh\u00e3 o acompanhamento de um guia da natureza do Parque Natural Litoral Norte, Artur Viana, que nos explicar\u00e1 o porqu\u00ea deste territ\u00f3rio ser parque natural e a sua import\u00e2ncia para as popula\u00e7\u00f5es locais, e nos ajudar\u00e1 tamb\u00e9m a identificar a fauna e flora t\u00edpicas deste parque.<\/p>\n<p>&nbsp;<\/p>\n<h3>Inscri\u00e7\u00f5es:<\/h3>\n<p>A inscri\u00e7\u00e3o tem o custo de 2\u20ac para o pagamento do guia de interpreta\u00e7\u00e3o da natureza, devendo os interessados enviar um mail para <a href=\"mailto:montanhismo.vn2012@gmail.com\">montanhismo.vn2012@gmail.com<\/a>.<\/p>\n<p>Para informa\u00e7\u00f5es: Carlos Faria 964871922<\/p>\n<p>&nbsp;<\/p>\n<h3>Seguro:<\/h3>\n<p>Cada participante \u00e9 respons\u00e1vel pelos seus actos, devendo cada um realizar seguro individualmente caso o deseje.<\/p>\n","protected":false},"excerpt":{"rendered":"<p>Passaporte dos Parques Naturais<br \/>\nCaminhadas para Todos<br \/>\nETAPA IV:<br \/>\nEsposende &#8211; Foz do C\u00e1vado<br \/>\n13\/05\/2012<br \/>\n&nbsp;<br \/>\nA orla costeira mar\u00edtima nortenha tem vindo a sofrer agress\u00f5es diversas, que v\u00e3o desde os loteamentos clandestinos ao &#8220;urbanismo&#8221; desordenado, passando pela extrac\u00e7\u00e3o descontrolada de areias dunares e pelo sacrif\u00edcio de ecossistemas de elevada import\u00e2ncia. Com vista a obstar a esta situa\u00e7\u00e3o, foi da iniciativa da Assembleia Municipal de Esposende em 1987 propor a classifica\u00e7\u00e3o com \u00c1rea Protegida de toda a costa compreendida entre Ap\u00falia e a foz do Neiva, numa extens\u00e3o de 18 km.<br \/>\nEm 2005 passou a Parque Natural &#8230;<\/p>\n","protected":false},"author":1,"featured_media":1248,"comment_status":"open","ping_status":"open","sticky":false,"template":"","format":"standard","meta":{"ngg_post_thumbnail":0,"footnotes":""},"categories":[4,11],"tags":[],"class_list":["post-1242","post","type-post","status-publish","format-standard","has-post-thumbnail","hentry","category-educambiental","category-montanhismo"],"_links":{"self":[{"href":"https:\/\/www.ventonorte.com\/index.php?rest_route=\/wp\/v2\/posts\/1242","targetHints":{"allow":["GET"]}}],"collection":[{"href":"https:\/\/www.ventonorte.com\/index.php?rest_route=\/wp\/v2\/posts"}],"about":[{"href":"https:\/\/www.ventonorte.com\/index.php?rest_route=\/wp\/v2\/types\/post"}],"author":[{"embeddable":true,"href":"https:\/\/www.ventonorte.com\/index.php?rest_route=\/wp\/v2\/users\/1"}],"replies":[{"embeddable":true,"href":"https:\/\/www.ventonorte.com\/index.php?rest_route=%2Fwp%2Fv2%2Fcomments&post=1242"}],"version-history":[{"count":14,"href":"https:\/\/www.ventonorte.com\/index.php?rest_route=\/wp\/v2\/posts\/1242\/revisions"}],"predecessor-version":[{"id":1522,"href":"https:\/\/www.ventonorte.com\/index.php?rest_route=\/wp\/v2\/posts\/1242\/revisions\/1522"}],"wp:featuredmedia":[{"embeddable":true,"href":"https:\/\/www.ventonorte.com\/index.php?rest_route=\/wp\/v2\/media\/1248"}],"wp:attachment":[{"href":"https:\/\/www.ventonorte.com\/index.php?rest_route=%2Fwp%2Fv2%2Fmedia&parent=1242"}],"wp:term":[{"taxonomy":"category","embeddable":true,"href":"https:\/\/www.ventonorte.com\/index.php?rest_route=%2Fwp%2Fv2%2Fcategories&post=1242"},{"taxonomy":"post_tag","embeddable":true,"href":"https:\/\/www.ventonorte.com\/index.php?rest_route=%2Fwp%2Fv2%2Ftags&post=1242"}],"curies":[{"name":"wp","href":"https:\/\/api.w.org\/{rel}","templated":true}]}}