{"id":1394,"date":"2012-09-05T11:18:13","date_gmt":"2012-09-05T11:18:13","guid":{"rendered":"http:\/\/www.ventonorte.com\/?p=1394"},"modified":"2012-10-15T20:28:38","modified_gmt":"2012-10-15T20:28:38","slug":"actividade-a-conquista-do-pico-del-teide-3-a-7102012","status":"publish","type":"post","link":"https:\/\/www.ventonorte.com\/?p=1394","title":{"rendered":"Actividade: \u201c\u00c0 Conquista do Pico del Teide\u201d [3 a 7\/10\/2012]"},"content":{"rendered":"<p style=\"text-align: center;\"><a href=\"http:\/\/www.ventonorte.com\/wp-content\/uploads\/Teide.jpg\"><img loading=\"lazy\" decoding=\"async\" class=\"size-medium wp-image-1395 aligncenter\" title=\"Teide\" src=\"http:\/\/www.ventonorte.com\/wp-content\/uploads\/Teide-300x218.jpg\" alt=\"\" width=\"300\" height=\"218\" srcset=\"https:\/\/www.ventonorte.com\/wp-content\/uploads\/Teide-300x218.jpg 300w, https:\/\/www.ventonorte.com\/wp-content\/uploads\/Teide-150x109.jpg 150w, https:\/\/www.ventonorte.com\/wp-content\/uploads\/Teide.jpg 821w\" sizes=\"auto, (max-width: 300px) 100vw, 300px\" \/><\/a><\/p>\n<h1>\u00c0 Conquista do \u201cPico del Teide\u201d<\/h1>\n<h2>Parque Nacional de las Can\u00e3das del Teide \u2013 Tenerife \u2013 Espanha<\/h2>\n<h3>03-07\/10\/2012<\/h3>\n<hr \/>\n<p>&nbsp;<\/p>\n<p>Declarado parque nacional em 1954, o Parque Nacional de Las Ca\u00f1adas del Teide est\u00e1 localizado nas ilhas Can\u00e1rias, no centro da ilha de Tenerife, \u00e9 o terceiro mais antigo de Espanha sendo tamb\u00e9m o maior e mais antigo de todos os 4 parques nacionais existentes nas Can\u00e1rias, com uma \u00e1rea total de 18.990 hectares.<\/p>\n<p>A sua paisagem geol\u00f3gica \u00e9 um dos monumentos mais extraordin\u00e1rios e singulares da Europa, na qual os cones vulc\u00e2nicos e fluxos de lava formam uma gama de cores e formas \u00fanicas. A forma actual do complexo vulc\u00e2nico iniciou-se h\u00e1 170000 anos com o deslizamento dos materiais de um enorme vulc\u00e3o, originando a grande caldeira das Ca\u00f1adas (7 no total) tendo-se formado no vazio interior o complexo vulc\u00e2nico Teide &#8211; Pico Viejo.<\/p>\n<p>O Teide \u00e9 um estratovulc\u00e3o do tipo estromboliano, com uma altitude de 3718 metros (aproximadamente 7000 m sobre o leito do oceano) sendo o ponto mais alto de Espanha, Pen\u00ednsula Ib\u00e9rica e ilhas atl\u00e2nticas.<\/p>\n<p>Foram v\u00e1rios os historiadores que descreveram o Teide nas suas cr\u00f3nicas, entre os quais Cristov\u00e3o Colombo, com especial destaque para as suas violentas erup\u00e7\u00f5es. A \u00faltima erup\u00e7\u00e3o deu-se em 1798, estando adormecido desde ent\u00e3o, continuando, contudo, a impor respeito a quem se aproxima dele quer pela sua impon\u00eancia quer pela actividade s\u00edsmica e geol\u00f3gica que se regista em v\u00e1rios pontos da ilha.<\/p>\n<p>Com uma altitude m\u00e9dia acima dos 2000 metros, o parque \u00e9 caracter\u00edstico por ter uma baixa humidade relativa, que em conjunto com a baixa precipita\u00e7\u00e3o torna esta \u00e1rea muito \u00e1rida, diferente de todas as outras montanhas. No Inverno todo o parque tem temperaturas negativas e est\u00e1 sob um manto de neve, na Primavera coberto de cores vivas e no Ver\u00e3o seco e \u00e1rido, com as temperaturas a rondar os 40\u00ba C.<\/p>\n<p>Todas estas caracter\u00edsticas dotam o parque de fauna e flora muito caracter\u00edstica, muita dela end\u00e9mica, como o tajinaste vermelho (Echium wildpretii), a hierba pajonera (Descurainia bourgaeana), a perdiz moruna (Alectoris barbara) ou o lagarto tiz\u00f3n (Gallotia galloti).<\/p>\n<p>Em 2007 passou a integrar a restrita lista de Patrim\u00f3nio Natural da Humanidade, declarado pelo Unesco, como reconhecimento das \u00edmpares caracter\u00edsticas mas tamb\u00e9m como tamp\u00e3o ao stress que estava a ser provocado pelo Homem, pois nesse ano foi o parque nacional mais visitado na Europa e segundo no Mundo. Atualmente as dormidas no parque s\u00e3o muito restritas no n\u00famero de camas dispon\u00edveis e o acesso \u00e0 cratera final do vulc\u00e3o est\u00e1 proibida, podendo-se apenas aceder mediante autoriza\u00e7\u00e3o declarada do parque nacional.<\/p>\n<p>A tudo isto ainda poderemos juntar os magn\u00edficos trilhos pedestres localizados nesta zona e floresta adjacente, como o Roques de Garcia ou Paisaje Lunar, ou Parque Natural de la Corona Florestal, com o caracter\u00edstico pinheiro can\u00e1rio, ou uma visita \u00e0 cidade patrim\u00f3nio da Humanidade, San Crist\u00f3bal de La Laguna, ponto obrigat\u00f3rio de paragem no tempo dos descobrimentos.<\/p>\n<p>Tudo bons motivos para visitar e partir \u00e0 Conquista do Pico del Teide com a Vento Norte.<\/p>\n<p>&nbsp;<\/p>\n<h3>Programa<\/h3>\n<p><strong>Dia 0 (3\/10\/2012)<\/strong><\/p>\n<ul>\n<li>22:00 \u2013 Encontro de todos os participantes em Los Cristianos ou Playa de las Americas (dependendo do local onde esteja a maioria dos participantes instalado). Defini\u00e7\u00e3o dos \u00faltimos pormenores da viagem e verifica\u00e7\u00e3o de material.<\/li>\n<\/ul>\n<p><strong>Dia 1 (4\/10\/2012) Vilaflor \u2013 Paisaje Lunar \u2013 Parador de Ca\u00f1adas \u2013 Ref\u00fagio<\/strong><\/p>\n<ul>\n<li>09:15 \u2013 Partida da Esta\u00e7\u00e3o Playa de las Americas em direc\u00e7\u00e3o a Vilaflor;<\/li>\n<li>09:30 \u2013 Passagem do autocarro por Los Cristianos;<\/li>\n<li>10:30 \u2013 In\u00edcio da marcha em Vilaflor \u2013 Caminho de Chasna<\/li>\n<li>Passagem por Los Escoriales\/ Paisaje Lunar<\/li>\n<li>15:00 &#8211; Entrada no Parque Nacional El Te\u00edde<\/li>\n<li>Ascen\u00e7\u00e3o ao Alto de Guajar\u00e1 \u2013 2718 m. \u2013 opcional<\/li>\n<li>Trilho da Degollada de Guajar\u00e1<\/li>\n<li>Trilho Siete Ca\u00f1adas (por Roque del Rosal)<\/li>\n<li>18:00 \u2013 Chegada ao ref\u00fagio Edmundo Herrero<\/li>\n<li>20:00 \u2013 Jantar<\/li>\n<li>22:00 \u2013 Descanso<\/li>\n<\/ul>\n<p><strong>Dia 2 (5\/10\/2012) Ref\u00fagio \u2013 base Monta\u00f1a Blanca \u2013 Pico del Teide \u2013 Telef\u00e9rico &#8211; ref\u00fagio<\/strong><\/p>\n<ul>\n<li>06:00 \u2013 Pequeno-almo\u00e7o<\/li>\n<li>06:45 \u2013 In\u00edcio da marcha \u2013 Trilho Maj\u00faa<\/li>\n<li>07:45 \u2013 Base do Te\u00edde \u2013 2250 m<\/li>\n<li>08:15 \u2013 Inicio ascens\u00e3o da Monta\u00f1a Blanca<\/li>\n<li>12:30 \u2013 Passagem pelo ref\u00fagio de Altavista \u2013 3250 m<\/li>\n<li>13:30 \u2013 Visita de Mirador de La Fortaleza<\/li>\n<li>15:00 \u2013 In\u00edcio do Trilho Telesforo Bravo (rota 10 &#8211; apenas com autoriza\u00e7\u00e3o do parque)<\/li>\n<li>16:00 \u2013 \u201cEl Te\u00edde\u201d \u2013 3718 m \u2013 ponto mais alto de Espanha.<\/li>\n<li>17:00 \u2013 Descida de telef\u00e9rico at\u00e9 \u00e0 base do Te\u00edde<\/li>\n<li>19:00 \u2013 Regresso ao Refugio Edmundo Herrero<\/li>\n<\/ul>\n<p><strong>Dia 3 (6\/10\/2012)<\/strong><\/p>\n<ul>\n<li>08:00 \u2013 Pequeno-almo\u00e7o<\/li>\n<li>08:45 \u2013 In\u00edcio da marcha \u2013 Trilho Roques de Garc\u00eda<\/li>\n<li>11:00 \u2013 In\u00edcio do Trilho Siete Ca\u00f1adas<\/li>\n<li>14:00 \u2013 Chegada a El Portillo<\/li>\n<li>15:00 \u2013 Visita ao observat\u00f3rio do Te\u00edde<\/li>\n<li>16:00 \u2013 Sa\u00edda de El Portillo em direc\u00e7\u00e3o a Puerto de La Cruz (autocarro)<\/li>\n<li>20:00 \u2013 Regresso a Los Cristianos (autocarro).<\/li>\n<\/ul>\n<p><strong>Dia 4 (7\/10\/2012)<\/strong><\/p>\n<ul>\n<li>Dia livre \u2013 Visita a Santa Cruz de Tenerife e\/ou La Laguna e\/ou praia.<\/li>\n<\/ul>\n<p>&nbsp;<\/p>\n<h3>Descri\u00e7\u00e3o:<\/h3>\n<p>Atividade de grau de dificuldade moderado a dif\u00edcil (para quem n\u00e3o tem prepara\u00e7\u00e3o f\u00edsica) em alta montanha, que decorre em 3 dias de marcha entre os 1380 e 3718 metros.<\/p>\n<p>No primeiro dia a marcha ser\u00e1 de aproximadamente 16 Km com 700 metros de desn\u00edvel vertical, no segundo de 14 Km com 1500 metros de desn\u00edvel vertical e no terceiro dia de 19 Km com 200 metros de desn\u00edvel vertical.<\/p>\n<p>Em condi\u00e7\u00f5es normais n\u00e3o ser\u00e1 necess\u00e1ria realizar qualquer manobra de escalada nem marcha com corda.<\/p>\n<p>Todo o percurso est\u00e1 sinalizado e bem definido contudo perante a pan\u00f3plia de op\u00e7\u00f5es existem v\u00e1rias possibilidades de o percorrer, devendo os participantes seguir as indica\u00e7\u00f5es dadas nas reuni\u00f5es pr\u00e9vias.<\/p>\n<p>No primeiro e \u00faltimo dia a dormida ser\u00e1 em Los Cristianos\/ Playa de Las Am\u00e9ricas, e nos dias 2 e 3 no ref\u00fagio Edmundo Herrero. Durante a subida ao cume poderemos deixar material e mantimentos no ref\u00fagio.<\/p>\n<p>&nbsp;<\/p>\n<h3>Alimenta\u00e7\u00e3o:<\/h3>\n<p>Durante os dias de marcha a alimenta\u00e7\u00e3o ser\u00e1 volante durante o dia e no ref\u00fagio durante a noite. Dentro do Parque Nacional apenas se vende alimenta\u00e7\u00e3o no El Parador de Las Can\u00e3das e na base do Teide (telef\u00e9rico). Passaremos por l\u00e1 todos os dias mas apenas no in\u00edcio ou fim do dia. N\u00e3o existe nenhum ponto de \u00e1gua sem ser nestes pontos de venda referidos, bem como no nosso ref\u00fagio e no ref\u00fagio Altavista que encontraremos na marcha pr\u00f3ximo do cume.<\/p>\n<p>&nbsp;<\/p>\n<h3>Inscri\u00e7\u00f5es:<\/h3>\n<p>Esta actividade \u00e9 gratuita para todos os associados com quotas em dia, tem o custo de 25\u20ac para os associados com quotas em atraso e 50\u20ac para os n\u00e3o s\u00f3cios. Cada participante que pagar todas as suas despesas no decurso da actividade.<\/p>\n<p>Esta actividade pautar\u00e1 pela partilha de recursos, op\u00e7\u00f5es de baixo custo e formas de deslocamento sustent\u00e1veis entre todos os participantes de modo a que o custo seja o menor poss\u00edvel.<\/p>\n<p><span style=\"color: #ff0000;\">Os interessados devem demonstrar interesse o mais r\u00e1pido poss\u00edvel de modo a tratar das autoriza\u00e7\u00f5es do Parque Nacional para visitar o cume.<\/span><\/p>\n<p>&nbsp;<\/p>\n<h3>Acompanhamento:<\/h3>\n<p>Os participantes durante a marcha ser\u00e3o acompanhados monitores da Vento Norte, com experiencia em montanhismo e pedestrianismo, tendo inclusive j\u00e1 realizado estes percursos e atingido o cume do Teide.<\/p>\n<p>&nbsp;<\/p>\n<h3>Informa\u00e7\u00f5es:<\/h3>\n<p>Para mais informa\u00e7\u00f5es e inscri\u00e7\u00f5es podem enviar mail para: <a href=\"mailto:%20montanhismo.vn2012@gmail.com\">montanhismo.vn2012@gmail.com<\/a> ou contatar directamente com Carlos Faria por 964871922.<\/p>\n<p>Podem tamb\u00e9m aparecer na reuni\u00e3o j\u00e1 do pr\u00f3ximo dia 7 na sede da Vento Norte em Vila Nova de Famalic\u00e3o.<\/p>\n","protected":false},"excerpt":{"rendered":"<p>Parque Nacional de las Can\u00e3das del Teide \u2013 Tenerife \u2013 Espanha<\/p>\n","protected":false},"author":1,"featured_media":1395,"comment_status":"open","ping_status":"open","sticky":false,"template":"","format":"standard","meta":{"ngg_post_thumbnail":0,"footnotes":""},"categories":[11],"tags":[],"class_list":["post-1394","post","type-post","status-publish","format-standard","has-post-thumbnail","hentry","category-montanhismo"],"_links":{"self":[{"href":"https:\/\/www.ventonorte.com\/index.php?rest_route=\/wp\/v2\/posts\/1394","targetHints":{"allow":["GET"]}}],"collection":[{"href":"https:\/\/www.ventonorte.com\/index.php?rest_route=\/wp\/v2\/posts"}],"about":[{"href":"https:\/\/www.ventonorte.com\/index.php?rest_route=\/wp\/v2\/types\/post"}],"author":[{"embeddable":true,"href":"https:\/\/www.ventonorte.com\/index.php?rest_route=\/wp\/v2\/users\/1"}],"replies":[{"embeddable":true,"href":"https:\/\/www.ventonorte.com\/index.php?rest_route=%2Fwp%2Fv2%2Fcomments&post=1394"}],"version-history":[{"count":13,"href":"https:\/\/www.ventonorte.com\/index.php?rest_route=\/wp\/v2\/posts\/1394\/revisions"}],"predecessor-version":[{"id":1406,"href":"https:\/\/www.ventonorte.com\/index.php?rest_route=\/wp\/v2\/posts\/1394\/revisions\/1406"}],"wp:featuredmedia":[{"embeddable":true,"href":"https:\/\/www.ventonorte.com\/index.php?rest_route=\/wp\/v2\/media\/1395"}],"wp:attachment":[{"href":"https:\/\/www.ventonorte.com\/index.php?rest_route=%2Fwp%2Fv2%2Fmedia&parent=1394"}],"wp:term":[{"taxonomy":"category","embeddable":true,"href":"https:\/\/www.ventonorte.com\/index.php?rest_route=%2Fwp%2Fv2%2Fcategories&post=1394"},{"taxonomy":"post_tag","embeddable":true,"href":"https:\/\/www.ventonorte.com\/index.php?rest_route=%2Fwp%2Fv2%2Ftags&post=1394"}],"curies":[{"name":"wp","href":"https:\/\/api.w.org\/{rel}","templated":true}]}}