{"id":1444,"date":"2012-10-31T09:20:26","date_gmt":"2012-10-31T09:20:26","guid":{"rendered":"http:\/\/www.ventonorte.com\/?p=1444"},"modified":"2013-01-25T10:47:48","modified_gmt":"2013-01-25T10:47:48","slug":"actividade-conquista-do-cantaro-magro-1-e-2122012","status":"publish","type":"post","link":"https:\/\/www.ventonorte.com\/?p=1444","title":{"rendered":"Actividade: \u201cConquista do C\u00e2ntaro Magro\u201d [1 e 2\/12\/2012]"},"content":{"rendered":"<h1 style=\"text-align: center;\"><img loading=\"lazy\" decoding=\"async\" class=\"size-full wp-image-1446 aligncenter\" title=\"SerraEstrela2012\" src=\"http:\/\/www.ventonorte.com\/wp-content\/uploads\/SerraEstrela2012.png\" alt=\"\" width=\"517\" height=\"353\" srcset=\"https:\/\/www.ventonorte.com\/wp-content\/uploads\/SerraEstrela2012.png 517w, https:\/\/www.ventonorte.com\/wp-content\/uploads\/SerraEstrela2012-150x102.png 150w, https:\/\/www.ventonorte.com\/wp-content\/uploads\/SerraEstrela2012-300x204.png 300w, https:\/\/www.ventonorte.com\/wp-content\/uploads\/SerraEstrela2012-500x341.png 500w\" sizes=\"auto, (max-width: 517px) 100vw, 517px\" \/>Conquista do C\u00e2ntaro Magro<\/h1>\n<h2 style=\"text-align: center;\">Serra da Estrela<\/h2>\n<h3 style=\"text-align: center;\">01 e 02 de Dezembro de 2012<\/h3>\n<p>A Serra da Estrela \u00e9 dos maiores parques naturais do pa\u00eds e o que ostenta a maior altitude, apresentando paisagens e habitats \u00fanicos. \u00c9 tamb\u00e9m o \u00fanico s\u00edtio de Portugal onde ainda se podem observar as marcas deixadas pelos antigos glaciares.<\/p>\n<p>Com o outono come\u00e7am as primeiras neves e o ambiente passa a ser ainda mais isolado e agreste.<\/p>\n<p>Propomos uma incurs\u00e3o pelas zonas de maior altitude com 2 acess\u00edveis caminhadas em ambiente de montanha, sendo uma delas a terminar no cume do elegante C\u00e2ntaro Magro e a outra na Torre. A pernoita ser\u00e1, como habitual, na confort\u00e1vel pousada de juventude das Penhas da Sa\u00fade, a 1520m de altitude.<\/p>\n<p>&nbsp;<\/p>\n<h3>Programa<\/h3>\n<p><strong>Dia 01 de Dezembro (S\u00e1bado)<\/strong><\/p>\n<p style=\"padding-left: 30px;\">7h30 Sa\u00edda de VN Famalic\u00e3o<\/p>\n<p style=\"padding-left: 30px;\">10h30 Ponto de encontro &#8211; Parque de Campismo do Cov\u00e3o D&#8217;Ametade(40.327830,-7.586853, Estrada Manteigas &#8211; Penhas da Sa\u00fade)<\/p>\n<p style=\"padding-left: 30px;\">(Para chegar l\u00e1 de uma forma simples: seguir para a Covilh\u00e3 pela A1\/A25\/A23, depois para as Penhas da Sa\u00fade e depois \u00e0 direita para Manteigas)<\/p>\n<p style=\"padding-left: 30px;\">11h00 In\u00edcio do Trilho do C\u00e2ntaro Magro &#8211; (Dificuldade m\u00e9dia +\/- 4h30) O trilho embora simples e seguro tem nos \u00faltimos 100m algumas passagens um pouco a\u00e9reas. Os mais sens\u00edveis poder\u00e3o sair diretamente para a estrada sem realizar essa parte. 16h30 Visita ao centro comercial da Torre<\/p>\n<p style=\"padding-left: 30px;\">18h30 Entrada na Pousada de Juventude<\/p>\n<p style=\"padding-left: 30px;\">19h30 Jantar na Pousada da Juventude Dormida na Pousada de Juventude<\/p>\n<p><strong>\u00a0Dia 02 de Dezembro (Domingo)<\/strong><\/p>\n<p style=\"padding-left: 30px;\">08h30 Pequeno almo\u00e7o na Pousada de Juventude<\/p>\n<p style=\"padding-left: 30px;\">09h15 Partida para a Lagoa Comprida<\/p>\n<p style=\"padding-left: 30px;\">09h30 In\u00edcio de trilho para a Torre &#8211; (Dificuldade m\u00e9dia\/baixa +\/- 4h00)<\/p>\n<p style=\"padding-left: 30px;\">14h00 Final da actividade<\/p>\n<p style=\"padding-left: 30px;\">Regresso<\/p>\n<p>&nbsp;<\/p>\n<h3>Dificuldade global da actividade<\/h3>\n<p>Trata-se de uma actividade de dificuldade baixa, acess\u00edvel a praticantes de pequenas caminhadas, inclusive a crian\u00e7as a partir dos 8 anos. Dado decorrer j\u00e1 no final do Outono assume maior import\u00e2ncia a roupa de agasalho e cal\u00e7ado imperme\u00e1vel. No caso da presen\u00e7a de neve (tal com aconteceu em 2008, 2009, 2010 e 2011) os percursos podem ser alterados.<\/p>\n<p>&nbsp;<\/p>\n<h3>Inscri\u00e7\u00f5es e Log\u00edstica<\/h3>\n<p>Indicar nome, data de nascimento e n.\u00ba de BI, se possui transporte, lugares livres (por quest\u00f5es ambientais, de economia e log\u00edstica, tentaremos minimizar o n.\u00ba de autom\u00f3veis) e data, hora e montante do pagamento (atrav\u00e9s de transfer\u00eancia banc\u00e1ria). email: <a href=\"mailto:montanhismo.vn@gmail.com\">montanhismo.vn@gmail.com<\/a><\/p>\n<p style=\"padding-left: 30px;\"><span style=\"color: #ff0000;\">Inscri\u00e7\u00f5es at\u00e9 ao dia 11 de Novembro de 2012<\/span>.<\/p>\n<p style=\"padding-left: 30px;\">A inscri\u00e7\u00e3o s\u00f3 se considera efectiva ap\u00f3s o pagamento.<\/p>\n<p style=\"padding-left: 30px;\">Cancelamentos at\u00e9 11 de Novembro &#8211; Devolu\u00e7\u00e3o da totalidade do Valor<\/p>\n<p style=\"padding-left: 30px;\">Cancelamentos 15 dias antes &#8211; Devolu\u00e7\u00e3o de 75% do Valor<\/p>\n<p style=\"padding-left: 30px;\">Cancelamentos 5 dias antes &#8211; Devolu\u00e7\u00e3o de 50% do Valor<\/p>\n<p style=\"padding-left: 30px;\">Cancelamentos a menos de 5 dias &#8211; N\u00e3o ser\u00e1 devolvida qualquer import\u00e2ncia<\/p>\n<p style=\"padding-left: 30px;\"><strong>Inclui:<\/strong> Alojamento e 1\/2 pens\u00e3o na Pousada de Juventude de Penhas da Sa\u00fade<\/p>\n<p style=\"padding-left: 30px;\"><strong>N\u00e3o inclui:<\/strong> Transporte e almo\u00e7os durante a actividade<\/p>\n<p>&nbsp;<\/p>\n<h3>Pre\u00e7os por pessoa<\/h3>\n<ul>\n<li>Geral (alojamento em camarata) 25,00 \u20ac<\/li>\n<\/ul>\n<p><strong>Suplementos e descontos:<\/strong><\/p>\n<ul>\n<li>N\u00e3o Associados +5,00\u20ac<\/li>\n<li>Seguro +5,00\u20ac\u00a0\u00a0 <em>(Obrigat\u00f3rio, excepto para montanhistas federados.)<\/em><\/li>\n<li>Quarto duplo (bloco antigo) +5,00\u20ac<\/li>\n<li>Quarto duplo (bloco novo) +10,00\u20ac<\/li>\n<li>Noite extra (6.\u00aa Feira) em camarata +13,00 \u20ac<\/li>\n<li>Noite extra (6.\u00aa Feira) q. duplo bl. Antigo +17,50 \u20ac<\/li>\n<li>Noite extra (6.\u00aa Feira) q. duplo bl. Novo +22,50 \u20ac Sem jantar da cantina da pousada -6,00 \u20ac<\/li>\n<li>Crian\u00e7as at\u00e9 11 anos -10,00 \u20ac<\/li>\n<\/ul>\n<p>&nbsp;<\/p>\n<h3>Material indispens\u00e1vel<\/h3>\n<ul>\n<li>Botas de montanhismo, de prefer\u00eancia imperme\u00e1veis<\/li>\n<li>Casaco imperme\u00e1vel<\/li>\n<li>Roupa desportiva e confort\u00e1vel<\/li>\n<li>Correntes de neve para o carro tamb\u00e9m poder\u00e3o fazer falta<\/li>\n<\/ul>\n<p>&nbsp;<\/p>\n","protected":false},"excerpt":{"rendered":"<p>A Serra da Estrela \u00e9 dos maiores parques naturais do pa\u00eds e o que ostenta a maior altitude, apresentando paisagens e habitats \u00fanicos. \u00c9 tamb\u00e9m o \u00fanico s\u00edtio de Portugal onde ainda se podem observar as marcas deixadas pelos antigos glaciares. Com o outono come\u00e7am as primeiras neves e o ambiente passa a ser ainda mais isolado e agreste.<\/p>\n<p>Propomos uma incurs\u00e3o pelas zonas de maior altitude com 2 acess\u00edveis caminhadas em ambiente de montanha, sendo uma delas a terminar no cume do elegante C\u00e2ntaro Magro e a outra na Torre. A pernoita ser\u00e1, como habitual, na confort\u00e1vel pousada de juventude das Penhas da Sa\u00fade, a 1520m de altitude.<\/p>\n","protected":false},"author":1,"featured_media":1446,"comment_status":"open","ping_status":"open","sticky":false,"template":"","format":"standard","meta":{"ngg_post_thumbnail":0,"footnotes":""},"categories":[11],"tags":[],"class_list":["post-1444","post","type-post","status-publish","format-standard","has-post-thumbnail","hentry","category-montanhismo"],"_links":{"self":[{"href":"https:\/\/www.ventonorte.com\/index.php?rest_route=\/wp\/v2\/posts\/1444","targetHints":{"allow":["GET"]}}],"collection":[{"href":"https:\/\/www.ventonorte.com\/index.php?rest_route=\/wp\/v2\/posts"}],"about":[{"href":"https:\/\/www.ventonorte.com\/index.php?rest_route=\/wp\/v2\/types\/post"}],"author":[{"embeddable":true,"href":"https:\/\/www.ventonorte.com\/index.php?rest_route=\/wp\/v2\/users\/1"}],"replies":[{"embeddable":true,"href":"https:\/\/www.ventonorte.com\/index.php?rest_route=%2Fwp%2Fv2%2Fcomments&post=1444"}],"version-history":[{"count":23,"href":"https:\/\/www.ventonorte.com\/index.php?rest_route=\/wp\/v2\/posts\/1444\/revisions"}],"predecessor-version":[{"id":1463,"href":"https:\/\/www.ventonorte.com\/index.php?rest_route=\/wp\/v2\/posts\/1444\/revisions\/1463"}],"wp:featuredmedia":[{"embeddable":true,"href":"https:\/\/www.ventonorte.com\/index.php?rest_route=\/wp\/v2\/media\/1446"}],"wp:attachment":[{"href":"https:\/\/www.ventonorte.com\/index.php?rest_route=%2Fwp%2Fv2%2Fmedia&parent=1444"}],"wp:term":[{"taxonomy":"category","embeddable":true,"href":"https:\/\/www.ventonorte.com\/index.php?rest_route=%2Fwp%2Fv2%2Fcategories&post=1444"},{"taxonomy":"post_tag","embeddable":true,"href":"https:\/\/www.ventonorte.com\/index.php?rest_route=%2Fwp%2Fv2%2Ftags&post=1444"}],"curies":[{"name":"wp","href":"https:\/\/api.w.org\/{rel}","templated":true}]}}