{"id":1476,"date":"2013-01-25T10:45:23","date_gmt":"2013-01-25T10:45:23","guid":{"rendered":"http:\/\/www.ventonorte.com\/?p=1476"},"modified":"2013-02-09T18:49:16","modified_gmt":"2013-02-09T18:49:16","slug":"8-fev-2013-assembleia-geral-vento-norte","status":"publish","type":"post","link":"https:\/\/www.ventonorte.com\/?p=1476","title":{"rendered":"8 Fev. 2013 &#8211; Assembleia Geral Vento Norte"},"content":{"rendered":"<h1 style=\"text-align: center;\"><a href=\"http:\/\/www.ventonorte.com\/wp-content\/uploads\/VN-reuni\u00e3o_s.jpg\"><img loading=\"lazy\" decoding=\"async\" class=\"aligncenter size-full wp-image-421\" title=\"VN-reuni\u00e3o\" src=\"http:\/\/www.ventonorte.com\/wp-content\/uploads\/VN-reuni\u00e3o_s.jpg\" alt=\"\" width=\"561\" height=\"411\" srcset=\"https:\/\/www.ventonorte.com\/wp-content\/uploads\/VN-reuni\u00e3o_s.jpg 561w, https:\/\/www.ventonorte.com\/wp-content\/uploads\/VN-reuni\u00e3o_s-150x109.jpg 150w, https:\/\/www.ventonorte.com\/wp-content\/uploads\/VN-reuni\u00e3o_s-300x219.jpg 300w\" sizes=\"auto, (max-width: 561px) 100vw, 561px\" \/><\/a><\/h1>\n<h1 style=\"text-align: center;\">Assembleia Geral<\/h1>\n<h2 style=\"text-align: center;\">Convocat\u00f3ria<\/h2>\n<h3 style=\"text-align: center;\">8 de fevereiro de 2013<\/h3>\n<p>&nbsp;<\/p>\n<p>Caro Associado,<\/p>\n<p>Usando da compet\u00eancia que me confere o Art. 23\u00ba do Regulamento Geral Interno da Associa\u00e7\u00e3o Vento Norte, convoco todos os associados para tomar parte na Assembleia Geral Ordin\u00e1ria que se realiza no <strong>dia 8 de fevereiro de 2013, pelas 20h30, em Vila Nova de Famalic\u00e3o, na sede do agrupamento de escuteiros de Famalic\u00e3o (S.to Adri\u00e3o)<\/strong>, Rua Gaspar Ant\u00f3nio Borba, 31 (<a title=\"mapa\" href=\"http:\/\/maps.google.com\/maps?f=d&amp;source=s_d&amp;saddr=&amp;daddr=41.418325,-8.526635&amp;hl=pt&amp;geocode=&amp;mra=dme&amp;mrcr=0&amp;mrsp=1&amp;sz=18&amp;sll=41.417955,-8.527086&amp;sspn=0.002522,0.005659&amp;ie=UTF8&amp;t=h&amp;ll=41.41639,-8.523202&amp;spn=0.010089,0.022638&amp;z=16\" target=\"_blank\">mapa<\/a>, coord.: 41.418,-8.526), com a seguinte ordem de trabalhos:<\/p>\n<ol>\n<li>\u00a0Vota\u00e7\u00e3o da ata da assembleia anterior;<\/li>\n<li>\u00a0Apresenta\u00e7\u00e3o e vota\u00e7\u00e3o do relat\u00f3rio e contas da dire\u00e7\u00e3o, relativos ao ano de 2012;<\/li>\n<li>\u00a0Aprecia\u00e7\u00e3o das atividades de 2012;<\/li>\n<li>\u00a0Elei\u00e7\u00e3o dos \u00f3rg\u00e3os da associa\u00e7\u00e3o para o bi\u00e9nio de 2013-2014;<\/li>\n<li>\u00a0Tomada de posse dos \u00f3rg\u00e3os da associa\u00e7\u00e3o para o bi\u00e9nio 2013-2014;<\/li>\n<li>\u00a0Apresenta\u00e7\u00e3o e vota\u00e7\u00e3o do or\u00e7amento para o bi\u00e9nio 2013-2014.<\/li>\n<li>\u00a0Apresenta\u00e7\u00e3o e vota\u00e7\u00e3o da reestrutura\u00e7\u00e3o dos departamentos e do plano de atividades para 2013.<\/li>\n<li>\u00a0Outros assuntos<\/li>\n<\/ol>\n<p>Se \u00e0 hora marcada n\u00e3o estiverem presentes mais de metade dos associados, a assembleia ter\u00e1 o seu in\u00edcio efetivo trinta minutos ap\u00f3s a hora prevista, com os associados presentes no local.<\/p>\n<p>&nbsp;<\/p>\n<p>V. N. de Famalic\u00e3o, 25 de janeiro de 2013<\/p>\n<p>Lu\u00eds Salgado<\/p>\n<p>(Presidente da Mesa da Assembleia Geral)<\/p>\n<p>&nbsp;<\/p>\n<p>&nbsp;<\/p>\n<p>&nbsp;<\/p>\n","protected":false},"excerpt":{"rendered":"<p>Assembleia Geral<br \/>\nConvocat\u00f3ria<br \/>\n8 de fevereiro de 2013<br \/>\n&nbsp;<br \/>\nCaro Associado,<br \/>\nUsando da compet\u00eancia que me confere o Art. 23\u00ba do Regulamento Geral Interno da Associa\u00e7\u00e3o Vento Norte, convoco todos os associados para tomar parte na Assembleia Geral Ordin\u00e1ria que se realiza no dia 8 de fevereiro de 2013, pelas 20h30, em Vila Nova de Famalic\u00e3o, na sede do agrupamento de escuteiros de Famalic\u00e3o (S.to Adri\u00e3o), Rua Gaspar Ant\u00f3nio Borba, 31 (mapa, coord.: 41.418,-8.526), com a seguinte ordem de trabalhos:<\/p>\n<p>\u00a0Vota\u00e7\u00e3o da ata da assembleia anterior;<br \/>\n\u00a0Apresenta\u00e7\u00e3o e vota\u00e7\u00e3o do relat\u00f3rio e contas da dire\u00e7\u00e3o, relativos ao &#8230;<\/p>\n","protected":false},"author":1,"featured_media":421,"comment_status":"open","ping_status":"open","sticky":false,"template":"","format":"standard","meta":{"ngg_post_thumbnail":0,"footnotes":""},"categories":[12],"tags":[],"class_list":["post-1476","post","type-post","status-publish","format-standard","has-post-thumbnail","hentry","category-geral"],"_links":{"self":[{"href":"https:\/\/www.ventonorte.com\/index.php?rest_route=\/wp\/v2\/posts\/1476","targetHints":{"allow":["GET"]}}],"collection":[{"href":"https:\/\/www.ventonorte.com\/index.php?rest_route=\/wp\/v2\/posts"}],"about":[{"href":"https:\/\/www.ventonorte.com\/index.php?rest_route=\/wp\/v2\/types\/post"}],"author":[{"embeddable":true,"href":"https:\/\/www.ventonorte.com\/index.php?rest_route=\/wp\/v2\/users\/1"}],"replies":[{"embeddable":true,"href":"https:\/\/www.ventonorte.com\/index.php?rest_route=%2Fwp%2Fv2%2Fcomments&post=1476"}],"version-history":[{"count":8,"href":"https:\/\/www.ventonorte.com\/index.php?rest_route=\/wp\/v2\/posts\/1476\/revisions"}],"predecessor-version":[{"id":1482,"href":"https:\/\/www.ventonorte.com\/index.php?rest_route=\/wp\/v2\/posts\/1476\/revisions\/1482"}],"wp:featuredmedia":[{"embeddable":true,"href":"https:\/\/www.ventonorte.com\/index.php?rest_route=\/wp\/v2\/media\/421"}],"wp:attachment":[{"href":"https:\/\/www.ventonorte.com\/index.php?rest_route=%2Fwp%2Fv2%2Fmedia&parent=1476"}],"wp:term":[{"taxonomy":"category","embeddable":true,"href":"https:\/\/www.ventonorte.com\/index.php?rest_route=%2Fwp%2Fv2%2Fcategories&post=1476"},{"taxonomy":"post_tag","embeddable":true,"href":"https:\/\/www.ventonorte.com\/index.php?rest_route=%2Fwp%2Fv2%2Ftags&post=1476"}],"curies":[{"name":"wp","href":"https:\/\/api.w.org\/{rel}","templated":true}]}}