{"id":1499,"date":"2013-02-09T08:57:12","date_gmt":"2013-02-09T08:57:12","guid":{"rendered":"http:\/\/www.ventonorte.com\/?p=1499"},"modified":"2013-03-13T17:06:59","modified_gmt":"2013-03-13T17:06:59","slug":"nova-direccao-da-vento-norte","status":"publish","type":"post","link":"https:\/\/www.ventonorte.com\/?p=1499","title":{"rendered":"Nova dire\u00e7\u00e3o da Vento Norte"},"content":{"rendered":"<p><img loading=\"lazy\" decoding=\"async\" class=\"alignleft size-thumbnail wp-image-421\" alt=\"VN-reuni\u00e3o\" src=\"http:\/\/www.ventonorte.com\/wp-content\/uploads\/VN-reuni\u00e3o_s-150x109.jpg\" width=\"150\" height=\"109\" srcset=\"https:\/\/www.ventonorte.com\/wp-content\/uploads\/VN-reuni\u00e3o_s-150x109.jpg 150w, https:\/\/www.ventonorte.com\/wp-content\/uploads\/VN-reuni\u00e3o_s-300x219.jpg 300w, https:\/\/www.ventonorte.com\/wp-content\/uploads\/VN-reuni\u00e3o_s.jpg 561w\" sizes=\"auto, (max-width: 150px) 100vw, 150px\" \/><\/p>\n<p>A associa\u00e7\u00e3o Vento Norte elegeu ontem por unanimidade a equipa da dire\u00e7\u00e3o para 2013-2014. Segue-se um bi\u00e9nio cheio de dinamismo e ideias novas.<\/p>\n<p>&nbsp;<\/p>\n<p>&nbsp;<\/p>\n<p>A nova equipa:<\/p>\n<p>&nbsp;<\/p>\n<h3>Dire\u00e7\u00e3o<\/h3>\n<p>Presidente \u2013 Carlos Alfredo Macieira Faria<\/p>\n<p>Secret\u00e1ria \u2013 Nat\u00e1lia Assun\u00e7\u00e3o Martins Azevedo<\/p>\n<p>Tesoureira \u2013 Carla Marisa Martins Azevedo<\/p>\n<p>Vogal \u2013 Ana Berta Rodrigues Rego<\/p>\n<p>Vogal \u2013 Cl\u00e1udia Maria Veloso Pires<\/p>\n<p>&nbsp;<\/p>\n<h3>Conselho Fiscal<\/h3>\n<p>Presidente \u2013 Maria Elisabete Monteiro Rodrigues<\/p>\n<p>Secret\u00e1rio \u2013 Jos\u00e9 Hor\u00e1cio Garcia Costa<\/p>\n<p>Vogal \u2013 Maria Clara Ribeiro Costa<\/p>\n<p>&nbsp;<\/p>\n<h3>Mesa da Assembleia Geral<\/h3>\n<p>Presidente \u2013 Lu\u00eds Miguel Silva Santos Salgado<\/p>\n<p>Secret\u00e1ria \u2013 Ana Catarina Teixeira Costa<\/p>\n<p>Vogal \u2013 Ernestino Manuel Soares Maravalhas<\/p>\n<p>&nbsp;<\/p>\n<h3>Suplentes<\/h3>\n<p>Pedro Filipe Ara\u00fajo Fernandes<\/p>\n<p>Miguel C\u00e9sar Ribeiro Azevedo<\/p>\n<p>S\u00e9rgio Manuel Vieira dos Santos Seara Alves<\/p>\n<p>Pedro Manuel da Costa Batista.<\/p>\n<p>&nbsp;<\/p>\n","protected":false},"excerpt":{"rendered":"<p>A assembleia elegeu por unanimidade a equipa da dire\u00e7\u00e3o para 2013-2014. Segue-se um bi\u00e9nio cheio de dinamismo e ideias novas.<\/p>\n","protected":false},"author":1,"featured_media":421,"comment_status":"open","ping_status":"open","sticky":false,"template":"","format":"standard","meta":{"ngg_post_thumbnail":0,"footnotes":""},"categories":[12],"tags":[],"class_list":["post-1499","post","type-post","status-publish","format-standard","has-post-thumbnail","hentry","category-geral"],"_links":{"self":[{"href":"https:\/\/www.ventonorte.com\/index.php?rest_route=\/wp\/v2\/posts\/1499","targetHints":{"allow":["GET"]}}],"collection":[{"href":"https:\/\/www.ventonorte.com\/index.php?rest_route=\/wp\/v2\/posts"}],"about":[{"href":"https:\/\/www.ventonorte.com\/index.php?rest_route=\/wp\/v2\/types\/post"}],"author":[{"embeddable":true,"href":"https:\/\/www.ventonorte.com\/index.php?rest_route=\/wp\/v2\/users\/1"}],"replies":[{"embeddable":true,"href":"https:\/\/www.ventonorte.com\/index.php?rest_route=%2Fwp%2Fv2%2Fcomments&post=1499"}],"version-history":[{"count":14,"href":"https:\/\/www.ventonorte.com\/index.php?rest_route=\/wp\/v2\/posts\/1499\/revisions"}],"predecessor-version":[{"id":1504,"href":"https:\/\/www.ventonorte.com\/index.php?rest_route=\/wp\/v2\/posts\/1499\/revisions\/1504"}],"wp:featuredmedia":[{"embeddable":true,"href":"https:\/\/www.ventonorte.com\/index.php?rest_route=\/wp\/v2\/media\/421"}],"wp:attachment":[{"href":"https:\/\/www.ventonorte.com\/index.php?rest_route=%2Fwp%2Fv2%2Fmedia&parent=1499"}],"wp:term":[{"taxonomy":"category","embeddable":true,"href":"https:\/\/www.ventonorte.com\/index.php?rest_route=%2Fwp%2Fv2%2Fcategories&post=1499"},{"taxonomy":"post_tag","embeddable":true,"href":"https:\/\/www.ventonorte.com\/index.php?rest_route=%2Fwp%2Fv2%2Ftags&post=1499"}],"curies":[{"name":"wp","href":"https:\/\/api.w.org\/{rel}","templated":true}]}}