{"id":1510,"date":"2013-02-09T15:45:11","date_gmt":"2013-02-09T15:45:11","guid":{"rendered":"http:\/\/www.ventonorte.com\/?p=1510"},"modified":"2013-03-13T16:40:37","modified_gmt":"2013-03-13T16:40:37","slug":"reorganizacao-dos-departamentos-de-ambiente-e-fotografia","status":"publish","type":"post","link":"https:\/\/www.ventonorte.com\/?p=1510","title":{"rendered":"Reorganiza\u00e7\u00e3o dos departamentos de Ambiente e Fotografia"},"content":{"rendered":"<p><img loading=\"lazy\" decoding=\"async\" class=\"size-medium wp-image-1511 alignright\" alt=\"VN-planear\" src=\"http:\/\/www.ventonorte.com\/wp-content\/uploads\/VN-planear-300x289.jpg\" width=\"300\" height=\"289\" srcset=\"https:\/\/www.ventonorte.com\/wp-content\/uploads\/VN-planear-300x289.jpg 300w, https:\/\/www.ventonorte.com\/wp-content\/uploads\/VN-planear-150x144.jpg 150w, https:\/\/www.ventonorte.com\/wp-content\/uploads\/VN-planear-1024x987.jpg 1024w, https:\/\/www.ventonorte.com\/wp-content\/uploads\/VN-planear-500x481.jpg 500w, https:\/\/www.ventonorte.com\/wp-content\/uploads\/VN-planear.jpg 1249w\" sizes=\"auto, (max-width: 300px) 100vw, 300px\" \/><\/p>\n<p style=\"text-align: left;\">De vez em quando a associa\u00e7\u00e3o tem necessidade de se reinventar para poder explorar todo o seu potencial. Assim foi este ano, com uma reorganiza\u00e7\u00e3o de alguns departamentos:<\/p>\n<h3 style=\"text-align: left;\">Conserva\u00e7\u00e3o da Natureza + Educa\u00e7\u00e3o Ambiental, ou 1+1=muitos<\/h3>\n<p style=\"text-align: left;\">Sendo o Ambiente uma \u00e1rea fulcral da nossa associa\u00e7\u00e3o, resolvemos apostar numa reuni\u00e3o destes dois departamentos de forma a otimizar esfor\u00e7os. Em vez de 2 respons\u00e1veis a trabalhar em separado, teremos 1 respons\u00e1vel e uma superequipa para cobrir todas as \u00e1reas necess\u00e1rias, desde a horta aos debates cient\u00edficos.<\/p>\n<h3 style=\"text-align: left;\">Fotografia \u00e9 Cultura<\/h3>\n<p style=\"text-align: left;\">O departamento de fotografia ter\u00e1 agora um foco mais alargado. Pela primeira vez a associa\u00e7\u00e3o ter\u00e1 um departamento cultural que procurar\u00e1 aproximar-nos da hist\u00f3ria, da etnografia da regi\u00e3o, dos costumes e tradi\u00e7\u00f5es, das artes fotogr\u00e1ficas e gastron\u00f3micas. \u00c9 um futuro promissor, mas tamb\u00e9m trabalhoso para construir as bases. Todas as sugest\u00f5es s\u00e3o bem-vindas.<\/p>\n<p style=\"text-align: left;\">\n","protected":false},"excerpt":{"rendered":"<p>De vez em quando a associa\u00e7\u00e3o tem necessidade de se reinventar para poder explorar todo o seu potencial.<\/p>\n","protected":false},"author":1,"featured_media":1511,"comment_status":"open","ping_status":"open","sticky":false,"template":"","format":"standard","meta":{"ngg_post_thumbnail":0,"footnotes":""},"categories":[5,4,12],"tags":[],"class_list":["post-1510","post","type-post","status-publish","format-standard","has-post-thumbnail","hentry","category-cultural","category-educambiental","category-geral"],"_links":{"self":[{"href":"https:\/\/www.ventonorte.com\/index.php?rest_route=\/wp\/v2\/posts\/1510","targetHints":{"allow":["GET"]}}],"collection":[{"href":"https:\/\/www.ventonorte.com\/index.php?rest_route=\/wp\/v2\/posts"}],"about":[{"href":"https:\/\/www.ventonorte.com\/index.php?rest_route=\/wp\/v2\/types\/post"}],"author":[{"embeddable":true,"href":"https:\/\/www.ventonorte.com\/index.php?rest_route=\/wp\/v2\/users\/1"}],"replies":[{"embeddable":true,"href":"https:\/\/www.ventonorte.com\/index.php?rest_route=%2Fwp%2Fv2%2Fcomments&post=1510"}],"version-history":[{"count":13,"href":"https:\/\/www.ventonorte.com\/index.php?rest_route=\/wp\/v2\/posts\/1510\/revisions"}],"predecessor-version":[{"id":1637,"href":"https:\/\/www.ventonorte.com\/index.php?rest_route=\/wp\/v2\/posts\/1510\/revisions\/1637"}],"wp:featuredmedia":[{"embeddable":true,"href":"https:\/\/www.ventonorte.com\/index.php?rest_route=\/wp\/v2\/media\/1511"}],"wp:attachment":[{"href":"https:\/\/www.ventonorte.com\/index.php?rest_route=%2Fwp%2Fv2%2Fmedia&parent=1510"}],"wp:term":[{"taxonomy":"category","embeddable":true,"href":"https:\/\/www.ventonorte.com\/index.php?rest_route=%2Fwp%2Fv2%2Fcategories&post=1510"},{"taxonomy":"post_tag","embeddable":true,"href":"https:\/\/www.ventonorte.com\/index.php?rest_route=%2Fwp%2Fv2%2Ftags&post=1510"}],"curies":[{"name":"wp","href":"https:\/\/api.w.org\/{rel}","templated":true}]}}