{"id":1532,"date":"2013-02-11T09:33:35","date_gmt":"2013-02-11T09:33:35","guid":{"rendered":"http:\/\/www.ventonorte.com\/?p=1532"},"modified":"2013-02-19T08:19:34","modified_gmt":"2013-02-19T08:19:34","slug":"atividade-campo-da-ataca-guimaraes-16022013","status":"publish","type":"post","link":"https:\/\/www.ventonorte.com\/?p=1532","title":{"rendered":"Campo da Ataca &#8211; Guimar\u00e3es [16\/02\/2013]"},"content":{"rendered":"<h1 style=\"text-align: center;\"><img loading=\"lazy\" decoding=\"async\" class=\"size-full wp-image-1533 aligncenter\" alt=\"Campo_Ataca\" src=\"http:\/\/www.ventonorte.com\/wp-content\/uploads\/Campo_Ataca.jpg\" width=\"510\" height=\"300\" srcset=\"https:\/\/www.ventonorte.com\/wp-content\/uploads\/Campo_Ataca.jpg 510w, https:\/\/www.ventonorte.com\/wp-content\/uploads\/Campo_Ataca-150x88.jpg 150w, https:\/\/www.ventonorte.com\/wp-content\/uploads\/Campo_Ataca-300x176.jpg 300w, https:\/\/www.ventonorte.com\/wp-content\/uploads\/Campo_Ataca-500x294.jpg 500w\" sizes=\"auto, (max-width: 510px) 100vw, 510px\" \/><\/h1>\n<h1 style=\"text-align: center;\">Caminhadas Para Todos<\/h1>\n<h2 style=\"text-align: center;\">Etapa I \u2013 Guimar\u00e3es \u2013 Campo da Ataca<\/h2>\n<h3 style=\"text-align: center;\">16\/02\/2013<\/h3>\n<p>&nbsp;<\/p>\n<p>Primeira actividade da Vento Norte em 2013, uma caminhada realizada bem perto de casa na freguesia de S\u00e3o Torcato em Guimar\u00e3es, cujo grande interessa se prende com a visita ao Campo da Ataca, local onde se desenrolou a Batalha de S\u00e3o Mamede a partir de qual se originou Portugal.<\/p>\n<p><strong>Local:<\/strong> S\u00e3o Torcato, Guimar\u00e3es<\/p>\n<p><strong>Data:<\/strong> 16\/02\/2012 com inicio \u00e0s 14:30<\/p>\n<p><strong>Dist\u00e2ncia estimada:<\/strong> 8 Km; 3 horas;<\/p>\n<p><strong>Descri\u00e7\u00e3o:<\/strong> caminhada de grau f\u00e1cil e adequada a pessoas de todas as idades e mesmo com h\u00e1bitos sedent\u00e1rios, num percurso plano por trilhos maioritariamente rurais quer em \u00e1reas de floresta, entre campos e habitacionais. O grande ponto deste trilho prende-se com a passagem pelo Campo da Ataca, local historicamente reconhecido como onde decorreu a Batalha de S\u00e3o Mamede, que originou a funda\u00e7\u00e3o da na\u00e7\u00e3o.<\/p>\n<p><strong>Inscri\u00e7\u00f5es:<\/strong> S\u00f3cios sem seguro: 2\u20ac; N\u00e3o s\u00f3cios: 3\u20ac<\/p>\n<p><strong>Informa\u00e7\u00f5es:<\/strong> <a href=\"mailto:montanhismo.vn@gmail.com\">montanhismo.vn@gmail.com<\/a><\/p>\n<p>&nbsp;<\/p>\n","protected":false},"excerpt":{"rendered":"<p>Primeira actividade da Vento Norte em 2013, uma caminhada realizada bem perto de casa na freguesia de S\u00e3o Torcato em Guimar\u00e3es, cujo grande interessa se prende com a visita ao Campo da Ataca, local onde se desenrolou a Batalha de S\u00e3o Mamede a partir de qual se originou Portugal.<\/p>\n","protected":false},"author":1,"featured_media":1533,"comment_status":"open","ping_status":"open","sticky":false,"template":"","format":"standard","meta":{"ngg_post_thumbnail":0,"footnotes":""},"categories":[11],"tags":[],"class_list":["post-1532","post","type-post","status-publish","format-standard","has-post-thumbnail","hentry","category-montanhismo"],"_links":{"self":[{"href":"https:\/\/www.ventonorte.com\/index.php?rest_route=\/wp\/v2\/posts\/1532","targetHints":{"allow":["GET"]}}],"collection":[{"href":"https:\/\/www.ventonorte.com\/index.php?rest_route=\/wp\/v2\/posts"}],"about":[{"href":"https:\/\/www.ventonorte.com\/index.php?rest_route=\/wp\/v2\/types\/post"}],"author":[{"embeddable":true,"href":"https:\/\/www.ventonorte.com\/index.php?rest_route=\/wp\/v2\/users\/1"}],"replies":[{"embeddable":true,"href":"https:\/\/www.ventonorte.com\/index.php?rest_route=%2Fwp%2Fv2%2Fcomments&post=1532"}],"version-history":[{"count":13,"href":"https:\/\/www.ventonorte.com\/index.php?rest_route=\/wp\/v2\/posts\/1532\/revisions"}],"predecessor-version":[{"id":1585,"href":"https:\/\/www.ventonorte.com\/index.php?rest_route=\/wp\/v2\/posts\/1532\/revisions\/1585"}],"wp:featuredmedia":[{"embeddable":true,"href":"https:\/\/www.ventonorte.com\/index.php?rest_route=\/wp\/v2\/media\/1533"}],"wp:attachment":[{"href":"https:\/\/www.ventonorte.com\/index.php?rest_route=%2Fwp%2Fv2%2Fmedia&parent=1532"}],"wp:term":[{"taxonomy":"category","embeddable":true,"href":"https:\/\/www.ventonorte.com\/index.php?rest_route=%2Fwp%2Fv2%2Fcategories&post=1532"},{"taxonomy":"post_tag","embeddable":true,"href":"https:\/\/www.ventonorte.com\/index.php?rest_route=%2Fwp%2Fv2%2Ftags&post=1532"}],"curies":[{"name":"wp","href":"https:\/\/api.w.org\/{rel}","templated":true}]}}