{"id":1544,"date":"2013-02-11T11:19:11","date_gmt":"2013-02-11T11:19:11","guid":{"rendered":"http:\/\/www.ventonorte.com\/?p=1544"},"modified":"2013-03-01T15:40:02","modified_gmt":"2013-03-01T15:40:02","slug":"conquista-de-pena-ubina-23-e-24022013","status":"publish","type":"post","link":"https:\/\/www.ventonorte.com\/?p=1544","title":{"rendered":"Conquista de Pe\u00f1a Ubina [23 e 24\/02\/2013]"},"content":{"rendered":"<h1 align=\"center\"><img loading=\"lazy\" decoding=\"async\" class=\"aligncenter size-full wp-image-1546\" alt=\"PenaUlbina\" src=\"http:\/\/www.ventonorte.com\/wp-content\/uploads\/PenaUlbina.jpg\" width=\"604\" height=\"405\" srcset=\"https:\/\/www.ventonorte.com\/wp-content\/uploads\/PenaUlbina.jpg 604w, https:\/\/www.ventonorte.com\/wp-content\/uploads\/PenaUlbina-150x100.jpg 150w, https:\/\/www.ventonorte.com\/wp-content\/uploads\/PenaUlbina-300x201.jpg 300w, https:\/\/www.ventonorte.com\/wp-content\/uploads\/PenaUlbina-500x335.jpg 500w\" sizes=\"auto, (max-width: 604px) 100vw, 604px\" \/><\/h1>\n<h1 align=\"center\">Conquista de Pe\u00f1a Ubina<\/h1>\n<h2 align=\"center\">Cordilheira Cant\u00e1brica<\/h2>\n<h3 align=\"center\">23-24\/02\/2013<\/h3>\n<p>&nbsp;<\/p>\n<p style=\"text-align: left;\" align=\"center\">Pe\u00f1a Ubina localiza-se na prov\u00edncia de Castela-Le\u00e3o \u00e9 uma das montanhas mais altas da Cordilheira Cant\u00e1brica com 2417 metros de altitude e \u00e9 o nosso objectivo de conquista para a primeira grande actividade de montanha em 2013, que ser\u00e1 de certeza marcada por muita neve e aventura.<\/p>\n<p><b>Local:<\/b> Torrebarrio, L\u00e9on, Castela-Le\u00e3o, Espanha<\/p>\n<p><b>Data: <\/b>23-24 \/02\/2013 com saida de Portugal dia 22 no final do dia.<\/p>\n<p><b>Programa:<\/b><\/p>\n<p style=\"padding-left: 30px;\"><b>22 Fevereiro<\/b><\/p>\n<ul>\n<li>19 horas \u2013 Saida de Vila Nova de Famalic\u00e3o<\/li>\n<li>24 horas \u2013 Chegada a Torrebarrio \u2013 Dormida no ref\u00fagio de Torrebarrio<\/li>\n<\/ul>\n<p style=\"padding-left: 30px;\"><b>23 Fevereiro<\/b><\/p>\n<ul>\n<li>07 horas \u2013 Despertar e pequeno almo\u00e7o<\/li>\n<li>08 horas \u2013 Inicio da marcha \u2013 Partida \u00c0 Conquista de Pe\u00f1a Ubina<\/li>\n<li>16 horas \u2013 Regresso ao ref\u00fagio<\/li>\n<li>19 horas \u2013 Jantar<\/li>\n<li>22 horas \u2013 dormida no refugio de Torrebarrio<\/li>\n<\/ul>\n<p style=\"padding-left: 30px;\"><b>24 Fevereiro<\/b><\/p>\n<ul>\n<li>07 horas \u2013 Despertar e pequeno almo\u00e7o<\/li>\n<li>08 horas \u2013 Inicio da marcha \u2013 Caminhada curta com manobras e treino de marcha em neve<\/li>\n<li>15 horas \u2013 fim da atividade \u2013 Regresso a Portugal<\/li>\n<\/ul>\n<p><b>Descri\u00e7\u00e3o<\/b>: caminhada de grau m\u00e9dio-alto realizada sob condi\u00e7\u00f5es atmosf\u00e9ricas que se adivinham de neve, gelo e muito frio. Ideal para adquirir experi\u00eancia em marcha de m\u00e9dia-alta montanha com marcha em neve.<\/p>\n<p><b>Material<\/b>: \u00c9 obrigat\u00f3rio levar botas de montanha, crampons e piolet. Todos os participantes devem levar roupa quente e forro polar imperme\u00e1vel. \u00c9 tamb\u00e9m obrigat\u00f3rio manta t\u00e9rmica e frontal. O restante material ser\u00e1 indicado aquando da inscri\u00e7\u00e3o.<\/p>\n<p><b>Inscri\u00e7\u00f5es<\/b>: Limite de 12 vagas.<\/p>\n<ul>\n<li>Pre\u00e7os n\u00e3o s\u00f3cios sem cart\u00e3o montanhista (seguro 2013) \u2013 40 \u20ac<\/li>\n<li>Pre\u00e7os s\u00f3cios sem cart\u00e3o montanhista (seguro 2013)\u00a0 \u2013 30 \u20ac<\/li>\n<li>Pre\u00e7os s\u00f3cios com cart\u00e3o montanhismo (seguro 2013) \u2013 15 \u20ac<\/li>\n<\/ul>\n<p><b>Viagem: <\/b>Pre\u00e7os n\u00e3o incluem viagem, estando a ser cordenada de forma sustent\u00e1vel o transporte entre todos os participantes. Quem desejar partilha de veiculo e despesas deve entrar em contato.<\/p>\n<p><b>Informa\u00e7\u00f5es: <\/b><a href=\"mailto:montanhismo.vn@gmail.com\">montanhismo.vn@gmail.com<\/a><b> <\/b><\/p>\n","protected":false},"excerpt":{"rendered":"<p>Pe\u00f1a Ubina \u00e9 uma das montanhas mais altas da Cordilheira Cant\u00e1brica e \u00e9 a nossa primeira grande actividade de montanha em 2013. <\/p>\n","protected":false},"author":1,"featured_media":1546,"comment_status":"open","ping_status":"open","sticky":false,"template":"","format":"standard","meta":{"ngg_post_thumbnail":0,"footnotes":""},"categories":[11],"tags":[],"class_list":["post-1544","post","type-post","status-publish","format-standard","has-post-thumbnail","hentry","category-montanhismo"],"_links":{"self":[{"href":"https:\/\/www.ventonorte.com\/index.php?rest_route=\/wp\/v2\/posts\/1544","targetHints":{"allow":["GET"]}}],"collection":[{"href":"https:\/\/www.ventonorte.com\/index.php?rest_route=\/wp\/v2\/posts"}],"about":[{"href":"https:\/\/www.ventonorte.com\/index.php?rest_route=\/wp\/v2\/types\/post"}],"author":[{"embeddable":true,"href":"https:\/\/www.ventonorte.com\/index.php?rest_route=\/wp\/v2\/users\/1"}],"replies":[{"embeddable":true,"href":"https:\/\/www.ventonorte.com\/index.php?rest_route=%2Fwp%2Fv2%2Fcomments&post=1544"}],"version-history":[{"count":11,"href":"https:\/\/www.ventonorte.com\/index.php?rest_route=\/wp\/v2\/posts\/1544\/revisions"}],"predecessor-version":[{"id":1552,"href":"https:\/\/www.ventonorte.com\/index.php?rest_route=\/wp\/v2\/posts\/1544\/revisions\/1552"}],"wp:featuredmedia":[{"embeddable":true,"href":"https:\/\/www.ventonorte.com\/index.php?rest_route=\/wp\/v2\/media\/1546"}],"wp:attachment":[{"href":"https:\/\/www.ventonorte.com\/index.php?rest_route=%2Fwp%2Fv2%2Fmedia&parent=1544"}],"wp:term":[{"taxonomy":"category","embeddable":true,"href":"https:\/\/www.ventonorte.com\/index.php?rest_route=%2Fwp%2Fv2%2Fcategories&post=1544"},{"taxonomy":"post_tag","embeddable":true,"href":"https:\/\/www.ventonorte.com\/index.php?rest_route=%2Fwp%2Fv2%2Ftags&post=1544"}],"curies":[{"name":"wp","href":"https:\/\/api.w.org\/{rel}","templated":true}]}}