{"id":1622,"date":"2013-03-13T16:25:30","date_gmt":"2013-03-13T16:25:30","guid":{"rendered":"http:\/\/www.ventonorte.com\/?p=1622"},"modified":"2013-03-27T09:51:07","modified_gmt":"2013-03-27T09:51:07","slug":"conversas-a-quinta-lixo-na-floresta-21-propostas-de-solucao-21032013","status":"publish","type":"post","link":"https:\/\/www.ventonorte.com\/?p=1622","title":{"rendered":"Conversas \u00e0 quinta &#8211; &#8220;Lixo na floresta: 21 propostas de solu\u00e7\u00e3o&#8221; [21\/03\/2013]"},"content":{"rendered":"<p><img loading=\"lazy\" decoding=\"async\" class=\"size-full wp-image-1625 aligncenter\" alt=\"ConversasAQuinta_21Mar_580x450\" src=\"http:\/\/www.ventonorte.com\/wp-content\/uploads\/ConversasAQuinta_21Mar_580x450.jpg\" width=\"580\" height=\"449\" srcset=\"https:\/\/www.ventonorte.com\/wp-content\/uploads\/ConversasAQuinta_21Mar_580x450.jpg 580w, https:\/\/www.ventonorte.com\/wp-content\/uploads\/ConversasAQuinta_21Mar_580x450-150x116.jpg 150w, https:\/\/www.ventonorte.com\/wp-content\/uploads\/ConversasAQuinta_21Mar_580x450-300x232.jpg 300w, https:\/\/www.ventonorte.com\/wp-content\/uploads\/ConversasAQuinta_21Mar_580x450-500x387.jpg 500w\" sizes=\"auto, (max-width: 580px) 100vw, 580px\" \/><\/p>\n<h1 style=\"text-align: center;\">Conversas \u00e0 quinta<\/h1>\n<h2 style=\"text-align: center;\">&#8220;Lixo na floresta: 21 propostas de solu\u00e7\u00e3o&#8221;<\/h2>\n<h3 style=\"text-align: center;\">21 mar\u00e7o \u00e0s 21 horas<\/h3>\n<p>&nbsp;<\/p>\n<p>A Vento Norte vai realizar um ciclo de conversas\/debates\/tert\u00falia em colabora\u00e7\u00e3o com o MCaf\u00e9 em Vila Nova de Famalic\u00e3o. Estas &#8220;Conversas \u00e0 quinta&#8221; tem uma periodicidade mensal, sempre \u00e0 quinta-feira no MCaf\u00e9, com acesso livre, e ser\u00e3o em torno de temas actuais de ci\u00eancia e ambiente com a presen\u00e7a de um especialista. Na quinta-feira, dia 21 de Mar\u00e7o, \u00e0s 21 horas iniciamos o ciclo com a presen\u00e7a do Eng Tiago Orlando, da Associa\u00e7\u00e3o AMO Portugal &#8220;M\u00e3os \u00e0 Obra Portugal&#8221; para tentarmos encontrar &#8220;21 solu\u00e7\u00f5es para o lixo na floresta&#8221;. no \u00e2mbito do projecto &#8220;Responsabilizar Portugal&#8221;. Para Abril, est\u00e1 prevista uma conversa sobre transg\u00e9nicos.<\/p>\n<p>Marcamos encontro no MCaf\u00e9!<\/p>\n<p style=\"padding-left: 60px;\"><strong>MCaf\u00e9<\/strong><br \/>\nRua Lu\u00eds Barroso, Ed. Alvares Cabral n\u00ba172 ,<br \/>\nVila Nova Famalic\u00e3o<\/p>\n<p>&nbsp;<\/p>\n","protected":false},"excerpt":{"rendered":"<p>A Vento Norte vai realizar um ciclo de conversas\/debates\/tert\u00falia em colabora\u00e7\u00e3o com o MCaf\u00e9 em Vila Nova de Famalic\u00e3o. Estas &#8220;Conversas \u00e0 quinta&#8221; tem uma periodicidade mensal, sempre \u00e0 quinta-feira no MCaf\u00e9, com acesso livre, e ser\u00e3o em torno de temas actuais de ci\u00eancia e ambiente com a presen\u00e7a de um especialista. Na quinta-feira, dia 21 de Mar\u00e7o, \u00e0s 21 horas iniciamos o ciclo com a presen\u00e7a do Eng Tiago Orlando, da Associa\u00e7\u00e3o AMO Portugal &#8220;M\u00e3os \u00e0 Obra Portugal&#8221; para tentarmos encontrar &#8220;21 solu\u00e7\u00f5es para o lixo na floresta&#8221;. no \u00e2mbito do projecto &#8220;Responsabilizar Portugal&#8221;. Para Abril, est\u00e1 prevista uma conversa sobre transg\u00e9nicos.<\/p>\n","protected":false},"author":1,"featured_media":1625,"comment_status":"open","ping_status":"open","sticky":false,"template":"","format":"standard","meta":{"ngg_post_thumbnail":0,"footnotes":""},"categories":[4],"tags":[],"class_list":["post-1622","post","type-post","status-publish","format-standard","has-post-thumbnail","hentry","category-educambiental"],"_links":{"self":[{"href":"https:\/\/www.ventonorte.com\/index.php?rest_route=\/wp\/v2\/posts\/1622","targetHints":{"allow":["GET"]}}],"collection":[{"href":"https:\/\/www.ventonorte.com\/index.php?rest_route=\/wp\/v2\/posts"}],"about":[{"href":"https:\/\/www.ventonorte.com\/index.php?rest_route=\/wp\/v2\/types\/post"}],"author":[{"embeddable":true,"href":"https:\/\/www.ventonorte.com\/index.php?rest_route=\/wp\/v2\/users\/1"}],"replies":[{"embeddable":true,"href":"https:\/\/www.ventonorte.com\/index.php?rest_route=%2Fwp%2Fv2%2Fcomments&post=1622"}],"version-history":[{"count":9,"href":"https:\/\/www.ventonorte.com\/index.php?rest_route=\/wp\/v2\/posts\/1622\/revisions"}],"predecessor-version":[{"id":1633,"href":"https:\/\/www.ventonorte.com\/index.php?rest_route=\/wp\/v2\/posts\/1622\/revisions\/1633"}],"wp:featuredmedia":[{"embeddable":true,"href":"https:\/\/www.ventonorte.com\/index.php?rest_route=\/wp\/v2\/media\/1625"}],"wp:attachment":[{"href":"https:\/\/www.ventonorte.com\/index.php?rest_route=%2Fwp%2Fv2%2Fmedia&parent=1622"}],"wp:term":[{"taxonomy":"category","embeddable":true,"href":"https:\/\/www.ventonorte.com\/index.php?rest_route=%2Fwp%2Fv2%2Fcategories&post=1622"},{"taxonomy":"post_tag","embeddable":true,"href":"https:\/\/www.ventonorte.com\/index.php?rest_route=%2Fwp%2Fv2%2Ftags&post=1622"}],"curies":[{"name":"wp","href":"https:\/\/api.w.org\/{rel}","templated":true}]}}