{"id":1660,"date":"2013-03-27T09:49:59","date_gmt":"2013-03-27T09:49:59","guid":{"rendered":"http:\/\/www.ventonorte.com\/?p=1660"},"modified":"2013-04-08T14:04:28","modified_gmt":"2013-04-08T14:04:28","slug":"caminhadas-para-todos-trilho-dos-currais-30032013","status":"publish","type":"post","link":"https:\/\/www.ventonorte.com\/?p=1660","title":{"rendered":"&#8220;Caminhadas Para Todos&#8221; \u2013 Trilho dos Currais [30\/03\/2013]"},"content":{"rendered":"<h1 style=\"text-align: center;\"><img loading=\"lazy\" decoding=\"async\" class=\"aligncenter size-full wp-image-1661\" alt=\"Trilho dos Currais\" src=\"http:\/\/www.ventonorte.com\/wp-content\/uploads\/currrais.jpg\" width=\"546\" height=\"400\" srcset=\"https:\/\/www.ventonorte.com\/wp-content\/uploads\/currrais.jpg 546w, https:\/\/www.ventonorte.com\/wp-content\/uploads\/currrais-150x109.jpg 150w, https:\/\/www.ventonorte.com\/wp-content\/uploads\/currrais-300x219.jpg 300w, https:\/\/www.ventonorte.com\/wp-content\/uploads\/currrais-500x366.jpg 500w\" sizes=\"auto, (max-width: 546px) 100vw, 546px\" \/><\/h1>\n<h1 style=\"text-align: center;\">Caminhadas Para Todos<\/h1>\n<h2 style=\"text-align: center;\">Etapa II \u2013 Vila do Ger\u00eas \u2013 Trilho dos Currais<\/h2>\n<h3 style=\"text-align: center;\">30\/03\/2013<\/h3>\n<p>&nbsp;<\/p>\n<p>Na segunda etapa de edi\u00e7\u00e3o de 2013 das Caminhadas Para Todos visitaremos a Vila Do Ger\u00eas e o Parque Nacional da Peneda Ger\u00eas para percorrer o Trilho dos Currais. Este trilho proporciona um contato direto com o esp\u00edrito e tradi\u00e7\u00f5es comunit\u00e1rias locais, em especial o pastoreio em montanha atrav\u00e9s de vezeira, com passagem por v\u00e1rios currais e suas cabanas.<\/p>\n<h3>Local:<\/h3>\n<p style=\"padding-left: 30px;\">Vidoeiro (Vila do Ger\u00eas), Vilar da Veiga<br \/>\n<strong>Nota:<\/strong> As coordenadas do ponto de encontro ser\u00e3o fornecidas ap\u00f3s inscri\u00e7\u00e3o<\/p>\n<h3>Data:<\/h3>\n<p style=\"padding-left: 30px;\">30\/03\/2012 com inicio \u00e0s 10:30<\/p>\n<h3>Programa:<\/h3>\n<p style=\"padding-left: 30px;\">9:00 \u2013 Ponto de Encontro na Sede da Vento Norte<br \/>\n9:35 \u2013 Ponto de Encontro Braga \u2013 frente \u00e0 Montalegrense II<br \/>\n10:30 \u2013 Inicio da Marcha<br \/>\n15:00 &#8211; Fim de atividade<\/p>\n<h3>Dist\u00e2ncia estimada:<\/h3>\n<p style=\"padding-left: 30px;\">10 Km, 4 horas<\/p>\n<h3>Descri\u00e7\u00e3o:<\/h3>\n<p style=\"padding-left: 30px;\">Caminhada de grau f\u00e1cil e adequada a pessoas de todas as idades e mesmo com h\u00e1bitos sedent\u00e1rios, num percurso marcado por desnivel positivo inicial, planalto e descida final.<br \/>\nAconselha-se aos participantes a levarem botas de montanha e imperme\u00e1vel, devendo levar tamb\u00e9m ser respons\u00e1veis pela pr\u00f3pria alimenta\u00e7\u00e3o.<br \/>\nTrilhos maioritariamente florestais com passagem em locais de interesse cultural e paisagistico, esta pequena rota proporciona contato direto com as tradi\u00e7\u00f5es comunit\u00e1rias e peculiares praticadas na \u00e1rea do PNPG em que o gado da comunidade \u00e9 encaminhado pelos carreteiros at\u00e9 \u00e0 serra, entre Maio e Setembro, para terem acesso a melhores pastos.<\/p>\n<h3>Pontos de Interesse:<\/h3>\n<ul>\n<li>Curral da Lomba do Vidoeiro<\/li>\n<li>Curral da Carvalha das \u00c9guas<\/li>\n<li>Curral da Espinheira<\/li>\n<li>Pedra Bela<\/li>\n<li>Vila do Ger\u00eas<\/li>\n<\/ul>\n<h3>Inscri\u00e7\u00f5es:<\/h3>\n<ul>\n<li>S\u00f3cios sem seguro: 2\u20ac;<\/li>\n<li>N\u00e3o s\u00f3cios: 3\u20ac;<\/li>\n<\/ul>\n<h3>Informa\u00e7\u00f5es e informa\u00e7\u00f5es:<\/h3>\n<p style=\"padding-left: 30px;\"><a href=\"mailto:montanhismo.vn@gmail.com\">montanhismo.vn@gmail.com<\/a><\/p>\n<p>&nbsp;<\/p>\n","protected":false},"excerpt":{"rendered":"<p>Na segunda etapa de edi\u00e7\u00e3o de 2013 das Caminhadas Para Todos visitaremos a Vila Do Ger\u00eas e o Parque Nacional da Peneda Ger\u00eas para percorrer o Trilho dos Currais. Este trilho proporciona um contato direto com o espirito e tradi\u00e7\u00f5es comunit\u00e1rias locais, em especial o pastoreio em montanha atrav\u00e9s de vezeira, com passagem por v\u00e1rios currais e suas cabanas.<\/p>\n","protected":false},"author":1,"featured_media":1676,"comment_status":"open","ping_status":"open","sticky":false,"template":"","format":"standard","meta":{"ngg_post_thumbnail":0,"footnotes":""},"categories":[11],"tags":[],"class_list":["post-1660","post","type-post","status-publish","format-standard","has-post-thumbnail","hentry","category-montanhismo"],"_links":{"self":[{"href":"https:\/\/www.ventonorte.com\/index.php?rest_route=\/wp\/v2\/posts\/1660","targetHints":{"allow":["GET"]}}],"collection":[{"href":"https:\/\/www.ventonorte.com\/index.php?rest_route=\/wp\/v2\/posts"}],"about":[{"href":"https:\/\/www.ventonorte.com\/index.php?rest_route=\/wp\/v2\/types\/post"}],"author":[{"embeddable":true,"href":"https:\/\/www.ventonorte.com\/index.php?rest_route=\/wp\/v2\/users\/1"}],"replies":[{"embeddable":true,"href":"https:\/\/www.ventonorte.com\/index.php?rest_route=%2Fwp%2Fv2%2Fcomments&post=1660"}],"version-history":[{"count":16,"href":"https:\/\/www.ventonorte.com\/index.php?rest_route=\/wp\/v2\/posts\/1660\/revisions"}],"predecessor-version":[{"id":1675,"href":"https:\/\/www.ventonorte.com\/index.php?rest_route=\/wp\/v2\/posts\/1660\/revisions\/1675"}],"wp:featuredmedia":[{"embeddable":true,"href":"https:\/\/www.ventonorte.com\/index.php?rest_route=\/wp\/v2\/media\/1676"}],"wp:attachment":[{"href":"https:\/\/www.ventonorte.com\/index.php?rest_route=%2Fwp%2Fv2%2Fmedia&parent=1660"}],"wp:term":[{"taxonomy":"category","embeddable":true,"href":"https:\/\/www.ventonorte.com\/index.php?rest_route=%2Fwp%2Fv2%2Fcategories&post=1660"},{"taxonomy":"post_tag","embeddable":true,"href":"https:\/\/www.ventonorte.com\/index.php?rest_route=%2Fwp%2Fv2%2Ftags&post=1660"}],"curies":[{"name":"wp","href":"https:\/\/api.w.org\/{rel}","templated":true}]}}