{"id":1684,"date":"2013-04-16T13:10:02","date_gmt":"2013-04-16T13:10:02","guid":{"rendered":"http:\/\/www.ventonorte.com\/?p=1684"},"modified":"2013-04-20T15:09:44","modified_gmt":"2013-04-20T15:09:44","slug":"caminhadas-para-todos-serra-cabreira-21042013","status":"publish","type":"post","link":"https:\/\/www.ventonorte.com\/?p=1684","title":{"rendered":"&#8220;Caminhadas Para Todos&#8221; \u2013 Serra Cabreira [21\/04\/2013]"},"content":{"rendered":"<p><img loading=\"lazy\" decoding=\"async\" class=\"aligncenter size-full wp-image-1686\" alt=\"moscoso\" src=\"http:\/\/www.ventonorte.com\/wp-content\/uploads\/moscoso.jpg\" width=\"550\" height=\"412\" srcset=\"https:\/\/www.ventonorte.com\/wp-content\/uploads\/moscoso.jpg 550w, https:\/\/www.ventonorte.com\/wp-content\/uploads\/moscoso-150x112.jpg 150w, https:\/\/www.ventonorte.com\/wp-content\/uploads\/moscoso-300x224.jpg 300w, https:\/\/www.ventonorte.com\/wp-content\/uploads\/moscoso-500x374.jpg 500w\" sizes=\"auto, (max-width: 550px) 100vw, 550px\" \/><\/p>\n<h1 align=\"center\">Caminhadas Para Todos<\/h1>\n<h2 align=\"center\">Etapa III \u2013 Moscoso \u2013 Serra da Cabreira<\/h2>\n<h3 align=\"center\">21\/04\/2013<\/h3>\n<p>&nbsp;<\/p>\n<p>Na terceira etapa de edi\u00e7\u00e3o de 2013 das Caminhadas Para Todos visitaremos a Aldeia de Moscoso e a Serra da Cabreira para percorrer o trilho que liga as aldeias de Moscoso (Cabeceiras de Basto), Carvalho e Be\u00e7\u00f3s (Montalegre). Este trilho proporciona um contato direto com o esp\u00edrito e tradi\u00e7\u00f5es comunit\u00e1rias locais, em especial o pastoreio em montanha, com passagem por zonas de prado e de bosque.<\/p>\n<h3>Local:<\/h3>\n<p style=\"padding-left: 30px;\">Moscoso, Cabeceiras de Basto<br \/>\nCoordenadas: 41.583302,-7.925289<\/p>\n<h3>Data:<\/h3>\n<p style=\"padding-left: 30px;\">21\/04\/2013 com inicio \u00e0s 9:30<\/p>\n<h3>Programa:<\/h3>\n<ul>\n<li>9:15 \u2013 Ponto de Encontro em Moscoso \u2013 junto ao Rest. Nariz do Mundo<\/li>\n<li>9:30 \u2013 Inicio da Marcha<\/li>\n<li>15:00 \u2013 Fim de atividade<\/li>\n<li>16:00 \u2013 Lanche opcional no Restaurante Nariz do Mundo (+\/- 10\u20ac pp)<\/li>\n<\/ul>\n<p style=\"padding-left: 30px;\"><strong>Dist\u00e2ncia estimada:<\/strong> 12 Km, 4:30<\/p>\n<h3>Descri\u00e7\u00e3o:<\/h3>\n<p>Caminhada de grau f\u00e1cil e adequada a pessoas de todas as idades e mesmo com h\u00e1bitos sedent\u00e1rios, num percurso marcado por pouco desn\u00edvel.<br \/>\nAconselha-se aos participantes a levarem botas de montanha e imperme\u00e1vel, devendo levar tamb\u00e9m ser respons\u00e1veis pela pr\u00f3pria alimenta\u00e7\u00e3o.<br \/>\nTrilho maioritariamente florestal com passagem em locais de interesse cultural e paisag\u00edstico, esta pequena rota proporciona contato direto com as tradi\u00e7\u00f5es comunit\u00e1rias e peculiares praticadas na \u00e1rea do da Serra da Cabreira.<\/p>\n<p>Parte do percurso ser\u00e1 em estrad\u00e3o asfaltado.<\/p>\n<h3>Pontos de Interesse:<\/h3>\n<ul>\n<li>Aldeia de Moscoso<\/li>\n<li>Bosque da Ch\u00e3<\/li>\n<li>Casa Florestal da Ch\u00e3<\/li>\n<li>Aldeia de Carvalho<\/li>\n<li>Aldeia de Be\u00e7\u00f3s<\/li>\n<\/ul>\n<h3>\u00a0Inscri\u00e7\u00f5es:<\/h3>\n<ul>\n<li>Associados c\/ cotas de 2013: 2\u20ac;<\/li>\n<li>N\u00e3o associados: 3\u20ac;<\/li>\n<\/ul>\n<p style=\"padding-left: 30px;\">Contacto: <a href=\"mailto:montanhismo.vn@gmail.com\">montanhismo.vn@gmail.com<\/a> (Ant\u00f3nio Carvalho)<\/p>\n<h3>\u00a0Notas:<\/h3>\n<p style=\"padding-left: 30px;\">O pagamento pode ser efetuado no dia, mas <span style=\"color: #ff0000;\">a inscri\u00e7\u00e3o dever\u00e1 ser confirmada at\u00e9 5.\u00aa feira, dia 18, \u00e0s 21h<\/span>;<\/p>\n","protected":false},"excerpt":{"rendered":"<p>Na terceira etapa de edi\u00e7\u00e3o de 2013 das Caminhadas Para Todos visitaremos a Aldeia de Moscoso e a Serra da Cabreira para percorrer o trilho que liga as aldeias de Moscoso (Cabeceiras de Basto), Carvalho e Be\u00e7\u00f3s (Montalegre). Este trilho proporciona um contato direto com o esp\u00edrito e tradi\u00e7\u00f5es comunit\u00e1rias locais, em especial o pastoreio em montanha, com passagem por zonas de prado e de bosque.<\/p>\n","protected":false},"author":1,"featured_media":1686,"comment_status":"open","ping_status":"open","sticky":false,"template":"","format":"standard","meta":{"ngg_post_thumbnail":0,"footnotes":""},"categories":[11],"tags":[],"class_list":["post-1684","post","type-post","status-publish","format-standard","has-post-thumbnail","hentry","category-montanhismo"],"_links":{"self":[{"href":"https:\/\/www.ventonorte.com\/index.php?rest_route=\/wp\/v2\/posts\/1684","targetHints":{"allow":["GET"]}}],"collection":[{"href":"https:\/\/www.ventonorte.com\/index.php?rest_route=\/wp\/v2\/posts"}],"about":[{"href":"https:\/\/www.ventonorte.com\/index.php?rest_route=\/wp\/v2\/types\/post"}],"author":[{"embeddable":true,"href":"https:\/\/www.ventonorte.com\/index.php?rest_route=\/wp\/v2\/users\/1"}],"replies":[{"embeddable":true,"href":"https:\/\/www.ventonorte.com\/index.php?rest_route=%2Fwp%2Fv2%2Fcomments&post=1684"}],"version-history":[{"count":7,"href":"https:\/\/www.ventonorte.com\/index.php?rest_route=\/wp\/v2\/posts\/1684\/revisions"}],"predecessor-version":[{"id":1694,"href":"https:\/\/www.ventonorte.com\/index.php?rest_route=\/wp\/v2\/posts\/1684\/revisions\/1694"}],"wp:featuredmedia":[{"embeddable":true,"href":"https:\/\/www.ventonorte.com\/index.php?rest_route=\/wp\/v2\/media\/1686"}],"wp:attachment":[{"href":"https:\/\/www.ventonorte.com\/index.php?rest_route=%2Fwp%2Fv2%2Fmedia&parent=1684"}],"wp:term":[{"taxonomy":"category","embeddable":true,"href":"https:\/\/www.ventonorte.com\/index.php?rest_route=%2Fwp%2Fv2%2Fcategories&post=1684"},{"taxonomy":"post_tag","embeddable":true,"href":"https:\/\/www.ventonorte.com\/index.php?rest_route=%2Fwp%2Fv2%2Ftags&post=1684"}],"curies":[{"name":"wp","href":"https:\/\/api.w.org\/{rel}","templated":true}]}}