{"id":1743,"date":"2013-04-29T13:12:45","date_gmt":"2013-04-29T13:12:45","guid":{"rendered":"http:\/\/www.ventonorte.com\/?p=1743"},"modified":"2013-05-02T10:33:23","modified_gmt":"2013-05-02T10:33:23","slug":"horta-urbana-da-vento-norte-1a-plantacao","status":"publish","type":"post","link":"https:\/\/www.ventonorte.com\/?p=1743","title":{"rendered":"Horta Urbana da Vento Norte: 1\u00aa Planta\u00e7\u00e3o"},"content":{"rendered":"<h1 align=\"center\"><img loading=\"lazy\" decoding=\"async\" class=\"wp-image-1746 alignnone\" alt=\"P1100349\" src=\"http:\/\/www.ventonorte.com\/wp-content\/uploads\/P1100349.jpg\" width=\"550\" height=\"310\" srcset=\"https:\/\/www.ventonorte.com\/wp-content\/uploads\/P1100349.jpg 1365w, https:\/\/www.ventonorte.com\/wp-content\/uploads\/P1100349-150x84.jpg 150w, https:\/\/www.ventonorte.com\/wp-content\/uploads\/P1100349-300x168.jpg 300w, https:\/\/www.ventonorte.com\/wp-content\/uploads\/P1100349-1024x576.jpg 1024w, https:\/\/www.ventonorte.com\/wp-content\/uploads\/P1100349-500x281.jpg 500w\" sizes=\"auto, (max-width: 550px) 100vw, 550px\" \/><\/h1>\n<h1 align=\"center\">Primeira Planta\u00e7\u00e3o Vento Norte<\/h1>\n<h2 align=\"center\">Hortas Urbanas de Famalic\u00e3o<\/h2>\n<h2 align=\"center\">Talh\u00f5es N11 e M11<\/h2>\n<h3 align=\"center\">1 Maio &#8211; 16 horas<\/h3>\n<p>&nbsp;<\/p>\n<p>Ap\u00f3s uma forma\u00e7\u00e3o inicial te\u00f3rica em agricultura biol\u00f3gica, os formandos da Vento Norte est\u00e3o agora na fase de aplica\u00e7\u00e3o pr\u00e1tica de alguns destes conhecimentos.<\/p>\n<p>Em simult\u00e2neo foram atribu\u00eddas as hortas aos candidatos, tendo a Vento Norte ficado com dois talh\u00f5es de 25 m2, com a designa\u00e7\u00e3o de M11 e N11.<\/p>\n<p>Ap\u00f3s uma primeira experi\u00eancia, sentimos que est\u00e1 na altura de chamar todos os associados para conhecer o nosso novo espa\u00e7o e participar em conjunto na primeira planta\u00e7\u00e3o Vento Norte.<\/p>\n<p>Assim convidamos todos para aparecerem nas Hortas Urbanas de Famalic\u00e3o, no pr\u00f3ximo dia 1 de Maio, a partir das 16 horas, nos talh\u00f5es N11 e M11, e em conjunto colaborar na planta\u00e7\u00e3o dos primeiros legumes e frutos neste novo cantinho da Vento Norte.<\/p>\n<p>&nbsp;<\/p>\n<p>Aconselhamos a trazerem roupa pr\u00e1tica, n\u00e3o precisam de trazer ferramentas nem sementes ou plantas e podem trazer os amigos e familiares, incluindo as crian\u00e7as, para esta divertida atividade.<\/p>\n<p>&nbsp;<\/p>\n<p>Alguma d\u00favida estamos \u00e0 disposi\u00e7\u00e3o em <a href=\"mailto:geral@ventonorte.com\">geral@ventonorte.com<\/a><\/p>\n<p>&nbsp;<\/p>\n","protected":false},"excerpt":{"rendered":"<p>Primeira Planta\u00e7\u00e3o Vento Norte<br \/>\nHortas Urbanas de Famalic\u00e3o<br \/>\nTalh\u00f5es N11 e M11<br \/>\n1 Maio &#8211; 16 horas<br \/>\n&nbsp;<br \/>\nAp\u00f3s uma forma\u00e7\u00e3o inicial te\u00f3rica em agricultura biol\u00f3gica, os formandos da Vento Norte est\u00e3o agora na fase de aplica\u00e7\u00e3o pr\u00e1tica de alguns destes conhecimentos.<br \/>\nEm simult\u00e2neo foram atribu\u00eddas as hortas aos candidatos, tendo a Vento Norte ficado com dois talh\u00f5es de 25 m2, com a designa\u00e7\u00e3o de M11 e N11.<br \/>\nAp\u00f3s uma primeira experi\u00eancia, sentimos que est\u00e1 na altura de chamar todos os associados para conhecer o nosso novo espa\u00e7o e participar em conjunto na primeira planta\u00e7\u00e3o Vento Norte.<br \/>\nAssim &#8230;<\/p>\n","protected":false},"author":1,"featured_media":1748,"comment_status":"open","ping_status":"open","sticky":false,"template":"","format":"standard","meta":{"ngg_post_thumbnail":0,"footnotes":""},"categories":[10,12],"tags":[],"class_list":["post-1743","post","type-post","status-publish","format-standard","has-post-thumbnail","hentry","category-conservacao","category-geral"],"_links":{"self":[{"href":"https:\/\/www.ventonorte.com\/index.php?rest_route=\/wp\/v2\/posts\/1743","targetHints":{"allow":["GET"]}}],"collection":[{"href":"https:\/\/www.ventonorte.com\/index.php?rest_route=\/wp\/v2\/posts"}],"about":[{"href":"https:\/\/www.ventonorte.com\/index.php?rest_route=\/wp\/v2\/types\/post"}],"author":[{"embeddable":true,"href":"https:\/\/www.ventonorte.com\/index.php?rest_route=\/wp\/v2\/users\/1"}],"replies":[{"embeddable":true,"href":"https:\/\/www.ventonorte.com\/index.php?rest_route=%2Fwp%2Fv2%2Fcomments&post=1743"}],"version-history":[{"count":7,"href":"https:\/\/www.ventonorte.com\/index.php?rest_route=\/wp\/v2\/posts\/1743\/revisions"}],"predecessor-version":[{"id":1753,"href":"https:\/\/www.ventonorte.com\/index.php?rest_route=\/wp\/v2\/posts\/1743\/revisions\/1753"}],"wp:featuredmedia":[{"embeddable":true,"href":"https:\/\/www.ventonorte.com\/index.php?rest_route=\/wp\/v2\/media\/1748"}],"wp:attachment":[{"href":"https:\/\/www.ventonorte.com\/index.php?rest_route=%2Fwp%2Fv2%2Fmedia&parent=1743"}],"wp:term":[{"taxonomy":"category","embeddable":true,"href":"https:\/\/www.ventonorte.com\/index.php?rest_route=%2Fwp%2Fv2%2Fcategories&post=1743"},{"taxonomy":"post_tag","embeddable":true,"href":"https:\/\/www.ventonorte.com\/index.php?rest_route=%2Fwp%2Fv2%2Ftags&post=1743"}],"curies":[{"name":"wp","href":"https:\/\/api.w.org\/{rel}","templated":true}]}}