{"id":1754,"date":"2013-04-29T14:00:03","date_gmt":"2013-04-29T14:00:03","guid":{"rendered":"http:\/\/www.ventonorte.com\/?p=1754"},"modified":"2013-06-05T10:32:41","modified_gmt":"2013-06-05T10:32:41","slug":"reconquista-dos-picos-da-europa-8-1006213","status":"publish","type":"post","link":"https:\/\/www.ventonorte.com\/?p=1754","title":{"rendered":"&#8220;Reconquista dos Picos da Europa\u201d [8-10\/06\/2013]"},"content":{"rendered":"<p style=\"text-align: center;\"><img loading=\"lazy\" decoding=\"async\" class=\"aligncenter  wp-image-1755\" alt=\"refugio_de_aliva\" src=\"http:\/\/www.ventonorte.com\/wp-content\/uploads\/refugio_de_aliva.jpg\" width=\"560\" height=\"209\" srcset=\"https:\/\/www.ventonorte.com\/wp-content\/uploads\/refugio_de_aliva.jpg 800w, https:\/\/www.ventonorte.com\/wp-content\/uploads\/refugio_de_aliva-150x55.jpg 150w, https:\/\/www.ventonorte.com\/wp-content\/uploads\/refugio_de_aliva-300x111.jpg 300w, https:\/\/www.ventonorte.com\/wp-content\/uploads\/refugio_de_aliva-500x186.jpg 500w\" sizes=\"auto, (max-width: 560px) 100vw, 560px\" \/><\/p>\n<h1 style=\"text-align: center;\">Conquista do Pico de\u00a0 La Padierna, 2319m<\/h1>\n<h2 style=\"text-align: center;\">Picos da Europa<\/h2>\n<h3 style=\"text-align: center;\">8 a 10 junho 2013<\/h3>\n<p>&nbsp;<\/p>\n<h3>Programa<\/h3>\n<p><strong>Dia 08 de junho (s\u00e1bado)\u00a0\u00a0\u00a0\u00a0\u00a0\u00a0\u00a0\u00a0\u00a0\u00a0\u00a0\u00a0\u00a0\u00a0\u00a0\u00a0\u00a0\u00a0\u00a0\u00a0\u00a0\u00a0\u00a0\u00a0\u00a0\u00a0\u00a0\u00a0\u00a0\u00a0\u00a0\u00a0\u00a0\u00a0\u00a0\u00a0\u00a0\u00a0\u00a0\u00a0\u00a0\u00a0\u00a0\u00a0\u00a0\u00a0\u00a0\u00a0\u00a0\u00a0\u00a0\u00a0\u00a0\u00a0\u00a0\u00a0\u00a0\u00a0\u00a0\u00a0\u00a0\u00a0\u00a0\u00a0\u00a0\u00a0\u00a0\u00a0\u00a0\u00a0\u00a0\u00a0\u00a0\u00a0 \u00a0\u00a0\u00a0\u00a0\u00a0\u00a0\u00a0\u00a0\u00a0\u00a0\u00a0\u00a0\u00a0\u00a0\u00a0\u00a0\u00a0\u00a0\u00a0\u00a0\u00a0\u00a0\u00a0\u00a0\u00a0\u00a0\u00a0\u00a0\u00a0\u00a0\u00a0 \u00a0\u00a0\u00a0\u00a0\u00a0\u00a0\u00a0\u00a0\u00a0\u00a0\u00a0\u00a0\u00a0\u00a0\u00a0\u00a0\u00a0\u00a0\u00a0\u00a0\u00a0\u00a0\u00a0\u00a0 \u00a0\u00a0\u00a0\u00a0\u00a0\u00a0\u00a0\u00a0\u00a0\u00a0\u00a0\u00a0\u00a0\u00a0\u00a0 <\/strong><\/p>\n<p style=\"padding-left: 30px;\"><em><strong>hora PT<\/strong><\/em><\/p>\n<ul>\n<li>06h00\u00a0\u00a0\u00a0\u00a0\u00a0 Sa\u00edda de Famalic\u00e3o\/Braga<\/li>\n<\/ul>\n<p style=\"padding-left: 30px;\"><em><strong>hora ES<\/strong><\/em><\/p>\n<ul>\n<li>9h30\u00a0\u00a0\u00a0\u00a0\u00a0\u00a0\u00a0 Ponto de encontro 1 &#8211; <em>Esta\u00e7\u00e3o de Servi\u00e7o km 15 da A52 (Quintanilha de Uz, Quiruelas de Vidriales) &#8211; Bombas do lado esquerdo (sentido Poente\/Nascente) &#8211; coordenadas: 42.022694,-5.852945<\/em><\/li>\n<li>9h45\u00a0\u00a0\u00a0\u00a0\u00a0\u00a0\u00a0 Partida<\/li>\n<li>12h30\u00a0\u00a0\u00a0\u00a0\u00a0 Ponto de encontro 2 &#8211; Fuente\u00a0 D\u00e9 <em>&#8211; coordenadas: 43.144444,-4.812891<\/em><br \/>\n<em>Almo\u00e7o (levar sandes para n\u00e3o se perder muito tempo &#8211; mas h\u00e1 um bar no local)<\/em><\/li>\n<li>13h00\u00a0\u00a0\u00a0\u00a0\u00a0 Subida de 800m de desn\u00edvel no telef\u00e9rico de Fuente D\u00e9<br \/>\n<em>O Telef\u00e9rico de Fuente D\u00e9 \u00e9 um dos mais altos da Europa e a esta\u00e7\u00e3o superior tem uma vista impressionante sobre o\u00a0 vale do Rio Deva<\/em><\/li>\n<li>13h30\u00a0\u00a0\u00a0\u00a0\u00a0 In\u00edcio da ascens\u00e3o ao Pico de La Padierna, 2.319 m (Dificuldade m\u00e9dia\/baixa +\/- 4h ida do Telef\u00e9rico e volta ao Ref\u00fagio de \u00c1liva)<br \/>\n<em>O Pico de La Padierna (ou Padiorna) apesar de facilmente acess\u00edvel de ver\u00e3o, \u00e9 um miradouro privilegiado sobre a Vega de Liordes<\/em><br \/>\n<em>Opcionalmente quem n\u00e3o quiser fazer a caminhada pode ir diretamente para o ref\u00fagio, +\/- 1h00<\/em><\/li>\n<li>17h30\u00a0\u00a0\u00a0\u00a0\u00a0 Ref\u00fagio de \u00c1liva<br \/>\n<em>O Ref\u00fagio de \u00c1liva \u00e9 o \u00fanico ref\u00fagio dos picos que tem carater\u00edsticas de hotel. Apesar de muito acess\u00edvel e c\u00f3modo, serve de base a v\u00e1rios trilhos de alta montanha.<\/em><\/li>\n<li>20h00\u00a0\u00a0\u00a0\u00a0\u00a0 Jantar no ref\u00fagio<br \/>\n<em>Dormida no ref\u00fagio em quartos m\u00faltiplos com WC c\/ \u00e1gua quente<\/em><\/li>\n<\/ul>\n<p><strong>Dia 09 de Junho (domingo)<\/strong><\/p>\n<ul>\n<li>8h00\u00a0\u00a0\u00a0\u00a0\u00a0\u00a0\u00a0 Pequeno-almo\u00e7o no ref\u00fagio<\/li>\n<li>9h00\u00a0\u00a0\u00a0\u00a0\u00a0\u00a0\u00a0 Descida de 800m no Telef\u00e9rico e partida de autom\u00f3vel para Posada de Valde\u00f3n<\/li>\n<li>10h30\u00a0\u00a0\u00a0\u00a0\u00a0 In\u00edcio da ascens\u00e3o ao Pico Jario, 1913 m (Dificuldade m\u00e9dia\/baixa +\/- 5h ida e volta)<br \/>\n<em>O Pico Jario apesar da altitude modesta, pelo seu isolamento, constitui um miradouro priveligiado sobre os Maci\u00e7os Central e Ocidental dos Picos da Europa<\/em><\/li>\n<li>20h00\u00a0\u00a0\u00a0\u00a0\u00a0 Jantar em Posada de Valde\u00f3n<br \/>\n<em>Dormida em Albergue\u00a0 em camaratas c\/ WC c\/ \u00e1gua quente<\/em><\/li>\n<\/ul>\n<p><em><strong>Dia 10 de Junho (2.\u00aa feira)<\/strong><\/em><\/p>\n<ul>\n<li>08h30\u00a0\u00a0\u00a0\u00a0\u00a0 Pequeno-almo\u00e7o volante<\/li>\n<li>09h00\u00a0\u00a0\u00a0\u00a0\u00a0 In\u00edcio de caminhada na Ruta Del Cares em Ca\u00edn (3 km iniciais &#8211; muito f\u00e1cil\u00a0 &#8211; 2h ida e volta)<br \/>\n<em>Tamb\u00e9m denominado por Garganta Divina, o desfiladeiro do Cares impressiona pela dimens\u00e3o das montanhas que ladeiam este rio, mais de 1000m acima do mesmo<\/em><\/li>\n<li>11h00\u00a0\u00a0\u00a0\u00a0\u00a0 Regresso a Ca\u00edn<\/li>\n<li>11h30\u00a0\u00a0\u00a0\u00a0\u00a0 Partida para Portugal<\/li>\n<li>18h00\u00a0\u00a0\u00a0\u00a0\u00a0 Chegada<\/li>\n<\/ul>\n<p>&nbsp;<\/p>\n<h3>Inscri\u00e7\u00f5es e Log\u00edstica<\/h3>\n<p><span style=\"color: #ff0000;\"><strong>Data limite: 19 de Maio de 2013<\/strong><\/span><\/p>\n<p>Indicar nome, email, se possui transporte, lugares livres (por quest\u00f5es ambientais, de economia e log\u00edstica, tentaremos minimizar o n.\u00ba de autom\u00f3veis) e data, hora e montante do pagamento (atrav\u00e9s de transfer\u00eancia banc\u00e1ria).<\/p>\n<p style=\"padding-left: 30px;\">email: <a href=\"mailto:montanhismo.vn@gmail.com\">montanhismo.vn@gmail.com<\/a><\/p>\n<ul>\n<li>Geral: 95,00 \u20ac<\/li>\n<li>Descontos\n<ul>\n<li>Associados: -10,00 \u20ac<\/li>\n<li>Sem Seguro*:\u00a0 -5,00 \u20ac<\/li>\n<li>Crian\u00e7as at\u00e9 12 anos: -10,00 \u20ac<\/li>\n<\/ul>\n<\/li>\n<li>Suplementos\n<ul>\n<li>Ref\u00fagio de \u00c1liva em quarto duplo: + 15,00 \u20ac<\/li>\n<li>Ref\u00fagio de \u00c1liva em quarto triplo: + 10,00 \u20ac<\/li>\n<\/ul>\n<\/li>\n<\/ul>\n<p style=\"padding-left: 30px;\"><em>* Participantes que tenham seguro de acidentes pessoais que cubra montanhismo<\/em><\/p>\n<p>A inscri\u00e7\u00e3o s\u00f3 se considera efetiva ap\u00f3s o pagamento. No caso de cancelamento at\u00e9 01 de Junho ser\u00e1 devolvido 75% do valor.<\/p>\n<p><strong>Inclui:<\/strong> seguro+2 viagens no telef\u00e9rico+ref\u00fagio+albergue+jantares e pequeno-almo\u00e7o no ref\u00fagio (no albergue n\u00e3o h\u00e1 pequeno alomo\u00e7o, mas tem cozinha), enquadramento e cartas da zona<\/p>\n<p><strong>N\u00e3o inclui:<\/strong> Transporte, pequeno-almo\u00e7o no albergue, almo\u00e7os e lanches volantes.<\/p>\n<p>&nbsp;<\/p>\n<p><strong>Material Indispens\u00e1vel<\/strong><\/p>\n<ul>\n<li>Saco cama de ver\u00e3o (\u00e9 para dormir sempre em ref\u00fagio\/albergue)<\/li>\n<li>Botas de montanhismo ou sapatilhas de sola dura<\/li>\n<li>Casaco imperme\u00e1vel<\/li>\n<li>Roupa desportiva e confort\u00e1vel<\/li>\n<\/ul>\n<p><strong>Materia \u00fatil (para quem tiver)<\/strong><\/p>\n<ul>\n<li>Lanterna Frontal, cal\u00e7as imperme\u00e1veis, bast\u00f5es, polainas, c\u00e2mara digital, etc.<\/li>\n<\/ul>\n<p>Conv\u00e9m levar a comida para lanches e almo\u00e7os, de Portugal ou comprar em Esta\u00e7\u00e3o de Servi\u00e7o, para n\u00e3o atrasarmos na chegada.<\/p>\n<p>No ref\u00fagio existe \u00e1gua pot\u00e1vel<\/p>\n<p>&nbsp;<\/p>\n<h3>Dificuldade global da actividade<\/h3>\n<p>Esta atividade \u00e9 muito acess\u00edvel, n\u00e3o sendo necess\u00e1ria nenhuma experi\u00eancia pr\u00e9via. \u00c9 aconselh\u00e1vel estar habituado a andar a p\u00e9 (+\/- 4 h seguidas).<\/p>\n<p>As ascens\u00f5es, embora f\u00e1ceis, n\u00e3o s\u00e3o obrigat\u00f3rias.<\/p>\n<p>&nbsp;<\/p>\n<h3>Seguro (para n\u00e3o federados)<\/h3>\n<p>Modalidades: Seguro de acidentes pessoais com cobertura de pedestrianismo<\/p>\n<p>Para subscrever este seguro deve ser indicado o nome completo, o n.\u00ba do BI, NIF e a data de nascimento<\/p>\n<p>&nbsp;<\/p>\n<h3>Altera\u00e7\u00f5es ao programa<\/h3>\n<p>Nos Picos da Europa a chuva ou neve aparecem em cerca de 1\/3 dos dias, por isso \u00e9 poss\u00edvel que, perante condi\u00e7\u00f5es climat\u00e9ricas adversas, seja necess\u00e1rio alterar as atividades. A decis\u00e3o ser\u00e1 tomada no local.<\/p>\n<p>&nbsp;<\/p>\n<p>&nbsp;<\/p>\n","protected":false},"excerpt":{"rendered":"<p>Ap\u00f3s 2 anos de interregno, vamos regressar aos Picos da Europa.<\/p>\n<p>Este Parque Nacional representa os ecossistemas ligados ao bosque atl\u00e2ntico.<br \/>\nOs Picos da Europa s\u00e3o a maior forma\u00e7\u00e3o de pedra calc\u00e1ria  da Europa Atl\u00e2ntica, com os principais processos c\u00e1rsticos, com grutas que chegam a mais de 1.000 m de profundidade, eros\u00e3o glacial muito presente e exist\u00eancia de grandes lagos. Entre as suas fal\u00e9sias habitam os rebecos e nas  em florestas densas, os veados, os lobos e a  presen\u00e7a ocasional de urso pardo. O parque abriga mais de 100 esp\u00e9cies de aves, entre as quais a perdiz e, entre grandes predadores, os abutres e \u00e1guias douradas. Mas h\u00e1 muito mais do que paisagem, h\u00e1 s\u00e9culos de hist\u00f3ria escrita nas aldeias, nos vales, nas igrejas, nas cabanas, nas portelas e seus caminhos.<\/p>\n","protected":false},"author":1,"featured_media":1755,"comment_status":"open","ping_status":"open","sticky":false,"template":"","format":"standard","meta":{"ngg_post_thumbnail":0,"footnotes":""},"categories":[11],"tags":[],"class_list":["post-1754","post","type-post","status-publish","format-standard","has-post-thumbnail","hentry","category-montanhismo"],"_links":{"self":[{"href":"https:\/\/www.ventonorte.com\/index.php?rest_route=\/wp\/v2\/posts\/1754","targetHints":{"allow":["GET"]}}],"collection":[{"href":"https:\/\/www.ventonorte.com\/index.php?rest_route=\/wp\/v2\/posts"}],"about":[{"href":"https:\/\/www.ventonorte.com\/index.php?rest_route=\/wp\/v2\/types\/post"}],"author":[{"embeddable":true,"href":"https:\/\/www.ventonorte.com\/index.php?rest_route=\/wp\/v2\/users\/1"}],"replies":[{"embeddable":true,"href":"https:\/\/www.ventonorte.com\/index.php?rest_route=%2Fwp%2Fv2%2Fcomments&post=1754"}],"version-history":[{"count":13,"href":"https:\/\/www.ventonorte.com\/index.php?rest_route=\/wp\/v2\/posts\/1754\/revisions"}],"predecessor-version":[{"id":1820,"href":"https:\/\/www.ventonorte.com\/index.php?rest_route=\/wp\/v2\/posts\/1754\/revisions\/1820"}],"wp:featuredmedia":[{"embeddable":true,"href":"https:\/\/www.ventonorte.com\/index.php?rest_route=\/wp\/v2\/media\/1755"}],"wp:attachment":[{"href":"https:\/\/www.ventonorte.com\/index.php?rest_route=%2Fwp%2Fv2%2Fmedia&parent=1754"}],"wp:term":[{"taxonomy":"category","embeddable":true,"href":"https:\/\/www.ventonorte.com\/index.php?rest_route=%2Fwp%2Fv2%2Fcategories&post=1754"},{"taxonomy":"post_tag","embeddable":true,"href":"https:\/\/www.ventonorte.com\/index.php?rest_route=%2Fwp%2Fv2%2Ftags&post=1754"}],"curies":[{"name":"wp","href":"https:\/\/api.w.org\/{rel}","templated":true}]}}