{"id":1846,"date":"2013-06-24T10:00:19","date_gmt":"2013-06-24T10:00:19","guid":{"rendered":"http:\/\/www.ventonorte.com\/?p=1846"},"modified":"2014-09-11T15:49:53","modified_gmt":"2014-09-11T15:49:53","slug":"cronica-da-conquista-do-pico-del-teide","status":"publish","type":"post","link":"https:\/\/www.ventonorte.com\/?p=1846","title":{"rendered":"Cr\u00f3nica da conquista do Pico del Te\u00edde"},"content":{"rendered":"<p>&nbsp;<\/p>\n<p><a href=\"http:\/\/issuu.com\/editora_lobodomar\/docs\/passear26vg\/36\"><img loading=\"lazy\" decoding=\"async\" class=\" wp-image-1848 alignleft\" alt=\"PassearN.26\" src=\"http:\/\/www.ventonorte.com\/wp-content\/uploads\/PassearN.26-220x300.jpeg\" width=\"154\" height=\"210\" srcset=\"https:\/\/www.ventonorte.com\/wp-content\/uploads\/PassearN.26-220x300.jpeg 220w, https:\/\/www.ventonorte.com\/wp-content\/uploads\/PassearN.26-110x150.jpeg 110w, https:\/\/www.ventonorte.com\/wp-content\/uploads\/PassearN.26-367x500.jpeg 367w, https:\/\/www.ventonorte.com\/wp-content\/uploads\/PassearN.26.jpeg 405w\" sizes=\"auto, (max-width: 154px) 100vw, 154px\" \/><\/a><\/p>\n<p>A revista Passear publicou a cr\u00f3nica\u00a0 da Conquista do Pico del Te\u00edde na sua edi\u00e7\u00e3o n\u00ba26.<\/p>\n<p>A reportagem do nosso presidente Carlos Faria, com fotos do pr\u00f3prio e de Ana Berta, Pedro Cerqueira e Nat\u00e1lia Azevedo, pode ser lida na integra na edi\u00e7\u00e3o online da revista:<\/p>\n<p style=\"text-align: left;\"><a href=\"http:\/\/issuu.com\/editora_lobodomar\/docs\/passear26vg\/36\">Revista Passear, n\u00ba26<\/a><\/p>\n<p><a href=\"http:\/\/issuu.com\/editora_lobodomar\/docs\/passear26vg\/36\"><img loading=\"lazy\" decoding=\"async\" alt=\"CrronicaTeide\" src=\"http:\/\/www.ventonorte.com\/wp-content\/uploads\/CrronicaTeide.jpeg\" width=\"540\" height=\"370\" \/><\/a><\/p>\n","protected":false},"excerpt":{"rendered":"<p>A revista Passear publicou a cr\u00f3nica  da Conquista do Pico del Te\u00edde na sua edi\u00e7\u00e3o n\u00ba26.<\/p>\n","protected":false},"author":1,"featured_media":1847,"comment_status":"open","ping_status":"open","sticky":false,"template":"","format":"standard","meta":{"ngg_post_thumbnail":0,"footnotes":""},"categories":[12,11,22],"tags":[],"class_list":["post-1846","post","type-post","status-publish","format-standard","has-post-thumbnail","hentry","category-geral","category-montanhismo","category-percursos"],"_links":{"self":[{"href":"https:\/\/www.ventonorte.com\/index.php?rest_route=\/wp\/v2\/posts\/1846","targetHints":{"allow":["GET"]}}],"collection":[{"href":"https:\/\/www.ventonorte.com\/index.php?rest_route=\/wp\/v2\/posts"}],"about":[{"href":"https:\/\/www.ventonorte.com\/index.php?rest_route=\/wp\/v2\/types\/post"}],"author":[{"embeddable":true,"href":"https:\/\/www.ventonorte.com\/index.php?rest_route=\/wp\/v2\/users\/1"}],"replies":[{"embeddable":true,"href":"https:\/\/www.ventonorte.com\/index.php?rest_route=%2Fwp%2Fv2%2Fcomments&post=1846"}],"version-history":[{"count":12,"href":"https:\/\/www.ventonorte.com\/index.php?rest_route=\/wp\/v2\/posts\/1846\/revisions"}],"predecessor-version":[{"id":2349,"href":"https:\/\/www.ventonorte.com\/index.php?rest_route=\/wp\/v2\/posts\/1846\/revisions\/2349"}],"wp:featuredmedia":[{"embeddable":true,"href":"https:\/\/www.ventonorte.com\/index.php?rest_route=\/wp\/v2\/media\/1847"}],"wp:attachment":[{"href":"https:\/\/www.ventonorte.com\/index.php?rest_route=%2Fwp%2Fv2%2Fmedia&parent=1846"}],"wp:term":[{"taxonomy":"category","embeddable":true,"href":"https:\/\/www.ventonorte.com\/index.php?rest_route=%2Fwp%2Fv2%2Fcategories&post=1846"},{"taxonomy":"post_tag","embeddable":true,"href":"https:\/\/www.ventonorte.com\/index.php?rest_route=%2Fwp%2Fv2%2Ftags&post=1846"}],"curies":[{"name":"wp","href":"https:\/\/api.w.org\/{rel}","templated":true}]}}