{"id":1946,"date":"2013-11-25T18:39:32","date_gmt":"2013-11-25T18:39:32","guid":{"rendered":"http:\/\/www.ventonorte.com\/?p=1946"},"modified":"2013-12-16T18:23:18","modified_gmt":"2013-12-16T18:23:18","slug":"as-libelulas-de-portugal-apresentacao-oficial-do-livro-em-famalicao","status":"publish","type":"post","link":"https:\/\/www.ventonorte.com\/?p=1946","title":{"rendered":"&#8220;As Lib\u00e9lulas de Portugal&#8221; &#8211; Apresenta\u00e7\u00e3o Oficial do Livro em Famalic\u00e3o"},"content":{"rendered":"<h2><img loading=\"lazy\" decoding=\"async\" class=\"size-medium wp-image-1947 alignleft\" alt=\"As Lib\u00e9lulas de Portugal- Poster_1\" src=\"http:\/\/www.ventonorte.com\/wp-content\/uploads\/As-Lib\u00e9lulas-de-Portugal-Poster_1-227x300.jpg\" width=\"227\" height=\"300\" srcset=\"https:\/\/www.ventonorte.com\/wp-content\/uploads\/As-Lib\u00e9lulas-de-Portugal-Poster_1-227x300.jpg 227w, https:\/\/www.ventonorte.com\/wp-content\/uploads\/As-Lib\u00e9lulas-de-Portugal-Poster_1-113x150.jpg 113w, https:\/\/www.ventonorte.com\/wp-content\/uploads\/As-Lib\u00e9lulas-de-Portugal-Poster_1-776x1024.jpg 776w, https:\/\/www.ventonorte.com\/wp-content\/uploads\/As-Lib\u00e9lulas-de-Portugal-Poster_1-378x500.jpg 378w\" sizes=\"auto, (max-width: 227px) 100vw, 227px\" \/><\/h2>\n<h2>Convite<\/h2>\n<h1>As Lib\u00e9lulas de Portugal<\/h1>\n<h2>Apresenta\u00e7\u00e3o Oficial do Livro<\/h2>\n<p>&nbsp;<\/p>\n<h3>Casa do Territ\u00f3rio<\/h3>\n<h3>29 Novembro<\/h3>\n<h3>21:30<\/h3>\n<p>&nbsp;<\/p>\n<p>&nbsp;<\/p>\n<p>A Vento Norte convida todos os associados e simpatizantes a estarem presentes na apresenta\u00e7\u00e3o do livro <strong>As Lib\u00e9lulas de Portugal<\/strong>, de Ernestino Maravalhas e Albano Soares, a ter lugar na Casa do Territ\u00f3rio, Parque da Devesa, Vila Nova de Famalic\u00e3o no dia 29 de novembro de 2013 (pr\u00f3xima sexta-feira) \u00e0s 21:30.<\/p>\n<p><strong>As Lib\u00e9lulas de Portugal<\/strong> \u00e9 o primeiro livro sobre as lib\u00e9lulas do pa\u00eds e foi projetado com o intuito de servir os Naturalistas que se deslocam ao campo para observar estes insetos e os especialistas da Conserva\u00e7\u00e3o que trabalham com os Odonata.<\/p>\n<p>Sendo um guia totalmente fotogr\u00e1fico, poderemos ao longo das 336 p\u00e1ginas encontrar mais de 600 fotografias, bem como mapas das 65 esp\u00e9cies conhecidas de Portugal. Para cada uma delas existe um texto, um mapa e fotografias de animais vivos em poses naturais. As in\u00fameras microfotografias de detalhes ajudam a identificar os animais e contribuem para o conhecimento e conserva\u00e7\u00e3o da biodiversidade em Portugal. Foi utilizada uma inovadora t\u00e9cnica de empilhamento digital de fotografias (stacking) de forma a obter uma maior fidelidade e a qual permite exibir uma profundidade de campo ilimitada.<\/p>\n<p>Ernestino Maravalhas, entomologista e especialista em lib\u00e9lulas de Portugal, foi durante v\u00e1rios anos presidente da Vento Norte, tem livros e artigos publicados em revistas nacionais e estrangeiras interessando-se sobretudo por Lepid\u00f3pteros (borboleta) e Odonata (Lib\u00e9lulas) de Portugal tendo em 1982 iniciado o estudo dos Odonata de Portugal com Serafim Aguiar e Carlos Aguiar e \u00e9 Co-fundador do TAGIS \u2013 Centro de Conserva\u00e7\u00e3o das Borboletas de Portugal.<\/p>\n<p>Albano Soares, entomologista, especialista em lib\u00e9lulas de Portugal e fot\u00f3grafo de Natureza, desde jovem que se interessa pela biodiversidade que observa e fotografa, desde 2003 que se dedica \u00e0 fotografia de Natureza e \u00e0 investiga\u00e7\u00e3o de insetos de Portugal, com especial interesse por Odonata de Portugal e por outros grupos faun\u00edsticos, incluindo insetos dulceaqu\u00edcolas e anf\u00edbios com v\u00e1rios artigos publicados em revistas nacionais e estrangeiras. Tem participado em projetos de investiga\u00e7\u00e3o como o Higro, no \u00e2mbito do TAGIS e de outras entidades (Quercus, etc.).<\/p>\n<p>&nbsp;<\/p>\n<p>Durante a apresenta\u00e7\u00e3o os convidados poder\u00e3o tamb\u00e9m consultar o livro e debater com os autores qualquer quest\u00e3o acerca das Lib\u00e9lulas de Portugal, quer relacionada com a concep\u00e7\u00e3o quer como conte\u00fado. Haver\u00e1 tamb\u00e9m um posto de venda do livro, bem como do livro As Borboletas de Portugal, que poder\u00e3o ser adquiridos ao pre\u00e7o de editor e antes de ser colocado \u00e0 venda nas livrarias.<\/p>\n<p>&nbsp;<\/p>\n<p>Alguma informa\u00e7\u00e3o necess\u00e1ria enviar mail para <a href=\"mailto:geral@ventonorte.com\">geral@ventonorte.com<\/a> ou ligar para 964871922 (Carlos Faria).<\/p>\n<p>&nbsp;<\/p>\n","protected":false},"excerpt":{"rendered":"<p>Convite<br \/>\nAs Lib\u00e9lulas de Portugal<br \/>\nApresenta\u00e7\u00e3o Oficial do Livro<br \/>\n&nbsp;<br \/>\nCasa do Territ\u00f3rio<br \/>\n29 Novembro<br \/>\n21:30<br \/>\n&nbsp;<br \/>\n&nbsp;<br \/>\nA Vento Norte convida todos os associados e simpatizantes a estarem presentes na apresenta\u00e7\u00e3o do livro As Lib\u00e9lulas de Portugal, de Ernestino Maravalhas e Albano Soares, a ter lugar na Casa do Territ\u00f3rio, Parque da Devesa, Vila Nova de Famalic\u00e3o no dia 29 de novembro de 2013 (pr\u00f3xima sexta-feira) \u00e0s 21:30.<br \/>\nAs Lib\u00e9lulas de Portugal \u00e9 o primeiro livro sobre as lib\u00e9lulas do pa\u00eds e foi projetado com o intuito de servir os Naturalistas que se deslocam ao campo para observar estes &#8230;<\/p>\n","protected":false},"author":1,"featured_media":1947,"comment_status":"open","ping_status":"open","sticky":false,"template":"","format":"standard","meta":{"ngg_post_thumbnail":0,"footnotes":""},"categories":[12],"tags":[],"class_list":["post-1946","post","type-post","status-publish","format-standard","has-post-thumbnail","hentry","category-geral"],"_links":{"self":[{"href":"https:\/\/www.ventonorte.com\/index.php?rest_route=\/wp\/v2\/posts\/1946","targetHints":{"allow":["GET"]}}],"collection":[{"href":"https:\/\/www.ventonorte.com\/index.php?rest_route=\/wp\/v2\/posts"}],"about":[{"href":"https:\/\/www.ventonorte.com\/index.php?rest_route=\/wp\/v2\/types\/post"}],"author":[{"embeddable":true,"href":"https:\/\/www.ventonorte.com\/index.php?rest_route=\/wp\/v2\/users\/1"}],"replies":[{"embeddable":true,"href":"https:\/\/www.ventonorte.com\/index.php?rest_route=%2Fwp%2Fv2%2Fcomments&post=1946"}],"version-history":[{"count":3,"href":"https:\/\/www.ventonorte.com\/index.php?rest_route=\/wp\/v2\/posts\/1946\/revisions"}],"predecessor-version":[{"id":1950,"href":"https:\/\/www.ventonorte.com\/index.php?rest_route=\/wp\/v2\/posts\/1946\/revisions\/1950"}],"wp:featuredmedia":[{"embeddable":true,"href":"https:\/\/www.ventonorte.com\/index.php?rest_route=\/wp\/v2\/media\/1947"}],"wp:attachment":[{"href":"https:\/\/www.ventonorte.com\/index.php?rest_route=%2Fwp%2Fv2%2Fmedia&parent=1946"}],"wp:term":[{"taxonomy":"category","embeddable":true,"href":"https:\/\/www.ventonorte.com\/index.php?rest_route=%2Fwp%2Fv2%2Fcategories&post=1946"},{"taxonomy":"post_tag","embeddable":true,"href":"https:\/\/www.ventonorte.com\/index.php?rest_route=%2Fwp%2Fv2%2Ftags&post=1946"}],"curies":[{"name":"wp","href":"https:\/\/api.w.org\/{rel}","templated":true}]}}