{"id":1977,"date":"2014-03-03T10:13:25","date_gmt":"2014-03-03T10:13:25","guid":{"rendered":"http:\/\/www.ventonorte.com\/?p=1977"},"modified":"2014-03-19T10:20:25","modified_gmt":"2014-03-19T10:20:25","slug":"caminhada-para-todos-amares-08032014","status":"publish","type":"post","link":"https:\/\/www.ventonorte.com\/?p=1977","title":{"rendered":"&#8220;Caminhada para Todos&#8221;: Amares [08\/03\/2014]"},"content":{"rendered":"<p style=\"text-align: center;\"><img loading=\"lazy\" decoding=\"async\" class=\" wp-image-1978  aligncenter\" alt=\"Monte de S\u00e3o Pedro Fins - Amares\" src=\"http:\/\/www.ventonorte.com\/wp-content\/uploads\/IMG_2431-1024x682.jpg\" width=\"580\" height=\"386\" srcset=\"https:\/\/www.ventonorte.com\/wp-content\/uploads\/IMG_2431-1024x682.jpg 1024w, https:\/\/www.ventonorte.com\/wp-content\/uploads\/IMG_2431-150x100.jpg 150w, https:\/\/www.ventonorte.com\/wp-content\/uploads\/IMG_2431-300x200.jpg 300w, https:\/\/www.ventonorte.com\/wp-content\/uploads\/IMG_2431-500x333.jpg 500w\" sizes=\"auto, (max-width: 580px) 100vw, 580px\" \/><\/p>\n<h1 style=\"text-align: center;\">&#8220;Caminhada para Todos&#8221;<\/h1>\n<h2 style=\"text-align: center;\">Monte de S\u00e3o Pedro Fins &#8211; Amares<\/h2>\n<h3 style=\"text-align: center;\">08\/03\/2014<\/h3>\n<p>&nbsp;<\/p>\n<p>O Monte de S\u00e3o Pedro Fins, permite uma fant\u00e1stica vista panor\u00e2mica sobre os vales dos rios c\u00e1vado e homem, sobre a vila de Amares e sobre Caldelas.<\/p>\n<p>No ponto mais alto deste monte situa-se a Ermida de S\u00e3o Pedro. O local \u00e9 muito procurado para a pr\u00e1tica de Parapente.<\/p>\n<p>Trata-se de um percurso de pequena rota, circular, por caminhos rurais e caminhos de p\u00e9 posto.<\/p>\n<ul>\n<li>Extens\u00e3o: 12 km<\/li>\n<li>Dura\u00e7\u00e3o aproximada: 3 horas<\/li>\n<li>Grau de dificuldade: f\u00e1cil\/moderado<\/li>\n<li>Localiza\u00e7\u00e3o: Amares<\/li>\n<li>Ponto de partida\/chegada: capela da Senhora do Pilar, Carrazedo<br \/>\n(coordenadas: 41\u00ba38&#8217;31.27&#8221; N, 8\u00ba23&#8217;08.71&#8221; O)<\/li>\n<li>Altura m\u00ednima: 161 m<\/li>\n<li>Altura m\u00e1xima: 571 m<\/li>\n<\/ul>\n<p>&nbsp;<\/p>\n<h3>Pontos de visita<\/h3>\n<p>Capela da Senhora do Pilar, Ermida de S\u00e3o Pedro, vistas sobre Caldelas, Amares e sobre os vales dos rios C\u00e1vado e Homem.<\/p>\n<p>&nbsp;<\/p>\n<h3>Programa<\/h3>\n<ul>\n<li>\u00a09h30 &#8211; Ponto de encontro\/in\u00edcio da caminhada: capela da Senhora do Pilar, Carrazedo, Amares<br \/>\n(Coordenadas: 41\u00ba38&#8217;31.27&#8221; N, 8\u00ba23&#8217;08.71&#8221; O).<\/li>\n<li>13h00 &#8211; Fim do percurso (capela Senhora do Pilar).<\/li>\n<\/ul>\n<p>&nbsp;<\/p>\n<h3>Como chegar:<\/h3>\n<p>A partir de Braga, seguir em dire\u00e7\u00e3o a Vila Verde\/Amares; tomar a dire\u00e7\u00e3o de Amares. Uns 4 km antes da vila de Amares, tomar a dire\u00e7\u00e3o de Terras de Bouro. Uns 3 km \u00e0 frente, virar \u00e0 esquerda junto ao restaurante &#8220;Espalha Brisas&#8221;; subir at\u00e9 encontrar a capela da Senhora do Pilar (1 km).<\/p>\n<p>&nbsp;<\/p>\n<h3>Seguro:<\/h3>\n<p>\u00c9 obrigat\u00f3rio possuir seguro para participar nesta actividade, sendo associado ou n\u00e3o. Os interessados t\u00eam, caso n\u00e3o possuam seguro, de subscrever o seguro anual da Vento Norte (v\u00e1lido para todas as actividades do ano).<\/p>\n<p>&nbsp;<\/p>\n<h3>Inscri\u00e7\u00f5es:<\/h3>\n<p>Inscri\u00e7\u00f5es obrigat\u00f3rias e gratuitas.<\/p>\n<p>Todas as inscri\u00e7\u00f5es e d\u00favidas devem ser enviadas para o mail montanhismo.vn@gmail.com.<\/p>\n<p>&nbsp;<\/p>\n<h3>Nota Meteorol\u00f3gica:<\/h3>\n<p>Caso as condi\u00e7\u00f5es meteorol\u00f3gicas estejam muito adversas ou seja emitido algum alerta da protec\u00e7\u00e3o civil que contra-indique a pr\u00e1tica desportiva, a actividade ser\u00e1 adiada.<\/p>\n<p>&nbsp;<\/p>\n<p>&nbsp;<\/p>\n","protected":false},"excerpt":{"rendered":"<p>&#8220;Caminhada para Todos&#8221;<br \/>\nMonte de S\u00e3o Pedro Fins &#8211; Amares<br \/>\n08\/03\/2014<br \/>\n&nbsp;<br \/>\nO Monte de S\u00e3o Pedro Fins, permite uma fant\u00e1stica vista panor\u00e2mica sobre os vales dos rios c\u00e1vado e homem, sobre a vila de Amares e sobre Caldelas.<br \/>\nNo ponto mais alto deste monte situa-se a Ermida de S\u00e3o Pedro. O local \u00e9 muito procurado para a pr\u00e1tica de Parapente.<br \/>\nTrata-se de um percurso de pequena rota, circular, por caminhos rurais e caminhos de p\u00e9 posto.<\/p>\n<p>Extens\u00e3o: 12 km<br \/>\nDura\u00e7\u00e3o aproximada: 3 horas<br \/>\nGrau de dificuldade: f\u00e1cil\/moderado<br \/>\nLocaliza\u00e7\u00e3o: Amares<br \/>\nPonto de partida\/chegada: capela da Senhora do Pilar, Carrazedo<br \/>\n(coordenadas: 41\u00ba38&#8217;31.27&#8221; N, &#8230;<\/p>\n","protected":false},"author":1,"featured_media":1978,"comment_status":"open","ping_status":"open","sticky":false,"template":"","format":"standard","meta":{"ngg_post_thumbnail":0,"footnotes":""},"categories":[11],"tags":[],"class_list":["post-1977","post","type-post","status-publish","format-standard","has-post-thumbnail","hentry","category-montanhismo"],"_links":{"self":[{"href":"https:\/\/www.ventonorte.com\/index.php?rest_route=\/wp\/v2\/posts\/1977","targetHints":{"allow":["GET"]}}],"collection":[{"href":"https:\/\/www.ventonorte.com\/index.php?rest_route=\/wp\/v2\/posts"}],"about":[{"href":"https:\/\/www.ventonorte.com\/index.php?rest_route=\/wp\/v2\/types\/post"}],"author":[{"embeddable":true,"href":"https:\/\/www.ventonorte.com\/index.php?rest_route=\/wp\/v2\/users\/1"}],"replies":[{"embeddable":true,"href":"https:\/\/www.ventonorte.com\/index.php?rest_route=%2Fwp%2Fv2%2Fcomments&post=1977"}],"version-history":[{"count":3,"href":"https:\/\/www.ventonorte.com\/index.php?rest_route=\/wp\/v2\/posts\/1977\/revisions"}],"predecessor-version":[{"id":1981,"href":"https:\/\/www.ventonorte.com\/index.php?rest_route=\/wp\/v2\/posts\/1977\/revisions\/1981"}],"wp:featuredmedia":[{"embeddable":true,"href":"https:\/\/www.ventonorte.com\/index.php?rest_route=\/wp\/v2\/media\/1978"}],"wp:attachment":[{"href":"https:\/\/www.ventonorte.com\/index.php?rest_route=%2Fwp%2Fv2%2Fmedia&parent=1977"}],"wp:term":[{"taxonomy":"category","embeddable":true,"href":"https:\/\/www.ventonorte.com\/index.php?rest_route=%2Fwp%2Fv2%2Fcategories&post=1977"},{"taxonomy":"post_tag","embeddable":true,"href":"https:\/\/www.ventonorte.com\/index.php?rest_route=%2Fwp%2Fv2%2Ftags&post=1977"}],"curies":[{"name":"wp","href":"https:\/\/api.w.org\/{rel}","templated":true}]}}