{"id":2185,"date":"2014-03-19T10:20:15","date_gmt":"2014-03-19T10:20:15","guid":{"rendered":"http:\/\/www.ventonorte.com\/?p=2185"},"modified":"2014-03-27T10:00:27","modified_gmt":"2014-03-27T10:00:27","slug":"uma-manha-nas-hortas","status":"publish","type":"post","link":"https:\/\/www.ventonorte.com\/?p=2185","title":{"rendered":"Uma Manh\u00e3 nas Hortas"},"content":{"rendered":"<p><img loading=\"lazy\" decoding=\"async\" class=\"size-medium wp-image-1748 alignleft\" alt=\"VN-Hortas\" src=\"http:\/\/www.ventonorte.com\/wp-content\/uploads\/VN-Hortas-285x300.jpg\" width=\"285\" height=\"300\" srcset=\"https:\/\/www.ventonorte.com\/wp-content\/uploads\/VN-Hortas-285x300.jpg 285w, https:\/\/www.ventonorte.com\/wp-content\/uploads\/VN-Hortas-142x150.jpg 142w, https:\/\/www.ventonorte.com\/wp-content\/uploads\/VN-Hortas-975x1024.jpg 975w, https:\/\/www.ventonorte.com\/wp-content\/uploads\/VN-Hortas-476x500.jpg 476w, https:\/\/www.ventonorte.com\/wp-content\/uploads\/VN-Hortas.jpg 1257w\" sizes=\"auto, (max-width: 285px) 100vw, 285px\" \/><\/p>\n<h1>Uma Manh\u00e3 nas Hortas<\/h1>\n<h3>S\u00e1bado, 22\/3\/2014<\/h3>\n<p>Chegou o bom tempo e com ele veio tamb\u00e9m a vontade de meter as m\u00e3os na horta! Depois de um chuvoso inverno vamos retirar o que resta da planta\u00e7\u00e3o invernal, preparar a terra e come\u00e7ar a semear e plantar para um novo ciclo de culturas hort\u00edcolas.<\/p>\n<p>Se acha que n\u00e3o percebe nada do assunto, n\u00f3s ensinamos. Se \u00e9 um especialista venha partilhar os seus truques. E traga a fam\u00edlia e os mi\u00fados. As Hortas s\u00e3o para Todos!<\/p>\n<p>&nbsp;<\/p>\n<h3>Data:<\/h3>\n<ul>\n<li>S\u00e1bado, 22\/3\/2014<\/li>\n<li>Hora Inicio:10:00<\/li>\n<li>Hora Final: 12:30<\/li>\n<\/ul>\n<h3>Local:<\/h3>\n<p>Hortas Urbanas Vila Nova de Famalic\u00e3o \u2013 Parque da Devesa<\/p>\n<h3>\u00a0Programa:<\/h3>\n<ul>\n<li>10:00 Reconhecimento da localiza\u00e7\u00e3o da horta e \u00e1rvores de fruto da Vento Norte<\/li>\n<li>10:15 Visita \u00e0 casa de apoio de ferramentas da Vento Norte<\/li>\n<li>10:20 Esclarecimento das regras de utiliza\u00e7\u00e3o da Horta da Vento Norte<\/li>\n<li>10:30 M\u00e3os \u00e0 Obra!! \u2013 Prepara\u00e7\u00e3o da terra para planta\u00e7\u00e3o e sementeira<\/li>\n<li>12:00 Planta\u00e7\u00e3o de \u00e1rvore comemorativa do 18.\u00ba anivers\u00e1rio da Vento Norte<\/li>\n<li>12:30 Piquenique na Devesa!<\/li>\n<\/ul>\n<p>No in\u00edcio da tarde inicia-se a Exposi\u00e7\u00e3o de Cam\u00e9lias de Vila Nova de Famalic\u00e3o na Casa do Territ\u00f3rio, podendo os interessados continuar o programa pela Devesa durante a tarde.<\/p>\n<h3>D\u00favidas e Informa\u00e7\u00f5es:<\/h3>\n<p><a href=\"mailto:geral@ventonorte.com\">geral@ventonorte.com<\/a><\/p>\n<p>&nbsp;<\/p>\n","protected":false},"excerpt":{"rendered":"<p>S\u00e1bado, 22\/3\/2014<br \/>\nChegou o bom tempo e com ele veio tamb\u00e9m a vontade de meter as m\u00e3os na horta! Depois de um chuvoso inverno vamos retirar o que resta da planta\u00e7\u00e3o invernal, preparar a terra e come\u00e7ar a semear e plantar para um novo ciclo de culturas hort\u00edcolas.<\/p>\n<p>Se acha que n\u00e3o percebe nada do assunto, n\u00f3s ensinamos. Se \u00e9 um especialista venha partilhar os seus truques. E traga a fam\u00edlia e os mi\u00fados. As Hortas s\u00e3o para Todos!<\/p>\n","protected":false},"author":1,"featured_media":1748,"comment_status":"open","ping_status":"open","sticky":false,"template":"","format":"standard","meta":{"ngg_post_thumbnail":0,"footnotes":""},"categories":[4,12],"tags":[],"class_list":["post-2185","post","type-post","status-publish","format-standard","has-post-thumbnail","hentry","category-educambiental","category-geral"],"_links":{"self":[{"href":"https:\/\/www.ventonorte.com\/index.php?rest_route=\/wp\/v2\/posts\/2185","targetHints":{"allow":["GET"]}}],"collection":[{"href":"https:\/\/www.ventonorte.com\/index.php?rest_route=\/wp\/v2\/posts"}],"about":[{"href":"https:\/\/www.ventonorte.com\/index.php?rest_route=\/wp\/v2\/types\/post"}],"author":[{"embeddable":true,"href":"https:\/\/www.ventonorte.com\/index.php?rest_route=\/wp\/v2\/users\/1"}],"replies":[{"embeddable":true,"href":"https:\/\/www.ventonorte.com\/index.php?rest_route=%2Fwp%2Fv2%2Fcomments&post=2185"}],"version-history":[{"count":5,"href":"https:\/\/www.ventonorte.com\/index.php?rest_route=\/wp\/v2\/posts\/2185\/revisions"}],"predecessor-version":[{"id":2190,"href":"https:\/\/www.ventonorte.com\/index.php?rest_route=\/wp\/v2\/posts\/2185\/revisions\/2190"}],"wp:featuredmedia":[{"embeddable":true,"href":"https:\/\/www.ventonorte.com\/index.php?rest_route=\/wp\/v2\/media\/1748"}],"wp:attachment":[{"href":"https:\/\/www.ventonorte.com\/index.php?rest_route=%2Fwp%2Fv2%2Fmedia&parent=2185"}],"wp:term":[{"taxonomy":"category","embeddable":true,"href":"https:\/\/www.ventonorte.com\/index.php?rest_route=%2Fwp%2Fv2%2Fcategories&post=2185"},{"taxonomy":"post_tag","embeddable":true,"href":"https:\/\/www.ventonorte.com\/index.php?rest_route=%2Fwp%2Fv2%2Ftags&post=2185"}],"curies":[{"name":"wp","href":"https:\/\/api.w.org\/{rel}","templated":true}]}}