{"id":2238,"date":"2014-04-23T17:18:02","date_gmt":"2014-04-23T17:18:02","guid":{"rendered":"http:\/\/www.ventonorte.com\/?p=2238"},"modified":"2014-05-20T11:22:14","modified_gmt":"2014-05-20T11:22:14","slug":"passaporte-dos-p-n-sudoeste-alentejano-e-costa-vicentina","status":"publish","type":"post","link":"https:\/\/www.ventonorte.com\/?p=2238","title":{"rendered":"Passaporte dos P. N. &#8211; Sudoeste Alentejano e Costa Vicentina [1 a 4\/05\/2014]"},"content":{"rendered":"<p><img loading=\"lazy\" decoding=\"async\" class=\"aligncenter size-full wp-image-2239\" src=\"http:\/\/www.ventonorte.com\/wp-content\/uploads\/RotaVicentina.jpg\" alt=\"RotaVicentina\" width=\"567\" height=\"241\" srcset=\"https:\/\/www.ventonorte.com\/wp-content\/uploads\/RotaVicentina.jpg 567w, https:\/\/www.ventonorte.com\/wp-content\/uploads\/RotaVicentina-150x63.jpg 150w, https:\/\/www.ventonorte.com\/wp-content\/uploads\/RotaVicentina-300x127.jpg 300w\" sizes=\"auto, (max-width: 567px) 100vw, 567px\" \/><\/p>\n<h1 style=\"text-align: center;\">Passaporte dos Parques Naturais<\/h1>\n<h2 style=\"text-align: center;\">\u201cPelos caminhos do Parque Natural Sudoeste Alentejano e Costa Vicentina\u201d<\/h2>\n<h3 style=\"text-align: center;\">1 a 4 maio 2014<\/h3>\n<p>&nbsp;<\/p>\n<p>A Rota Vicentina \u00e9 uma grande rota pedestre no Sw de Portugal. Formada pelo Caminho Hist\u00f3rico e pelo Trilho dos Pescadores, totaliza 350 km para andar a p\u00e9,\u00a0 entre a cidade de Santiago do Cac\u00e9m e o Cabo de S. Vicente, o ponto mais a sudoeste da Europa.<br \/>\nInserida no \u00e2mbito da iniciativa Passaportes dos Parques Naturais, que visa celebrar a D\u00e9cada da Biodiversidade esta atividade est\u00e1 programada para se realizar em quatro etapas, entre os dias 1 e 4 de Maio de 2014.<\/p>\n<p>Nesta atividade, a Vento Norte prop\u00f5e-se a percorrer 75 km entre Porto Covo e Odeceixe num percurso sempre junto ao mar, seguindo os caminhos usados pelos locais para acesso \u00e0s praias e pesqueiros. Trata-se de um caminho recorr\u00edvel apenas a p\u00e9, ao longo das fal\u00e9sias e exigente do ponto de vista f\u00edsico. Um desafio ao contacto permanente com o vento do mar, \u00e0 rudeza da paisagem costeira e \u00e0 presen\u00e7a de uma natureza selvagem e persistente.<\/p>\n<p>&nbsp;<\/p>\n<h3>Programa:<\/h3>\n<p><strong>1 Maio:<\/strong><\/p>\n<ul>\n<li>05:30 Sa\u00edda Famalic\u00e3o<\/li>\n<li>11:00 Chegada a Porto Covo e in\u00edcio da atividade.<\/li>\n<li>1\u00aa Etapa: Porto Covo \u2013 Vila Nova de Milfontes (20km &#8211; aproximadamente 7h \u2013 Grau de dificuldade: dif\u00edcil)<\/li>\n<li>Pernoita em parque de campismo (alojamento do tipo bungalow)<\/li>\n<\/ul>\n<p><strong>2 Maio:<\/strong><\/p>\n<ul>\n<li>2\u00aa Etapa: Vila Nova de Mil Fontes \u2013 Almograve (15 km &#8211; aproximadamente 5h &#8211; Grau de dificuldade: Algo dif\u00edcil)<\/li>\n<li>Pernoita em Pousada da Juventude.<\/li>\n<\/ul>\n<p><strong>3 Maio:<\/strong><\/p>\n<ul>\n<li>3\u00aa Etapa: Almograve \u2013 Zambujeira do Mar (22 km- aproximadamente 7h \u2013 Grau de dificuldade: Algo dif\u00edcil)<\/li>\n<li>Pernoita em pens\u00e3o em regime de alojamento e pequeno-almo\u00e7o.<\/li>\n<\/ul>\n<p><strong>4 Maio:<\/strong><\/p>\n<ul>\n<li>4\u00aa Etapa: Zambujeira do Mar \u2013 Odeceixe (18 km &#8211; aproximadamente 7h \u2013 Grau de dificuldade: Algo dif\u00edcil)<\/li>\n<li>Sa\u00edda Odeceixe \u2013 Porto Covo: 16:00<\/li>\n<li>Sa\u00edda Porto Covo \u2013 Famalic\u00e3o: 17:30<\/li>\n<li>Chegada Famalic\u00e3o: 23:00<\/li>\n<\/ul>\n<p>&nbsp;<\/p>\n<h3>Inscri\u00e7\u00f5es:<\/h3>\n<p>Atividade limitada a 15 inscri\u00e7\u00f5es, sendo a data limite o dia 27 de Abril;<\/p>\n<ul>\n<li>Custo para s\u00f3cios: 75 \u20ac<\/li>\n<li>Custo para n\u00e3o s\u00f3cios: 90\u20ac<\/li>\n<\/ul>\n<p>Os custos de inscri\u00e7\u00e3o englobam:<\/p>\n<ul>\n<li>Alojamento e pequenos-almo\u00e7os no dia 3 e 4 de Maio;<\/li>\n<li>Seguro;<\/li>\n<li>Transporte de t\u00e1xi entre Odeceixe e Porto-Covo.<\/li>\n<\/ul>\n<p>Os custos de alimenta\u00e7\u00e3o e alguma desloca\u00e7\u00e3o n\u00e3o descrita n\u00e3o est\u00e3o englobados no valor da inscri\u00e7\u00e3o.<\/p>\n<p>Os valores das inscri\u00e7\u00f5es podem sofrer algum pequeno ajuste mediante as inscri\u00e7\u00f5es e a exist\u00eancia de alguma solu\u00e7\u00e3o mais sustent\u00e1vel.<\/p>\n<p>Todas as inscri\u00e7\u00f5es e d\u00favidas devem ser enviadas para o mail <a href=\"mailto:geral@ventonorte.com\">geral@ventonorte.com<\/a><\/p>\n<p>&nbsp;<\/p>\n<h3>Mais informa\u00e7\u00f5es sobra a rota:<\/h3>\n<p><a href=\"http:\/\/www.rotavicentina.com\/sobre-a-rota\/trilho-dos-pescadores\/\">http:\/\/www.rotavicentina.com\/sobre-a-rota\/trilho-dos-pescadores<\/a><\/p>\n<p><iframe loading=\"lazy\" title=\"Two Steps to Freedom - Rota Vicentina\" width=\"500\" height=\"281\" src=\"https:\/\/www.youtube.com\/embed\/Kb8tWUQdmhY?feature=oembed\" frameborder=\"0\" allow=\"accelerometer; autoplay; clipboard-write; encrypted-media; gyroscope; picture-in-picture; web-share\" referrerpolicy=\"strict-origin-when-cross-origin\" allowfullscreen><\/iframe><\/p>\n<p>&nbsp;<\/p>\n<p>&nbsp;<\/p>\n","protected":false},"excerpt":{"rendered":"<p>A Rota Vicentina \u00e9 uma grande rota pedestre no Sw de Portugal. Formada pelo Caminho Hist\u00f3rico e pelo Trilho dos Pescadores, totaliza 350 km para andar a p\u00e9,  entre a cidade de Santiago do Cac\u00e9m e o Cabo de S. Vicente, o ponto mais a sudoeste da Europa.<br \/>\nInserida no \u00e2mbito da iniciativa Passaportes dos Parques Naturais, que visa celebrar a D\u00e9cada da Biodiversidade esta atividade est\u00e1 programada para se realizar em quatro etapas, entre os dias 1 e 4 de Maio de 2014.<br \/>\nNesta atividade, a Vento Norte prop\u00f5e-se a percorrer 75 km entre Porto Covo e Odeceixe num percurso sempre junto ao mar, seguindo os caminhos usados pelos locais para acesso \u00e0s praias e pesqueiros. Trata-se de um caminho recorr\u00edvel apenas a p\u00e9, ao longo das fal\u00e9sias e exigente do ponto de vista f\u00edsico. Um desafio ao contacto permanente com o vento do mar, \u00e0 rudeza da paisagem costeira e \u00e0 presen\u00e7a de uma natureza selvagem e persistente.<\/p>\n","protected":false},"author":1,"featured_media":2239,"comment_status":"open","ping_status":"open","sticky":false,"template":"","format":"standard","meta":{"ngg_post_thumbnail":0,"footnotes":""},"categories":[11],"tags":[],"class_list":["post-2238","post","type-post","status-publish","format-standard","has-post-thumbnail","hentry","category-montanhismo"],"_links":{"self":[{"href":"https:\/\/www.ventonorte.com\/index.php?rest_route=\/wp\/v2\/posts\/2238","targetHints":{"allow":["GET"]}}],"collection":[{"href":"https:\/\/www.ventonorte.com\/index.php?rest_route=\/wp\/v2\/posts"}],"about":[{"href":"https:\/\/www.ventonorte.com\/index.php?rest_route=\/wp\/v2\/types\/post"}],"author":[{"embeddable":true,"href":"https:\/\/www.ventonorte.com\/index.php?rest_route=\/wp\/v2\/users\/1"}],"replies":[{"embeddable":true,"href":"https:\/\/www.ventonorte.com\/index.php?rest_route=%2Fwp%2Fv2%2Fcomments&post=2238"}],"version-history":[{"count":7,"href":"https:\/\/www.ventonorte.com\/index.php?rest_route=\/wp\/v2\/posts\/2238\/revisions"}],"predecessor-version":[{"id":2248,"href":"https:\/\/www.ventonorte.com\/index.php?rest_route=\/wp\/v2\/posts\/2238\/revisions\/2248"}],"wp:featuredmedia":[{"embeddable":true,"href":"https:\/\/www.ventonorte.com\/index.php?rest_route=\/wp\/v2\/media\/2239"}],"wp:attachment":[{"href":"https:\/\/www.ventonorte.com\/index.php?rest_route=%2Fwp%2Fv2%2Fmedia&parent=2238"}],"wp:term":[{"taxonomy":"category","embeddable":true,"href":"https:\/\/www.ventonorte.com\/index.php?rest_route=%2Fwp%2Fv2%2Fcategories&post=2238"},{"taxonomy":"post_tag","embeddable":true,"href":"https:\/\/www.ventonorte.com\/index.php?rest_route=%2Fwp%2Fv2%2Ftags&post=2238"}],"curies":[{"name":"wp","href":"https:\/\/api.w.org\/{rel}","templated":true}]}}