{"id":2250,"date":"2014-05-20T11:22:04","date_gmt":"2014-05-20T11:22:04","guid":{"rendered":"http:\/\/www.ventonorte.com\/?p=2250"},"modified":"2014-06-26T07:24:29","modified_gmt":"2014-06-26T07:24:29","slug":"por-el-cornion-macico-ocidental-dos-picos-da-europa-7-962014","status":"publish","type":"post","link":"https:\/\/www.ventonorte.com\/?p=2250","title":{"rendered":"&#8220;Por El Cornion&#8221; Picos Europa [7-9\/6\/2014]"},"content":{"rendered":"<h1 style=\"text-align: center;\"><img loading=\"lazy\" decoding=\"async\" class=\"size-full wp-image-2251 aligncenter\" src=\"http:\/\/www.ventonorte.com\/wp-content\/uploads\/Picos.jpg\" alt=\"Picos\" width=\"371\" height=\"195\" srcset=\"https:\/\/www.ventonorte.com\/wp-content\/uploads\/Picos.jpg 371w, https:\/\/www.ventonorte.com\/wp-content\/uploads\/Picos-150x78.jpg 150w, https:\/\/www.ventonorte.com\/wp-content\/uploads\/Picos-300x157.jpg 300w\" sizes=\"auto, (max-width: 371px) 100vw, 371px\" \/><br \/>\n&#8220;Por El Cornion&#8221;<\/h1>\n<h2 style=\"text-align: center;\">Maci\u00e7o Ocidental dos Picos da Europa<\/h2>\n<h3 style=\"text-align: center;\">7 a 9 de junho de 2014<\/h3>\n<p>N\u00e3o \u00e9 f\u00e1cil passar muito tempo sem visitar os Picos da Europa. Este ano iremos regressar ao maci\u00e7o ocidental conhecido por &#8220;El Cornion&#8221;, que embora n\u00e3o tendo as altitudes mais elevadas, tem os picos mais escarpados e as paisagens mais selvagens de todo o parque, com um programa semelhante ao que realizamos em 2007.<br \/>\nEste Parque Nacional representa os ecossistemas ligados ao bosque atl\u00e2ntico.<br \/>\nOs Picos da Europa s\u00e3o a maior forma\u00e7\u00e3o de pedra calc\u00e1ria da Europa Atl\u00e2ntica, com os principais processos c\u00e1rsticos, com grutas que chegam a mais de 1.000 m de profundidade, eros\u00e3o glacial muito presente e exist\u00eancia de grandes lagos. Entre as suas fal\u00e9sias habitam os rebecos e nas em florestas densas, os veados, os lobos e a presen\u00e7a ocasional de urso pardo. O parque abriga mais de 100 esp\u00e9cies de aves, entre as quais a perdiz e, entre grandes predadores, os abutres e \u00e1guias douradas. Mas h\u00e1 muito mais do que paisagem, h\u00e1 s\u00e9culos de hist\u00f3ria escrita nas aldeias, nos vales, nas igrejas, nas cabanas, nas portelas e seus caminhos<\/p>\n<p>&nbsp;<\/p>\n<h3>Programa<\/h3>\n<p><strong>Dia 7 de Junho (s\u00e1bado)<\/strong><\/p>\n<p style=\"padding-left: 30px;\"><em><strong>hora PT <\/strong><\/em><\/p>\n<ul>\n<li>7h00 Ponto de encontro 1 &#8211; Esta\u00e7\u00e3o de Servi\u00e7o do Alv\u00e3o da A7.<\/li>\n<\/ul>\n<p style=\"padding-left: 30px;\"><em><strong>hora ES <\/strong><\/em><\/p>\n<ul>\n<li>14h00 Ponto de encontro 2 &#8211; Lagos de Covadonga, Lago da Ercina &#8211; junto ao bar.<br \/>\nEste lago \u00e9 dos locais mais visitados dos Picos da Europa. Trata-se de um lago de origem glaciar situado num entorno fabuloso.<\/li>\n<li>14h30 Partida para a Vega de \u00c1rio por um caminho de pastores (Dificuldade baixa +\/- 2h30)<\/li>\n<li>18h00 Vega de \u00c1rio (1630 m)<br \/>\nDevido \u00e0s vistas inigual\u00e1veis sobre o maci\u00e7o central, a Vega de \u00c1rio \u00e9 considerada a Varanda dos Picos da Europa<\/li>\n<li>20h00 Jantar<br \/>\nDormida no ref\u00fagio de Vega de \u00c1rio (o ref\u00fagio tem hor\u00e1rio de sil\u00eancio &#8211; julgo que \u00e9 \u00e0s 23h, mas no local confirma-se)<\/li>\n<\/ul>\n<p><strong>Dia 8 de Junho (domingo)<\/strong><\/p>\n<ul>\n<li>08h30 Descida para o Lago da Ercina (Dificuldade baixa +\/- 3h00)<\/li>\n<li>09h00 Ascen\u00e7\u00e3o ao Pico Jutayu, 1.940 m<br \/>\nA emo\u00e7\u00e3o est\u00e1 garantida neste pico. Cain fica 1.500 m abaixo dos nossos p\u00e9s.<\/li>\n<li>12h00 Lago de Ercina.<br \/>\nPequena visita \u00e0s minas de Buferra, junto ao lago<br \/>\nAlmo\u00e7o junto aos autom\u00f3veis<\/li>\n<li>13h30 Partida para o Ref\u00fagio de Vega Redonda (Dificuldade baixa +\/- 1h30)<\/li>\n<li>15h00 Ref\u00fagio de Vega Redonda (1400m)<\/li>\n<li>15h30 In\u00edcio da marcha (opcional) para o Pico Cotalva &#8211; 2000m (Dificuldade m\u00e9dia\/baixa +\/- 2h30 ida e volta ao ref\u00fagio)<\/li>\n<li>20h00 Jantar no ref\u00fagio<br \/>\nDormida no ref\u00fagio de Vega Redonda (o ref\u00fagio tem hor\u00e1rio de sil\u00eancio &#8211; julgo que \u00e9 \u00e0s 23h, mas no local confirma-se)<\/li>\n<\/ul>\n<p><strong> Dia 9 Junho (2.\u00aa feira)<\/strong><\/p>\n<ul>\n<li>8h30 In\u00edcio da marcha (opcional) para a Torre Del Alba &#8211; 2400m (Dificuldade m\u00e9dia +\/- 5h00 ida e volta ao ref\u00fagio)<\/li>\n<li>14h30 Ref\u00fagio de Vega Redonda<\/li>\n<li>16h00 Chegada aos autom\u00f3veis<\/li>\n<li>17h00 Cangas de Onis<br \/>\nVisita a Cangas (opcional).<\/li>\n<li>18h00 Regresso a Portugal<\/li>\n<\/ul>\n<p style=\"padding-left: 30px;\">hora PT<\/p>\n<ul>\n<li>23h00 Chegada a Portugal<\/li>\n<\/ul>\n<p><strong>Nota:<\/strong> Quem pretender poder\u00e1 pernoitar na pequena mas animada cidade de Cangas de Onis, jantar um bela Fabada Monta\u00f1era e regressar no dia seguinte.<\/p>\n<p><strong>O pre\u00e7o m\u00e9dio do alojamento \u00e9 de 30\u20ac por pessoa.<\/strong><\/p>\n<h3>Inscri\u00e7\u00f5es e Log\u00edstica<\/h3>\n<p>Data limite: <span style=\"color: #ff0000;\"><strong>25 de Maio de 2014<\/strong> <\/span><br \/>\nIndicar nome, email, se possui transporte, lugares livres (por quest\u00f5es ambientais, de economia e log\u00edstica, tentaremos minimizar o n.\u00ba de autom\u00f3veis) e data, hora e montante do pagamento (atrav\u00e9s de transfer\u00eancia banc\u00e1ria).<br \/>\nEnviar para email: <a href=\"mailto:montanhismo.vn@gmail.com\">montanhismo.vn@gmail.com<\/a> (Ant\u00f3nio Carvalho)<\/p>\n<ul>\n<li><strong> Geral: 105,00 \u20ac <\/strong><\/li>\n<li><strong>Descontos:<\/strong>\n<ul>\n<li>Associados: &#8211; 10,00 \u20ac<\/li>\n<li>Sem Seguro*: &#8211; 5,00 \u20ac<\/li>\n<\/ul>\n<\/li>\n<\/ul>\n<p style=\"padding-left: 60px;\"><em> * Participantes que tenham seguro de acidentes pessoais que cubra montanhismo<\/em><\/p>\n<p>A inscri\u00e7\u00e3o s\u00f3 se considera efectiva ap\u00f3s o pagamento. No caso de cancelamento at\u00e9 01 de Junho ser\u00e1 devolvido 75% do valor.<\/p>\n<p><strong>Inclui:<\/strong> seguro, alojamento, 2 pequenos almo\u00e7os e 2 jantares nos ref\u00fagio e enquadramento e cartas da zona<\/p>\n<p><strong>N\u00e3o inclui:<\/strong> Transporte, almo\u00e7os e lanches volantes.<\/p>\n<h3>Material indispens\u00e1vel<\/h3>\n<ul>\n<li>Saco cama de ver\u00e3o (\u00e9 para dormir sempre em ref\u00fagio)<\/li>\n<li>Botas de montanhismo ou sapatilhas de sola dura<\/li>\n<li>Casaco imperme\u00e1vel<\/li>\n<li>Roupa desportiva e confort\u00e1vel<\/li>\n<\/ul>\n<h3>Material \u00fatil (para quem tiver)<\/h3>\n<p style=\"padding-left: 30px;\">Lanterna Frontal, cal\u00e7as imperme\u00e1veis, bast\u00f5es, polainas, c\u00e2mara digital, etc.<\/p>\n<p style=\"padding-left: 30px;\">Conv\u00e9m levar a comida para lanches e almo\u00e7os, de Portugal ou comprar em Esta\u00e7\u00e3o de Servi\u00e7o, para n\u00e3o atrasarmos na chegada.<br \/>\nNo ref\u00fagio existe \u00e1gua pot\u00e1vel<\/p>\n<p>&nbsp;<\/p>\n<h3>Dificuldade Global da Atividade<\/h3>\n<p>Esta actividade \u00e9 muito acess\u00edvel, n\u00e3o sendo necess\u00e1ria nenhuma experi\u00eancia pr\u00e9via. \u00c9 aconselh\u00e1vel estar habituado a andar a p\u00e9 (+\/- 4 h seguidas).<\/p>\n<p>As ascens\u00f5es, embora f\u00e1ceis, n\u00e3o s\u00e3o obrigat\u00f3rias.<\/p>\n<h3>Seguro (para n\u00e3o federados)<\/h3>\n<p>Modalidades: Seguro de acidentes pessoais com cobertura de pedestrianismo<\/p>\n<p><strong>Para subscrever este seguro deve ser indicado o nome completo, o n.\u00ba do BI, NIF e a data de nascimento<\/strong><\/p>\n<p>&nbsp;<\/p>\n<h3>Altera\u00e7\u00f5es ao programa<\/h3>\n<p>Nos Picos da Europa a chuva ou neve aparecem em cerca de 1\/3 dos dias, por isso \u00e9 poss\u00edvel que, perante condi\u00e7\u00f5es climat\u00e9ricas adversas, seja necess\u00e1rio alterar as atividades. A decis\u00e3o ser\u00e1 tomada no local.<\/p>\n<p>&nbsp;<\/p>\n<p>&nbsp;<\/p>\n","protected":false},"excerpt":{"rendered":"<p>N\u00e3o \u00e9 f\u00e1cil passar muito tempo sem visitar os Picos da Europa. Este ano iremos regressar ao maci\u00e7o ocidental conhecido por &#8220;El Cornion&#8221;, que embora n\u00e3o tendo as altitudes mais elevadas, tem os picos mais escarpados e as paisagens mais selvagens de todo o parque, com um programa semelhante ao que realizamos em 2007.<br \/>\nEste Parque Nacional representa os ecossistemas ligados ao bosque atl\u00e2ntico.<br \/>\nOs Picos da Europa s\u00e3o a maior forma\u00e7\u00e3o de pedra calc\u00e1ria da Europa Atl\u00e2ntica, com os principais processos c\u00e1rsticos, com grutas que chegam a mais de 1.000 m de profundidade, eros\u00e3o glacial muito presente e exist\u00eancia de grandes lagos. <\/p>\n","protected":false},"author":1,"featured_media":2251,"comment_status":"open","ping_status":"open","sticky":false,"template":"","format":"standard","meta":{"ngg_post_thumbnail":0,"footnotes":""},"categories":[11],"tags":[],"class_list":["post-2250","post","type-post","status-publish","format-standard","has-post-thumbnail","hentry","category-montanhismo"],"_links":{"self":[{"href":"https:\/\/www.ventonorte.com\/index.php?rest_route=\/wp\/v2\/posts\/2250","targetHints":{"allow":["GET"]}}],"collection":[{"href":"https:\/\/www.ventonorte.com\/index.php?rest_route=\/wp\/v2\/posts"}],"about":[{"href":"https:\/\/www.ventonorte.com\/index.php?rest_route=\/wp\/v2\/types\/post"}],"author":[{"embeddable":true,"href":"https:\/\/www.ventonorte.com\/index.php?rest_route=\/wp\/v2\/users\/1"}],"replies":[{"embeddable":true,"href":"https:\/\/www.ventonorte.com\/index.php?rest_route=%2Fwp%2Fv2%2Fcomments&post=2250"}],"version-history":[{"count":9,"href":"https:\/\/www.ventonorte.com\/index.php?rest_route=\/wp\/v2\/posts\/2250\/revisions"}],"predecessor-version":[{"id":2260,"href":"https:\/\/www.ventonorte.com\/index.php?rest_route=\/wp\/v2\/posts\/2250\/revisions\/2260"}],"wp:featuredmedia":[{"embeddable":true,"href":"https:\/\/www.ventonorte.com\/index.php?rest_route=\/wp\/v2\/media\/2251"}],"wp:attachment":[{"href":"https:\/\/www.ventonorte.com\/index.php?rest_route=%2Fwp%2Fv2%2Fmedia&parent=2250"}],"wp:term":[{"taxonomy":"category","embeddable":true,"href":"https:\/\/www.ventonorte.com\/index.php?rest_route=%2Fwp%2Fv2%2Fcategories&post=2250"},{"taxonomy":"post_tag","embeddable":true,"href":"https:\/\/www.ventonorte.com\/index.php?rest_route=%2Fwp%2Fv2%2Ftags&post=2250"}],"curies":[{"name":"wp","href":"https:\/\/api.w.org\/{rel}","templated":true}]}}