{"id":2289,"date":"2014-07-15T08:48:48","date_gmt":"2014-07-15T08:48:48","guid":{"rendered":"http:\/\/www.ventonorte.com\/?p=2289"},"modified":"2014-07-23T16:25:48","modified_gmt":"2014-07-23T16:25:48","slug":"2289","status":"publish","type":"post","link":"https:\/\/www.ventonorte.com\/?p=2289","title":{"rendered":"Regresso \u00e0s ilhas Cies [26 e 27\/7\/2014]"},"content":{"rendered":"<p><img loading=\"lazy\" decoding=\"async\" class=\"aligncenter size-full wp-image-2290\" src=\"http:\/\/www.ventonorte.com\/wp-content\/uploads\/Cies1.jpg\" alt=\"Cies\" width=\"550\" height=\"308\" srcset=\"https:\/\/www.ventonorte.com\/wp-content\/uploads\/Cies1.jpg 550w, https:\/\/www.ventonorte.com\/wp-content\/uploads\/Cies1-150x84.jpg 150w, https:\/\/www.ventonorte.com\/wp-content\/uploads\/Cies1-300x168.jpg 300w\" sizes=\"auto, (max-width: 550px) 100vw, 550px\" \/><\/p>\n<h1>Regresso \u00e0s ilhas Cies<\/h1>\n<h2>Galiza \u2013 Espanha<\/h2>\n<h3>26 e 27 de julho de 2014<\/h3>\n<p>&nbsp;<\/p>\n<p style=\"text-align: center;\"><strong><span style=\"color: #ff0000;\">Por motivos de indisponibilidade do parque de campismo esta atividade ter\u00e1 de ser adiada. <\/span><\/strong><br \/>\n<strong><span style=\"color: #ff0000;\">Mais informa\u00e7\u00f5es logo que poss\u00edvel.<\/span><\/strong><\/p>\n<p>&nbsp;<\/p>\n<p>Desde 1988, que as Ilhas Cies foram declaradas como Zona de Especial Prote\u00e7\u00e3o de Aves (ZEPA) e Local de Import\u00e2ncia Comunit\u00e1ria (LIC) da Rede Natura 2000 da UE.<\/p>\n<p>O arquip\u00e9lago das Cies \u00e9 composto por tr\u00eas ilhas: Monteagudo, Montefaro e San Marti\u00f1o. As duas primeiras est\u00e3o unidas por um longo areal \u2013 a praia de Rodas, na ilha de Monteagudo, <strong><em>a melhor praia do mundo<\/em><\/strong>, conforme o jornal The Guardian.<br \/>\nA riqueza natural, a flora e a fauna das Ilhas Cies, s\u00e3o um dos seus principais atrativos.<\/p>\n<p>Nos mais de 433 hectares que comp\u00f5em as ilhas podemos identificar mais de 250 esp\u00e9cies vegetais entre as quais o pinheiro e o eucalipto. Existe tamb\u00e9m um grande n\u00famero de pequenos arbustos e esp\u00e9cies de matagal, tais como, o tojo, o cistus e a silveira. Mas, sem d\u00favida alguma, que as plantas mais importantes das ilhas s\u00e3o as que aparecem em dunas e fal\u00e9sias, j\u00e1 que se trata de plantas que somente se d\u00e3o neste meio e que s\u00e3o muito dif\u00edceis de encontrar. Destacam-se tamb\u00e9m a camarinha (pequeno arbusto de frutas brancas que se encontra em perigo de extin\u00e7\u00e3o) e a armeria pungens, mais conhecida como \u201cerva de apaixonar\u201d, que outrora se usava como \u2018f\u00f3rmula m\u00e1gica\u2019 relacionada com o matrim\u00f3nio e a gravidez.<\/p>\n<p>A riqueza destas ilhas estende-se tamb\u00e9m \u00e0s \u00e1guas litorais que a rodeiam. Estas \u00e1guas acolhem bosques de algas pardas entre as quais se criam peixes e mariscos e nas suas rochas crescem percebes e mexilh\u00f5es. Encontram-se tamb\u00e9m outras esp\u00e9cies, como ouri\u00e7os-do-mar e an\u00e9monas, que convivem com outra fauna marinha composta por camar\u00f5es, santolas, solhas, rodovalhos, linguados, etc.<\/p>\n<p>Quanto \u00e0s aves, cabe salientar a grande col\u00f3nia de gaivotas \u201cpata amarela\u201d existentes. Nas fal\u00e9sias destas ilhas habitam aproximadamente quinze mil pares de gaivotas, sendo assim a maior col\u00f3nia desta esp\u00e9cie \u00e0 escala europeia, ou mesmo, mundial.<\/p>\n<p>A fauna terrestre \u00e9 composta por coelhos, lagartos e ouri\u00e7os, entre outros.<\/p>\n<p><em><strong>Mais informa\u00e7\u00e3o nos seguintes links:<\/strong><\/em><\/p>\n<ul>\n<li><a href=\"http:\/\/www.campingislascies.com\/index.php\">http:\/\/www.campingislascies.com\/index.php<\/a><\/li>\n<li><a href=\"http:\/\/reddeparquesnacionales.mma.es\/parques\/cies\/index.htm\">http:\/\/reddeparquesnacionales.mma.es\/parques\/cies\/index.htm<\/a><\/li>\n<li><a href=\"http:\/\/www.guardian.co.uk\/travel\/2007\/feb\/16\/beach.top10\">http:\/\/www.guardian.co.uk\/travel\/2007\/feb\/16\/beach.top10<\/a><\/li>\n<li><a href=\"https:\/\/www.youtube.com\/watch?v=ireEMU4oLr4\">https:\/\/www.youtube.com\/watch?v=ireEMU4oLr4<\/a><\/li>\n<\/ul>\n<h3>Programa provis\u00f3rio<\/h3>\n<p><strong>Dia 26 Julho:<\/strong><\/p>\n<ul>\n<li>6:20 PT- Sa\u00edda de Vila Nova de Famalic\u00e3o;<\/li>\n<li>6:45 PT- Ponto de encontro na Esta\u00e7\u00e3o de Servi\u00e7o de Barcelos na A3 \u2013 Paragem durante 10min;<\/li>\n<li>8:30 PT\/ 9:30ES \u2013 Chegada a Baiona, estacionamento dos ve\u00edculos;<\/li>\n<li>9:00 PT\/10:00ES \u2013 Partida para as Ilhas Cies;<\/li>\n<li>11:30 ES \u2013 Chegada \u00e0s Ilhas Cies, check in no parque e montagem de tendas;<\/li>\n<li>13:00 ES \u2013 Almo\u00e7o;<\/li>\n<li>14:30 ES \u2013 Percurso at\u00e9 Monte Agudo e Alto do Pr\u00edncipe (aproximadamente 3h);<\/li>\n<li>19:00 ES \u2013 Fotografando o p\u00f4r-do-sol;<\/li>\n<li>21:00 ES \u2013 Jantar.<\/li>\n<\/ul>\n<p><strong>Dia 27 de Julho:<\/strong><\/p>\n<ul>\n<li>9:30 ES- Percurso at\u00e9 Monte Faro e Farol da Porta (aproximadamente 3:30h);<\/li>\n<li>13:30 ES \u2013 Almo\u00e7o e tarde livre;<\/li>\n<li>19:00 ES \u2013 Regresso a Baiona e final da atividade<\/li>\n<\/ul>\n<h3>Inscri\u00e7\u00f5es<\/h3>\n<p>A inscri\u00e7\u00e3o e pedidos de informa\u00e7\u00e3o dever\u00e3o ser feitos para o endere\u00e7o <a href=\"mailto:geral@ventonorte.com\">geral@ventonorte.com<\/a> com a indica\u00e7\u00e3o do assunto \u2013 REGRESSO \u00c0S ILHAS CIES.<\/p>\n<p>Os participantes <span style=\"color: #ff0000;\">devem inscrever-se at\u00e9 ao dia 23 de Julho<\/span>, indicando o nome, o n\u00famero do Bilhete de Identidade, N\u00famero de Identifica\u00e7\u00e3o Fiscal e a data de nascimento.<\/p>\n<p>Tendo em conta a grande aflu\u00eancia a estas Ilhas nesta \u00e9poca do ano, todos os participantes dever\u00e3o proceder \u00e0<span style=\"color: #ff0000;\"> reserva do alojamento<\/span> atrav\u00e9s de <a href=\"http:\/\/www.campingislascies.com\/es\/reservas\">http:\/\/www.campingislascies.com\/es\/reservas<\/a> e do transporte atrav\u00e9s de <a href=\"https:\/\/www.mardeons.es\/opencms\/opencms\/reservas\/reservaPlazas2.html?idPuertoDestino=2%20\">https:\/\/www.mardeons.es\/opencms\/opencms\/reservas\/reservaPlazas2.html?idPuertoDestino=2 <\/a><\/p>\n<h3>Pre\u00e7o<\/h3>\n<ul>\n<li>Adulto \u2013 7,5 \u20ac (pre\u00e7o para associados); 15 \u20ac (pre\u00e7o para n\u00e3o associados)<\/li>\n<li>Crian\u00e7a \u2013 4 \u20ac (pre\u00e7o para associados); 7,5 \u20ac (pre\u00e7o para crian\u00e7as n\u00e3o associadas)<\/li>\n<li>A inscri\u00e7\u00e3o inclui um seguro de vida e de acidentes pessoais.<\/li>\n<li>Os associados que j\u00e1 tenham pago o Seguro Vento Norte numa atividade anterior ter\u00e3o um desconto de 4\u20ac<\/li>\n<\/ul>\n<p>O alojamento, a alimenta\u00e7\u00e3o e o transporte estar\u00e3o a cargo dos participantes.<\/p>\n<p>A inscri\u00e7\u00e3o \u00e9 v\u00e1lida ap\u00f3s o pagamento da quantia fixada.<\/p>\n<p>&nbsp;<\/p>\n<p>&nbsp;<\/p>\n<p>&nbsp;<\/p>\n","protected":false},"excerpt":{"rendered":"<p>Voltaremos, nos dias 26 e 27 de Julho, \u00e0s Ilhas Cies, situadas no Parque Nacional Mar\u00edtimo &#8211; Terrestre das Ilhas Atl\u00e2nticas da Galiza, em Espanha.<br \/>\nAs Ilhas Cies s\u00e3o consideradas o maior tesouro da ria de Vigo e um dos lugares mais bonitos de Espanha, da\u00ed que os romanos lhes tenham dado o nome de \u201cilhas dos deuses\u201d.<br \/>\nTrata-se de um para\u00edso de praias deslumbrantes e \u00e1guas cristalinas, com um ambiente natural que as torna um observat\u00f3rio de fauna e flora \u00fanico.<\/p>\n","protected":false},"author":1,"featured_media":2290,"comment_status":"open","ping_status":"open","sticky":false,"template":"","format":"standard","meta":{"ngg_post_thumbnail":0,"footnotes":""},"categories":[12],"tags":[],"class_list":["post-2289","post","type-post","status-publish","format-standard","has-post-thumbnail","hentry","category-geral"],"_links":{"self":[{"href":"https:\/\/www.ventonorte.com\/index.php?rest_route=\/wp\/v2\/posts\/2289","targetHints":{"allow":["GET"]}}],"collection":[{"href":"https:\/\/www.ventonorte.com\/index.php?rest_route=\/wp\/v2\/posts"}],"about":[{"href":"https:\/\/www.ventonorte.com\/index.php?rest_route=\/wp\/v2\/types\/post"}],"author":[{"embeddable":true,"href":"https:\/\/www.ventonorte.com\/index.php?rest_route=\/wp\/v2\/users\/1"}],"replies":[{"embeddable":true,"href":"https:\/\/www.ventonorte.com\/index.php?rest_route=%2Fwp%2Fv2%2Fcomments&post=2289"}],"version-history":[{"count":8,"href":"https:\/\/www.ventonorte.com\/index.php?rest_route=\/wp\/v2\/posts\/2289\/revisions"}],"predecessor-version":[{"id":2308,"href":"https:\/\/www.ventonorte.com\/index.php?rest_route=\/wp\/v2\/posts\/2289\/revisions\/2308"}],"wp:featuredmedia":[{"embeddable":true,"href":"https:\/\/www.ventonorte.com\/index.php?rest_route=\/wp\/v2\/media\/2290"}],"wp:attachment":[{"href":"https:\/\/www.ventonorte.com\/index.php?rest_route=%2Fwp%2Fv2%2Fmedia&parent=2289"}],"wp:term":[{"taxonomy":"category","embeddable":true,"href":"https:\/\/www.ventonorte.com\/index.php?rest_route=%2Fwp%2Fv2%2Fcategories&post=2289"},{"taxonomy":"post_tag","embeddable":true,"href":"https:\/\/www.ventonorte.com\/index.php?rest_route=%2Fwp%2Fv2%2Ftags&post=2289"}],"curies":[{"name":"wp","href":"https:\/\/api.w.org\/{rel}","templated":true}]}}