{"id":2320,"date":"2014-08-27T06:36:06","date_gmt":"2014-08-27T06:36:06","guid":{"rendered":"http:\/\/www.ventonorte.com\/?p=2320"},"modified":"2014-09-11T13:25:30","modified_gmt":"2014-09-11T13:25:30","slug":"caminhada-para-todos-serra-darga-30082014","status":"publish","type":"post","link":"https:\/\/www.ventonorte.com\/?p=2320","title":{"rendered":"&#8220;Caminhada para Todos&#8221;: Serra D\u2019Arga [30\/08\/2014]"},"content":{"rendered":"<h1 style=\"text-align: center;\"><img loading=\"lazy\" decoding=\"async\" class=\"aligncenter wp-image-2321\" src=\"http:\/\/www.ventonorte.com\/wp-content\/uploads\/PICT3880.jpg\" alt=\"Serra D'Arga\" width=\"550\" height=\"413\" srcset=\"https:\/\/www.ventonorte.com\/wp-content\/uploads\/PICT3880.jpg 1024w, https:\/\/www.ventonorte.com\/wp-content\/uploads\/PICT3880-150x112.jpg 150w, https:\/\/www.ventonorte.com\/wp-content\/uploads\/PICT3880-300x225.jpg 300w\" sizes=\"auto, (max-width: 550px) 100vw, 550px\" \/><\/h1>\n<h1 style=\"text-align: center;\">&#8220;Caminhada para Todos&#8221;<\/h1>\n<h2 style=\"text-align: center;\">Trilho da Pedra Al\u00e7ada \u2013 Serra D\u2019Arga<\/h2>\n<h3 style=\"text-align: center;\">30-8-2014<\/h3>\n<p>Este trilho permite alcan\u00e7ar do ponto mais alto do Concelho de Caminha e da Serra D\u2019Arga &#8211; Pedra Al\u00e7ada, a 742 metros de altitude, de onde se pode observar uma magn\u00edfica panor\u00e2mica sobre o mar e sobre a foz dos rios Minho e Coura.<br \/>\nPara al\u00e9m da paisagem maravilhosa, durante o trilho podem ser apreciadas v\u00e1rias esp\u00e9cies arb\u00f3reas, arbustivas e herb\u00e1ceas, o Mosteiro de S\u00e3o Jo\u00e3o d&#8217;Arga, cascatas e paisagens naturais criadas pelo ribeiro de S. Jo\u00e3o e a t\u00edpica povoa\u00e7\u00e3o de Arga de S\u00e3o Jo\u00e3o.<\/p>\n<p>O mosteiro de S\u00e3o Jo\u00e3o D\u2019Arga \u00e9 um dos mais antigos de Portugal. Ter\u00e1 sido fundado, em 661 D.C por S\u00e3o Frutuoso, sofrendo, na Idade M\u00e9dia, obras de restauro encetadas pelos frades beneditinos. A sua actual igreja\/capela foi constru\u00eddo apenas no s\u00e9c. XIV. Este mosteiro, entre outras fun\u00e7\u00f5es, era um local de passagem para Santiago de Compostela e, a\u00ed paravam e descansavam os caminheiros\/peregrinos.<\/p>\n<h3>Percurso<\/h3>\n<ul>\n<li>Extens\u00e3o: 12 km<\/li>\n<li>Dura\u00e7\u00e3o aproximada: 5 horas<\/li>\n<li>Grau de dificuldade: moderado<\/li>\n<li>Localiza\u00e7\u00e3o: Serra D\u2019Arga &#8211; Caminha<\/li>\n<li>Ponto de partida\/chegada: Largo da Igreja de Arga de S\u00e3o Jo\u00e3o<\/li>\n<li>Tipo de percurso: pequena rota, circular, de car\u00e1ter ecol\u00f3gico e panor\u00e2mico por caminhos rurais e caminhos de p\u00e9 posto.<\/li>\n<li>Motivos de interesse:\n<ul>\n<li>Aldeia de Arga de S\u00e3o Jo\u00e3o,<\/li>\n<li>Mosteiro de S\u00e3o Jo\u00e3o D\u2019Arga,<\/li>\n<li>Vistas panor\u00e2micas sobre o litoral de Caminha, vale do rio Lima e seu estu\u00e1rio, Viana do castelo, vale do \u00e2ncora, Vila Praia de \u00c2ncora, Caminha, foz do rio Minho e o monte de Santa Tecla na galiza.<\/li>\n<\/ul>\n<\/li>\n<\/ul>\n<h3>Programa<\/h3>\n<ul>\n<li>9h30 &#8211; Ponto de encontro\/in\u00edcio da caminhada: largo da igreja de Arga de S\u00e3o Jo\u00e3o.<\/li>\n<li>15h00 &#8211; Fim do percurso.<\/li>\n<\/ul>\n<h3>Como chegar<\/h3>\n<p>A partir de Braga (60 km, 1h15), seguir em dire\u00e7\u00e3o a Ponte de Lima. Atravessar a ponte e prosseguir na estrada em dire\u00e7\u00e3o a Viana do Castelo. Uns 7 km \u00e0 frente virar \u00e0 direita para Moreira do Lima\/serra D\u2019Arga. Chegando a Arga de Baixo, continuar na estrada de Caminha at\u00e9 \u00e0 aldeia de Arga de S\u00e3o Jo\u00e3o.<\/p>\n<p>&nbsp;<\/p>\n","protected":false},"excerpt":{"rendered":"<p>Trilho da Pedra Al\u00e7ada e Mosteiro de S\u00e3o Jo\u00e3o d\u2019Arga<\/p>\n","protected":false},"author":1,"featured_media":2321,"comment_status":"open","ping_status":"open","sticky":false,"template":"","format":"standard","meta":{"ngg_post_thumbnail":0,"footnotes":""},"categories":[11],"tags":[],"class_list":["post-2320","post","type-post","status-publish","format-standard","has-post-thumbnail","hentry","category-montanhismo"],"_links":{"self":[{"href":"https:\/\/www.ventonorte.com\/index.php?rest_route=\/wp\/v2\/posts\/2320","targetHints":{"allow":["GET"]}}],"collection":[{"href":"https:\/\/www.ventonorte.com\/index.php?rest_route=\/wp\/v2\/posts"}],"about":[{"href":"https:\/\/www.ventonorte.com\/index.php?rest_route=\/wp\/v2\/types\/post"}],"author":[{"embeddable":true,"href":"https:\/\/www.ventonorte.com\/index.php?rest_route=\/wp\/v2\/users\/1"}],"replies":[{"embeddable":true,"href":"https:\/\/www.ventonorte.com\/index.php?rest_route=%2Fwp%2Fv2%2Fcomments&post=2320"}],"version-history":[{"count":3,"href":"https:\/\/www.ventonorte.com\/index.php?rest_route=\/wp\/v2\/posts\/2320\/revisions"}],"predecessor-version":[{"id":2323,"href":"https:\/\/www.ventonorte.com\/index.php?rest_route=\/wp\/v2\/posts\/2320\/revisions\/2323"}],"wp:featuredmedia":[{"embeddable":true,"href":"https:\/\/www.ventonorte.com\/index.php?rest_route=\/wp\/v2\/media\/2321"}],"wp:attachment":[{"href":"https:\/\/www.ventonorte.com\/index.php?rest_route=%2Fwp%2Fv2%2Fmedia&parent=2320"}],"wp:term":[{"taxonomy":"category","embeddable":true,"href":"https:\/\/www.ventonorte.com\/index.php?rest_route=%2Fwp%2Fv2%2Fcategories&post=2320"},{"taxonomy":"post_tag","embeddable":true,"href":"https:\/\/www.ventonorte.com\/index.php?rest_route=%2Fwp%2Fv2%2Ftags&post=2320"}],"curies":[{"name":"wp","href":"https:\/\/api.w.org\/{rel}","templated":true}]}}