{"id":2327,"date":"2014-08-31T22:32:13","date_gmt":"2014-08-31T22:32:13","guid":{"rendered":"http:\/\/www.ventonorte.com\/?p=2327"},"modified":"2014-09-11T15:29:21","modified_gmt":"2014-09-11T15:29:21","slug":"pr12-n-trilho-da-pedra-alcada","status":"publish","type":"post","link":"https:\/\/www.ventonorte.com\/?p=2327","title":{"rendered":"PR12-N Trilho da Pedra Al\u00e7ada"},"content":{"rendered":"<h2 style=\"text-align: center;\">Trilho da Pedra Al\u00e7ada \u2013 Serra D\u2019Arga<\/h2>\n<h3 style=\"text-align: center;\">30\/08\/2014<\/h3>\n<p>&nbsp;<\/p>\n<p>Aqui vai o mapa com o percurso efectuado. Poder\u00e3o ver mais detalhes carregando no link para o Wikiloc.<\/p>\n<p><em>Cortesia de Pedro Cerqueira<\/em><\/p>\n<p><iframe loading=\"lazy\" src=\"http:\/\/pt.wikiloc.com\/wikiloc\/spatialArtifacts.do?event=view&amp;id=7689346&amp;measures=off&amp;title=off&amp;near=off&amp;images=off&amp;maptype=S\" width=\"500\" height=\"400\" frameborder=\"0\"><\/iframe><br \/>\nVer percurso com informa\u00e7\u00f5es detalhadas no <a href=\"http:\/\/pt.wikiloc.com\/wikiloc\/view.do?id=7689346\" target=\"_blank\">Wikiloc<\/a><br \/>\nFicheiro do percurso em formato standardizado <a href=\"..\/..\/ficheiros\/tracks\/pr12-n-trilho-pedra-alcada.kml\">kml<\/a><\/p>\n<p>&nbsp;<\/p>\n","protected":false},"excerpt":{"rendered":"<p>O percurso efectuado apresentado no Wikiloc, com informa\u00e7\u00f5es de dist\u00e2ncia, altitude, dura\u00e7\u00e3o, etc.<br \/>\nEst\u00e1 ainda dispon\u00edvel o ficheiro standardizado em kml.<\/p>\n","protected":false},"author":1,"featured_media":1735,"comment_status":"open","ping_status":"open","sticky":false,"template":"","format":"standard","meta":{"ngg_post_thumbnail":0,"footnotes":""},"categories":[22],"tags":[],"class_list":["post-2327","post","type-post","status-publish","format-standard","has-post-thumbnail","hentry","category-percursos"],"_links":{"self":[{"href":"https:\/\/www.ventonorte.com\/index.php?rest_route=\/wp\/v2\/posts\/2327","targetHints":{"allow":["GET"]}}],"collection":[{"href":"https:\/\/www.ventonorte.com\/index.php?rest_route=\/wp\/v2\/posts"}],"about":[{"href":"https:\/\/www.ventonorte.com\/index.php?rest_route=\/wp\/v2\/types\/post"}],"author":[{"embeddable":true,"href":"https:\/\/www.ventonorte.com\/index.php?rest_route=\/wp\/v2\/users\/1"}],"replies":[{"embeddable":true,"href":"https:\/\/www.ventonorte.com\/index.php?rest_route=%2Fwp%2Fv2%2Fcomments&post=2327"}],"version-history":[{"count":5,"href":"https:\/\/www.ventonorte.com\/index.php?rest_route=\/wp\/v2\/posts\/2327\/revisions"}],"predecessor-version":[{"id":2332,"href":"https:\/\/www.ventonorte.com\/index.php?rest_route=\/wp\/v2\/posts\/2327\/revisions\/2332"}],"wp:featuredmedia":[{"embeddable":true,"href":"https:\/\/www.ventonorte.com\/index.php?rest_route=\/wp\/v2\/media\/1735"}],"wp:attachment":[{"href":"https:\/\/www.ventonorte.com\/index.php?rest_route=%2Fwp%2Fv2%2Fmedia&parent=2327"}],"wp:term":[{"taxonomy":"category","embeddable":true,"href":"https:\/\/www.ventonorte.com\/index.php?rest_route=%2Fwp%2Fv2%2Fcategories&post=2327"},{"taxonomy":"post_tag","embeddable":true,"href":"https:\/\/www.ventonorte.com\/index.php?rest_route=%2Fwp%2Fv2%2Ftags&post=2327"}],"curies":[{"name":"wp","href":"https:\/\/api.w.org\/{rel}","templated":true}]}}