{"id":2333,"date":"2014-06-10T22:04:47","date_gmt":"2014-06-10T22:04:47","guid":{"rendered":"http:\/\/www.ventonorte.com\/?p=2333"},"modified":"2014-09-11T15:29:12","modified_gmt":"2014-09-11T15:29:12","slug":"percursos-em-el-cornion-picos-europa","status":"publish","type":"post","link":"https:\/\/www.ventonorte.com\/?p=2333","title":{"rendered":"Percursos em &#8220;El Cornion\u201d &#8211; Picos Europa"},"content":{"rendered":"<h2 style=\"text-align: center;\">&#8220;El Cornion\u201d Picos Europa<\/h2>\n<h3 style=\"text-align: center;\">7 a 9\/6\/2014<\/h3>\n<p>&nbsp;<\/p>\n<p>Aqui v\u00e3o os mapa com os percursos efectuados. Poder\u00e3o ver mais detalhes carregando no link para o Wikiloc.<\/p>\n<p><em>Cortesia de Pedro Cerqueira<\/em><\/p>\n<p>&nbsp;<\/p>\n<h3>Ref\u00fagio Vega de \u00c1rio &#8211; pico Jutayu &#8211; lago Ercina<\/h3>\n<p><iframe loading=\"lazy\" src=\"http:\/\/pt.wikiloc.com\/wikiloc\/spatialArtifacts.do?event=view&amp;id=7054775&amp;measures=off&amp;title=off&amp;near=off&amp;images=off&amp;maptype=S\" width=\"500\" height=\"400\" frameborder=\"0\"><\/iframe><br \/>\nVer percurso com informa\u00e7\u00f5es detalhadas no <a href=\"http:\/\/pt.wikiloc.com\/wikiloc\/view.do?id=7054775\" target=\"_blank\">Wikiloc<\/a><br \/>\nFicheiro do percurso em formato standardizado: <a href=\"..\/..\/ficheiros\/tracks\/ElCornion-refugio-vega-de-ario-pico-jutayu-lago-ercina.kml\">kml<\/a><\/p>\n<h3>Lago da Ercina &#8211; Ref\u00fagio de Vega de \u00c1rio<\/h3>\n<p><iframe loading=\"lazy\" src=\"http:\/\/pt.wikiloc.com\/wikiloc\/spatialArtifacts.do?event=view&amp;id=7054610&amp;measures=off&amp;title=off&amp;near=off&amp;images=off&amp;maptype=S\" width=\"500\" height=\"400\" frameborder=\"0\"><\/iframe><br \/>\nVer percurso com informa\u00e7\u00f5es detalhadas no <a href=\"http:\/\/pt.wikiloc.com\/wikiloc\/view.do?id=7054610\" target=\"_blank\">Wikiloc<\/a><br \/>\nFicheiro do percurso em formato standardizado: <a href=\"..\/..\/ficheiros\/tracks\/ElCornion-lago-da-ercina-refugio-de-vega-de-ario.kml\">kml<\/a><\/p>\n<p>&nbsp;<\/p>\n<h3>Ref\u00fagio Vegarredonda &#8211; Torre de la Canal Parda<\/h3>\n<p><iframe loading=\"lazy\" src=\"http:\/\/pt.wikiloc.com\/wikiloc\/spatialArtifacts.do?event=view&amp;id=7054634&amp;measures=off&amp;title=off&amp;near=off&amp;images=off&amp;maptype=S\" width=\"500\" height=\"400\" frameborder=\"0\"><\/iframe><br \/>\nVer percurso com informa\u00e7\u00f5es detalhadas no <a href=\"http:\/\/pt.wikiloc.com\/wikiloc\/view.do?id=7054634\" target=\"_blank\">Wikiloc<\/a><br \/>\nFicheiro do percurso em formato standardizado: <a href=\"..\/..\/ficheiros\/tracks\/ElCornion-refugio-vegarredonda-torre-de-la-canal-parda.kml\">kml<\/a><\/p>\n<p>&nbsp;<\/p>\n","protected":false},"excerpt":{"rendered":"<p>Os percursos efectuados apresentados no Wikiloc, com informa\u00e7\u00f5es de dist\u00e2ncia, altitude, dura\u00e7\u00e3o, etc.<br \/>\nEst\u00e3o ainda dispon\u00edveis os ficheiros standardizados em kml.<\/p>\n","protected":false},"author":1,"featured_media":1735,"comment_status":"open","ping_status":"open","sticky":false,"template":"","format":"standard","meta":{"ngg_post_thumbnail":0,"footnotes":""},"categories":[22],"tags":[],"class_list":["post-2333","post","type-post","status-publish","format-standard","has-post-thumbnail","hentry","category-percursos"],"_links":{"self":[{"href":"https:\/\/www.ventonorte.com\/index.php?rest_route=\/wp\/v2\/posts\/2333","targetHints":{"allow":["GET"]}}],"collection":[{"href":"https:\/\/www.ventonorte.com\/index.php?rest_route=\/wp\/v2\/posts"}],"about":[{"href":"https:\/\/www.ventonorte.com\/index.php?rest_route=\/wp\/v2\/types\/post"}],"author":[{"embeddable":true,"href":"https:\/\/www.ventonorte.com\/index.php?rest_route=\/wp\/v2\/users\/1"}],"replies":[{"embeddable":true,"href":"https:\/\/www.ventonorte.com\/index.php?rest_route=%2Fwp%2Fv2%2Fcomments&post=2333"}],"version-history":[{"count":3,"href":"https:\/\/www.ventonorte.com\/index.php?rest_route=\/wp\/v2\/posts\/2333\/revisions"}],"predecessor-version":[{"id":2336,"href":"https:\/\/www.ventonorte.com\/index.php?rest_route=\/wp\/v2\/posts\/2333\/revisions\/2336"}],"wp:featuredmedia":[{"embeddable":true,"href":"https:\/\/www.ventonorte.com\/index.php?rest_route=\/wp\/v2\/media\/1735"}],"wp:attachment":[{"href":"https:\/\/www.ventonorte.com\/index.php?rest_route=%2Fwp%2Fv2%2Fmedia&parent=2333"}],"wp:term":[{"taxonomy":"category","embeddable":true,"href":"https:\/\/www.ventonorte.com\/index.php?rest_route=%2Fwp%2Fv2%2Fcategories&post=2333"},{"taxonomy":"post_tag","embeddable":true,"href":"https:\/\/www.ventonorte.com\/index.php?rest_route=%2Fwp%2Fv2%2Ftags&post=2333"}],"curies":[{"name":"wp","href":"https:\/\/api.w.org\/{rel}","templated":true}]}}