{"id":2339,"date":"2013-12-07T22:31:34","date_gmt":"2013-12-07T22:31:34","guid":{"rendered":"http:\/\/www.ventonorte.com\/?p=2339"},"modified":"2014-09-11T15:37:44","modified_gmt":"2014-09-11T15:37:44","slug":"campo-de-geres-pe-de-cabril","status":"publish","type":"post","link":"https:\/\/www.ventonorte.com\/?p=2339","title":{"rendered":"Campo de Ger\u00eas &#8211; P\u00e9 de Cabril"},"content":{"rendered":"<h2 style=\"text-align: center;\">Campo de Ger\u00eas &#8211; P\u00e9 de Cabril<\/h2>\n<h3 style=\"text-align: center;\">dezembro 2013<\/h3>\n<p>&nbsp;<\/p>\n<p>Aqui vai o mapa com o percurso efectuado. Poder\u00e3o ver mais detalhes carregando no link para o Wikiloc.<\/p>\n<p><em>Cortesia de Pedro Cerqueira<\/em><\/p>\n<p><iframe loading=\"lazy\" frameBorder=\"0\" src=\"http:\/\/pt.wikiloc.com\/wikiloc\/spatialArtifacts.do?event=view&#038;id=5743806&#038;measures=off&#038;title=off&#038;near=off&#038;images=off&#038;maptype=S\" width=\"500\" height=\"400\"><\/iframe><br \/>\nVer percurso com informa\u00e7\u00f5es detalhadas no <a href=\"http:\/\/pt.wikiloc.com\/wikiloc\/view.do?id=5743806\" target=\"_blank\">Wikiloc<\/a><br \/>\nFicheiro do percurso em formato standardizado <a href=\"..\/..\/ficheiros\/tracks\/campo-de-geres-pe-de-cabril.kml\">kml<\/a><\/p>\n<p>&nbsp;<\/p>\n","protected":false},"excerpt":{"rendered":"<p>O percurso efectuado apresentado no Wikiloc, com informa\u00e7\u00f5es de dist\u00e2ncia, altitude, dura\u00e7\u00e3o, etc.<br \/>\nEst\u00e1 ainda dispon\u00edvel o ficheiro standardizado em kml.<\/p>\n","protected":false},"author":1,"featured_media":1735,"comment_status":"open","ping_status":"open","sticky":false,"template":"","format":"standard","meta":{"ngg_post_thumbnail":0,"footnotes":""},"categories":[22],"tags":[],"class_list":["post-2339","post","type-post","status-publish","format-standard","has-post-thumbnail","hentry","category-percursos"],"_links":{"self":[{"href":"https:\/\/www.ventonorte.com\/index.php?rest_route=\/wp\/v2\/posts\/2339","targetHints":{"allow":["GET"]}}],"collection":[{"href":"https:\/\/www.ventonorte.com\/index.php?rest_route=\/wp\/v2\/posts"}],"about":[{"href":"https:\/\/www.ventonorte.com\/index.php?rest_route=\/wp\/v2\/types\/post"}],"author":[{"embeddable":true,"href":"https:\/\/www.ventonorte.com\/index.php?rest_route=\/wp\/v2\/users\/1"}],"replies":[{"embeddable":true,"href":"https:\/\/www.ventonorte.com\/index.php?rest_route=%2Fwp%2Fv2%2Fcomments&post=2339"}],"version-history":[{"count":1,"href":"https:\/\/www.ventonorte.com\/index.php?rest_route=\/wp\/v2\/posts\/2339\/revisions"}],"predecessor-version":[{"id":2340,"href":"https:\/\/www.ventonorte.com\/index.php?rest_route=\/wp\/v2\/posts\/2339\/revisions\/2340"}],"wp:featuredmedia":[{"embeddable":true,"href":"https:\/\/www.ventonorte.com\/index.php?rest_route=\/wp\/v2\/media\/1735"}],"wp:attachment":[{"href":"https:\/\/www.ventonorte.com\/index.php?rest_route=%2Fwp%2Fv2%2Fmedia&parent=2339"}],"wp:term":[{"taxonomy":"category","embeddable":true,"href":"https:\/\/www.ventonorte.com\/index.php?rest_route=%2Fwp%2Fv2%2Fcategories&post=2339"},{"taxonomy":"post_tag","embeddable":true,"href":"https:\/\/www.ventonorte.com\/index.php?rest_route=%2Fwp%2Fv2%2Ftags&post=2339"}],"curies":[{"name":"wp","href":"https:\/\/api.w.org\/{rel}","templated":true}]}}