{"id":2364,"date":"2014-09-23T16:53:59","date_gmt":"2014-09-23T16:53:59","guid":{"rendered":"http:\/\/www.ventonorte.com\/?p=2364"},"modified":"2014-12-16T12:56:31","modified_gmt":"2014-12-16T12:56:31","slug":"fim-de-linha-4-5102014","status":"publish","type":"post","link":"https:\/\/www.ventonorte.com\/?p=2364","title":{"rendered":"&#8220;Fim de Linha\u2026&#8221; [4-5\/10\/2014]"},"content":{"rendered":"<p style=\"text-align: center;\"><img loading=\"lazy\" decoding=\"async\" class=\"aligncenter wp-image-2366\" src=\"http:\/\/www.ventonorte.com\/wp-content\/uploads\/Fim-de-Linha.jpg\" alt=\"Fim de Linha\" width=\"550\" height=\"367\" srcset=\"https:\/\/www.ventonorte.com\/wp-content\/uploads\/Fim-de-Linha.jpg 744w, https:\/\/www.ventonorte.com\/wp-content\/uploads\/Fim-de-Linha-150x100.jpg 150w, https:\/\/www.ventonorte.com\/wp-content\/uploads\/Fim-de-Linha-300x200.jpg 300w\" sizes=\"auto, (max-width: 550px) 100vw, 550px\" \/><\/p>\n<h1 style=\"text-align: center;\">Fim de Linha\u2026<\/h1>\n<h2 style=\"text-align: center;\">Linha do Corgo (Vila Real \u2013 R\u00e9gua)<\/h2>\n<h3 style=\"text-align: center;\">4-5 Outubro 2014<\/h3>\n<p>&nbsp;<\/p>\n<p style=\"text-align: justify;\">A Linha do Corgo foi uma liga\u00e7\u00e3o ferrovi\u00e1ria entre a Esta\u00e7\u00e3o da R\u00e9gua, na Linha do Douro, e a cidade de Chaves tendo sido inaugurada em 12 de Maio de 1906, com a chegada do comboio a Vila Real, e conclu\u00edda a 20 de Junho de 1919, com a chegada a Chaves. O tro\u00e7o entre Vila Real e Chaves foi encerrado em 1990, enquanto a liga\u00e7\u00e3o entre a R\u00e9gua e Vila Real foi desactivada para obras em 25 de Mar\u00e7o de 2009, sendo totalmente encerrada pela Rede Ferrovi\u00e1ria Nacional em Julho de 2010.<\/p>\n<p style=\"text-align: justify;\">Desde a chegada da Linha do Douro \u00e0 R\u00e9gua, em 15 de Julho de 1879, que se planeou a constru\u00e7\u00e3o de um caminho de ferro entre este ponto e a cidade de Vila Real, passando pelo vale do Rio Corgo, reconhecendo-se igualmente a necessidade de construir uma liga\u00e7\u00e3o ferrovi\u00e1ria entre a R\u00e9gua e a fronteira, passando pelas importantes localidades de Vila Real e Vila Pouca de Aguiar, as est\u00e2ncias termais em Pedras Salgadas e em Vidago, e as plan\u00edcies em redor de Chaves; esperava-se que a linha servisse, igualmente, a regi\u00e3o de Ver\u00edn, em Espanha, ligando-se \u00e0 linha entre aquela localidade e Orense. Junto a Vidago, era idealizada o termino da Linha do T\u00e2mega, fazendo-se assim a jun\u00e7\u00e3o das duas linhas.<\/p>\n<p style=\"text-align: justify;\">O processo de encerramento foi semelhante aos de outras linhas: fracas condi\u00e7\u00f5es de transporte e da linha com hor\u00e1rios e transbordos inapropriados que levaram a diminui\u00e7\u00e3o do n\u00famero de passageiros; contrariou-se este factor encerrando a linha para moderniza\u00e7\u00e3o da via; Ap\u00f3s alguns milh\u00f5es gastos, a via ainda n\u00e3o estava totalmente modernizada e decidiu-se levantar a linha para impedir o seu uso indevido. Pretexto para o seu encerramento definitivo, esquecendo-se a hist\u00f3ria e o potencial desta linha inserido no Alto Douro Vinhateiro Patrim\u00f3nio da Humanidade, declarado em Dezembro de 2001.<\/p>\n<p style=\"text-align: justify;\">Atribu\u00eddo por unanimidade, o pr\u00e9mio da UNESCO veio premiar a regi\u00e3o vin\u00edcola demarcada mas antiga do mundo, decretada em 1976 por Marqu\u00eas de Pombal, caracterizada por reunir as virtudes de um solo xistoso com a exposi\u00e7\u00e3o solar privilegiada com as caracter\u00edsticas \u00edmpares do seu microclima em conjunto com o trabalho \u00e1rduo do homem do Douro. A sua Paisagem evidencia tr\u00eas aspectos principais: o car\u00e1cter \u00fanico do territ\u00f3rio, a rela\u00e7\u00e3o natural da cultura do vinho com a oliveira e a amendoeira e a diversidade da arquitectura local. Contudo, a zona classificada \u00e9 representativa da diversidade do Douro, uma vez que inclui espa\u00e7o do Baixo Corgo, do Cima Corgo e do Douro Superior.<\/p>\n<h3>Programa:<\/h3>\n<p><strong>Dia 4<\/strong><\/p>\n<p style=\"padding-left: 30px;\">9:45 \u2013 Ponto de encontro na antiga esta\u00e7\u00e3o de comboios de Vila Real;<br \/>\n10:00 \u2013 In\u00edcio da caminhada em Vila Real;<br \/>\n14:00 \u2013 Almo\u00e7o volante &#8211; Carrazedo;<br \/>\n18:30 \u2013 Chegada \u00e0 R\u00e9gua<br \/>\n19:00 \u2013 Condutores regressam a Vila Real para levantar carros<br \/>\n20:30 \u2013 Jantar<\/p>\n<p><strong>Dia 5<\/strong><\/p>\n<p style=\"padding-left: 30px;\">09:00 \u2013 Caminhada pela R\u00e9gua com vistas para Douro<br \/>\n12:00 \u2013 Caminhada pelas vinhas da R\u00e9gua<br \/>\n17:00 \u2013 Fim de Actividade<\/p>\n<h3>Descri\u00e7\u00e3o:<\/h3>\n<p style=\"text-align: justify;\"><strong>Dia 4<\/strong> &#8211; Percurso de pequena rota com extens\u00e3o aproximada de 25 Km, n\u00e3o marcado, de grau de dificuldade reduzida, com desn\u00edvel quase sempre negativo.<br \/>\nOs caminhos a percorrer ser\u00e3o essencialmente de terra batida pelo local onde outrora existia a via f\u00e9rrea e na pr\u00f3pria via f\u00e9rrea (balastro).<br \/>\nPerspectiva-se, tendo em conta as condi\u00e7\u00f5es descritas e caso as condi\u00e7\u00f5es atmosf\u00e9ricas sejam favor\u00e1veis, que se fa\u00e7a uma m\u00e9dia de 3 quil\u00f3metros por hora para que o trilho seja completo. O final do percurso ser\u00e1 na R\u00e9gua, junto ao rio Douro.<\/p>\n<p><em><strong>Pontos de Interesse:<\/strong><\/em> rio Corgo, rio Douro, rio Tanha, aldeias, apeadeiros, vinha e olival.<\/p>\n<p><strong>Dia 5<\/strong> \u2013 Percurso de pequena rota n\u00e3o marcado, aproximadamente de 10 quil\u00f3metros, por cal\u00e7ada urbana e por entre vinha e olival.<\/p>\n<p><em><strong>Pontos de Interesse:<\/strong> <\/em>rio Douro, R\u00e9gua, vinha e olival.<\/p>\n<p>Durante o percurso aconselha-se ao uso de prote\u00e7\u00e3o contra o sol e boa hidrata\u00e7\u00e3o, pois o vale \u00e9 fechado, quente e com escassez de sombras.<br \/>\nUma parte do percurso pode n\u00e3o tem cobertura de rede de telem\u00f3vel.<\/p>\n<h3>Equipamento:<\/h3>\n<ul>\n<li>Aconselha-se, tendo em conta o tipo de piso, a que se use botas de montanhismo ou sapatilhas de sola dura.<\/li>\n<li>Protec\u00e7\u00e3o solar;<\/li>\n<li>M\u00e1quina fotogr\u00e1fica ou de filmar;<\/li>\n<li>Bin\u00f3culos;<\/li>\n<\/ul>\n<h3>Alimenta\u00e7\u00e3o:<\/h3>\n<p style=\"text-align: justify;\">Durante o dia a alimenta\u00e7\u00e3o ser\u00e1 volante e baseada em sandwiches, barritas, bolachas e afins. Durante o percurso iremos passar pr\u00f3ximo de aldeias mas n\u00e3o \u00e9 garantido que se encontrem lojas de restaura\u00e7\u00e3o ou para compra de mercearia pelo que deveremos levar todos os mantimentos logo na partida.<\/p>\n<p style=\"text-align: justify;\">\u00c9 obrigat\u00f3rio levar \u00e1gua e\/ou outros l\u00edquidos.<\/p>\n<p style=\"text-align: justify;\">No final do dia e in\u00edcio do segundo dia poderemos reabastecer na R\u00e9gua.<\/p>\n<h3>Dormidas:<\/h3>\n<p style=\"text-align: justify;\">A pernoita ser\u00e1 feita na R\u00e9gua, em turismo rural ou pens\u00e3o mediante a evolu\u00e7\u00e3o das inscri\u00e7\u00f5es. Os custos est\u00e3o inclu\u00eddos no pre\u00e7o final da actividade.<br \/>\nH\u00e1 a possibilidade de acampar a 20 minutos da R\u00e9gua (Lamego).<br \/>\nOs interessados que optem por esta alternativa ter\u00e3o desconto nos custos da actividade.<\/p>\n<p>Inscri\u00e7\u00f5es:<\/p>\n<p>Actividade limitada a 10 inscri\u00e7\u00f5es, sendo a data limite o dia 2 de Outubro;<\/p>\n<ul>\n<li>Custo para s\u00f3cios: 25 \u20ac<\/li>\n<li>Custo para n\u00e3o s\u00f3cios: 35\u20ac<\/li>\n<li>Participa\u00e7\u00e3o apenas num dos dias (sem pernoita): 8\u20ac<\/li>\n<\/ul>\n<p>Os custos de inscri\u00e7\u00e3o englobam enquadramento na actividade, dormida e seguro;<\/p>\n<p>Todas as inscri\u00e7\u00f5es e d\u00favidas devem ser enviadas para o mail <a href=\"mailto:montanhismo.vn@gmail.com\">montanhismo.vn@gmail.com<\/a>.<\/p>\n<h3>Seguro:<\/h3>\n<p style=\"text-align: justify;\">\u00c9 obrigat\u00f3rio possuir seguro para participar nesta actividade e est\u00e1 inclu\u00eddo no pre\u00e7o da actividade. Caso j\u00e1 tenha seguro com a Vento Norte no ano de 2014 ser\u00e1 descontado o valor 4 \u20ac (s\u00f3cio ou n\u00e3o s\u00f3cio)<\/p>\n<h3>Transporte:<\/h3>\n<p style=\"text-align: justify;\">O transporte fica a cargo dos participantes, havendo possibilidade de partilhar carro no sentido de a actividade se tornar mais sustent\u00e1vel e diminuir os custos da desloca\u00e7\u00e3o. Caso esteja interessado envie mail \u00e0 Vento Norte.<\/p>\n<p style=\"text-align: justify;\">\n","protected":false},"excerpt":{"rendered":"<p>Em 2012 percorremos a Linha do Tua, em 2013 aventuramo-nos por Barca D`Alva e agora na III Edi\u00e7\u00e3o do Fim de Linha\u2026 vamos percorrer a Linha do Corgo, entre Vila Real e R\u00e9gua\u2026 <\/p>\n<p>Vinhas, oliveiras, amendoeiras e muros, sempre com o Corgo a acompanhar e com o Douro como objectivo, s\u00e3o os pontos de interesse para visitar esta regi\u00e3o do Alto Douro Vinhateiro, Patrim\u00f3nio da Humanidade da Unesco, e conhecer este patrim\u00f3nio e popula\u00e7\u00f5es abandonadas mas que nunca abandonaram os seus costumes e tradi\u00e7\u00f5es\u2026<\/p>\n","protected":false},"author":1,"featured_media":2366,"comment_status":"open","ping_status":"open","sticky":false,"template":"","format":"standard","meta":{"ngg_post_thumbnail":0,"footnotes":""},"categories":[11],"tags":[],"class_list":["post-2364","post","type-post","status-publish","format-standard","has-post-thumbnail","hentry","category-montanhismo"],"_links":{"self":[{"href":"https:\/\/www.ventonorte.com\/index.php?rest_route=\/wp\/v2\/posts\/2364","targetHints":{"allow":["GET"]}}],"collection":[{"href":"https:\/\/www.ventonorte.com\/index.php?rest_route=\/wp\/v2\/posts"}],"about":[{"href":"https:\/\/www.ventonorte.com\/index.php?rest_route=\/wp\/v2\/types\/post"}],"author":[{"embeddable":true,"href":"https:\/\/www.ventonorte.com\/index.php?rest_route=\/wp\/v2\/users\/1"}],"replies":[{"embeddable":true,"href":"https:\/\/www.ventonorte.com\/index.php?rest_route=%2Fwp%2Fv2%2Fcomments&post=2364"}],"version-history":[{"count":7,"href":"https:\/\/www.ventonorte.com\/index.php?rest_route=\/wp\/v2\/posts\/2364\/revisions"}],"predecessor-version":[{"id":2373,"href":"https:\/\/www.ventonorte.com\/index.php?rest_route=\/wp\/v2\/posts\/2364\/revisions\/2373"}],"wp:featuredmedia":[{"embeddable":true,"href":"https:\/\/www.ventonorte.com\/index.php?rest_route=\/wp\/v2\/media\/2366"}],"wp:attachment":[{"href":"https:\/\/www.ventonorte.com\/index.php?rest_route=%2Fwp%2Fv2%2Fmedia&parent=2364"}],"wp:term":[{"taxonomy":"category","embeddable":true,"href":"https:\/\/www.ventonorte.com\/index.php?rest_route=%2Fwp%2Fv2%2Fcategories&post=2364"},{"taxonomy":"post_tag","embeddable":true,"href":"https:\/\/www.ventonorte.com\/index.php?rest_route=%2Fwp%2Fv2%2Ftags&post=2364"}],"curies":[{"name":"wp","href":"https:\/\/api.w.org\/{rel}","templated":true}]}}