{"id":2403,"date":"2014-10-15T19:04:59","date_gmt":"2014-10-15T19:04:59","guid":{"rendered":"http:\/\/www.ventonorte.com\/?p=2403"},"modified":"2014-10-27T13:07:03","modified_gmt":"2014-10-27T13:07:03","slug":"pelas-aldeias-do-xisto-aldeias-de-gois-25102014","status":"publish","type":"post","link":"https:\/\/www.ventonorte.com\/?p=2403","title":{"rendered":"&#8220;Pelas Aldeias do Xisto\u2026&#8221; &#8211; Aldeias de G\u00f3is [25\/10\/2014]"},"content":{"rendered":"<h1><img loading=\"lazy\" decoding=\"async\" class=\"aligncenter wp-image-2404\" src=\"http:\/\/www.ventonorte.com\/wp-content\/uploads\/Pelas-Aldeias-do-Xisto-24-10.jpg\" alt=\"Pelas Aldeias do Xisto 24-10\" width=\"550\" height=\"313\" srcset=\"https:\/\/www.ventonorte.com\/wp-content\/uploads\/Pelas-Aldeias-do-Xisto-24-10.jpg 970w, https:\/\/www.ventonorte.com\/wp-content\/uploads\/Pelas-Aldeias-do-Xisto-24-10-150x85.jpg 150w, https:\/\/www.ventonorte.com\/wp-content\/uploads\/Pelas-Aldeias-do-Xisto-24-10-300x170.jpg 300w\" sizes=\"auto, (max-width: 550px) 100vw, 550px\" \/>Pelas Aldeias do Xisto\u2026<\/h1>\n<h2>Aldeias de G\u00f3is<\/h2>\n<h3>25 Outubro 2014<\/h3>\n<p>Pela sua abund\u00e2ncia no solo da regi\u00e3o, o xisto foi sempre o elemento escolhido pelo Homem para construir as principais estruturas de abrigo e protec\u00e7\u00e3o numa regi\u00e3o por si h\u00e1 muito adoptada para habitar, pois via nas suas riquezas naturais, como os rios e os prados de montanha, um elemento \u00fanico de sobreviv\u00eancia.<br \/>\nNa regi\u00e3o s\u00e3o v\u00e1rios os vest\u00edgios de passagem de outros povos, como os \u00e1rabes, e a ocupa\u00e7\u00e3o territorial come\u00e7ou apenas por ser sazonal, para pastar os animais e cultivar as zonas f\u00e9rteis da montanha. Contudo come\u00e7aram a ser cada vez mais pastores e agricultores a utilizar esta regi\u00e3o e consequentemente passaram a construir mais casas nas aldeias at\u00e9 que passaram a fixar as suas fam\u00edlias e formaram verdadeiras comunidades.<br \/>\nEstas aldeias que foram nascendo do solo xistoso quase naturalmente como as \u00e1rvores, permitindo uma simbiose entre Homem e Natureza durante os \u00faltimos s\u00e9culos, nunca deixaram de respeitar a natureza \u00e0 sua volta, sens\u00edvel, e foram mantendo muitos cursos de \u00e1gua e bosques primitivos, essencialmente de carvalhos, sobreiro e medronho, e consequentemente todos os seres que os escolhiam para viver, como os corsos, javalis, salamandra-lusit\u00e2nica e o guarda-rios.<br \/>\nCom o tempo e evolu\u00e7\u00e3o o Homem abandonou estas terras e as Aldeias do Xisto, mas a Natureza n\u00e3o.<br \/>\nHoje voltamos \u00e0s Aldeias do Xisto e percebemos a beleza natural que l\u00e1 continua a existir e a integra\u00e7\u00e3o harmoniosa do Homem, tanto no passado como no presente e futuro.<\/p>\n<h3>Programa:<\/h3>\n<ul>\n<li>09:45 \u2013 Ponto de encontro em Lous\u00e3;<\/li>\n<li>10:30 \u2013 In\u00edcio da caminhada em Aigra Nova &#8211; Trilho dos Penedos de G\u00f3is<\/li>\n<li>10:45 \u2013 Visita ao Ecomuseu Tradi\u00e7\u00f5es do Xisto<\/li>\n<li>12:30 \u2013 Passagem pela Aldeia de Aigra Velha<\/li>\n<li>13:30 \u2013 Almo\u00e7o volante \u2013 Aldeia da Pena<\/li>\n<li>15:30 \u2013 Passagem pela Aldeia de Comareira<\/li>\n<li>17:00 \u2013 Fim da Caminhada<\/li>\n<\/ul>\n<h3>Descri\u00e7\u00e3o:<\/h3>\n<p>Percurso de pequena rota com extens\u00e3o aproximada de 12 Km, maioritariamente marcado, de grau de dificuldade reduzida, com pouco desn\u00edvel acumulado e pouco acentuado.<br \/>\nOs caminhos a percorrer ser\u00e3o essencialmente de terra batida e pedra pelo que se aconselha os participantes e levarem boas de montanhismo ou sapatilhas de sola dura.<br \/>\nO percurso ter\u00e1 inicio e fim no mesmo ponto, em Aigra Nova, no local onde os carros ficar\u00e3o estacionados.<\/p>\n<p><strong>Pontos de Interesse:<\/strong><\/p>\n<ul>\n<li>Penedos de G\u00f3is e Ribeira de Pena<\/li>\n<li>Ecomuseu das Tradi\u00e7\u00f5es do Xisto<\/li>\n<li>Aldeias do Xisto do Aigra Nova, Aigra Velha, Pena e Comareira<\/li>\n<li>F\u00f3sseis marinhos da Aldeia da Pena<\/li>\n<li>Biodiversidade da Serra da Lous\u00e3.<\/li>\n<\/ul>\n<p>Uma parte do percurso pode n\u00e3o ter cobertura de rede de telem\u00f3vel.<\/p>\n<h3>Equipamento:<\/h3>\n<ul>\n<li>Aconselha-se, tendo em conta o tipo de piso, a que se use botas de montanhismo ou sapatilhas de sola dura.<\/li>\n<li>Protec\u00e7\u00e3o solar;<\/li>\n<li>M\u00e1quina fotogr\u00e1fica ou de filmar;<\/li>\n<li>Bin\u00f3culos;<\/li>\n<\/ul>\n<h3>Alimenta\u00e7\u00e3o:<\/h3>\n<p>Durante o dia a alimenta\u00e7\u00e3o ser\u00e1 volante e baseada em sandwiches, barritas, bolachas e afins. Durante o percurso iremos passar nas aldeias mas n\u00e3o \u00e9 garantido que se encontrem lojas de restaura\u00e7\u00e3o ou para compra de mercearia abertas pelo que os participantes devem levar todos os mantimentos logo na partida.<br \/>\n\u00c9 obrigat\u00f3rio levar \u00e1gua e\/ou outros l\u00edquidos.<br \/>\nNo in\u00edcio e final do percurso poderemos reabastecer na Lous\u00e3.<\/p>\n<h3>Inscri\u00e7\u00f5es:<\/h3>\n<p>Actividade limitada a 15 inscri\u00e7\u00f5es, sendo a data limite o dia 23 de Outubro;<\/p>\n<ul>\n<li>Custo para s\u00f3cios: 2\u20ac<\/li>\n<li>Custo para n\u00e3o s\u00f3cios: 3\u20ac<\/li>\n<\/ul>\n<p>\u00c9 obrigat\u00f3rio possuir seguro para participar nesta actividade. Para os participantes que ainda n\u00e3o tenham subscrito o seguro anual da Vento Norte acresce o valor de 4\u20ac. Este seguro \u00e9 v\u00e1lido para todas as actividades da Vento Norte durante este ano.<\/p>\n<p>Todas as inscri\u00e7\u00f5es e d\u00favidas devem ser enviadas para o mail <a href=\"mailto:montanhismo.vn@gmail.com\">montanhismo.vn@gmail.com<\/a> ou por telem\u00f3vel 964871922 (Carlos Faria) ou 917956403 (Ana Costa).<\/p>\n<h3>Transporte:<\/h3>\n<p>O transporte fica a cargo dos participantes, havendo possibilidade de partilhar carro no sentido de a actividade se tornar mais sustent\u00e1vel e diminuir os custos da desloca\u00e7\u00e3o. Caso esteja interessado envie mail \u00e0 Vento Norte.<\/p>\n","protected":false},"excerpt":{"rendered":"<p>As Aldeias do Xisto foram nascendo quase naturalmente como as \u00e1rvores, permitindo uma simbiose entre Homem e Natureza durante os \u00faltimos s\u00e9culos, atrav\u00e9s da utiliza\u00e7\u00e3o do recurso mais abundante no solo da regi\u00e3o e sem nunca deixar de respeitar a natureza \u00e0 sua volta, sens\u00edvel e silenciosa.<\/p>\n<p>A sua g\u00e9nese deu-se com a pastor\u00edcia e agricultura e o seu fim com a evolu\u00e7\u00e3o e emigra\u00e7\u00e3o mas hoje voltamos \u00e0s Aldeias do Xisto e percebemos a beleza natural que l\u00e1 continua a existir e a integra\u00e7\u00e3o harmoniosa do Homem, tanto no passado como no presente e futuro.<\/p>\n","protected":false},"author":1,"featured_media":2404,"comment_status":"open","ping_status":"open","sticky":false,"template":"","format":"standard","meta":{"ngg_post_thumbnail":0,"footnotes":""},"categories":[11],"tags":[],"class_list":["post-2403","post","type-post","status-publish","format-standard","has-post-thumbnail","hentry","category-montanhismo"],"_links":{"self":[{"href":"https:\/\/www.ventonorte.com\/index.php?rest_route=\/wp\/v2\/posts\/2403","targetHints":{"allow":["GET"]}}],"collection":[{"href":"https:\/\/www.ventonorte.com\/index.php?rest_route=\/wp\/v2\/posts"}],"about":[{"href":"https:\/\/www.ventonorte.com\/index.php?rest_route=\/wp\/v2\/types\/post"}],"author":[{"embeddable":true,"href":"https:\/\/www.ventonorte.com\/index.php?rest_route=\/wp\/v2\/users\/1"}],"replies":[{"embeddable":true,"href":"https:\/\/www.ventonorte.com\/index.php?rest_route=%2Fwp%2Fv2%2Fcomments&post=2403"}],"version-history":[{"count":8,"href":"https:\/\/www.ventonorte.com\/index.php?rest_route=\/wp\/v2\/posts\/2403\/revisions"}],"predecessor-version":[{"id":2421,"href":"https:\/\/www.ventonorte.com\/index.php?rest_route=\/wp\/v2\/posts\/2403\/revisions\/2421"}],"wp:featuredmedia":[{"embeddable":true,"href":"https:\/\/www.ventonorte.com\/index.php?rest_route=\/wp\/v2\/media\/2404"}],"wp:attachment":[{"href":"https:\/\/www.ventonorte.com\/index.php?rest_route=%2Fwp%2Fv2%2Fmedia&parent=2403"}],"wp:term":[{"taxonomy":"category","embeddable":true,"href":"https:\/\/www.ventonorte.com\/index.php?rest_route=%2Fwp%2Fv2%2Fcategories&post=2403"},{"taxonomy":"post_tag","embeddable":true,"href":"https:\/\/www.ventonorte.com\/index.php?rest_route=%2Fwp%2Fv2%2Ftags&post=2403"}],"curies":[{"name":"wp","href":"https:\/\/api.w.org\/{rel}","templated":true}]}}