{"id":2411,"date":"2014-10-15T19:15:38","date_gmt":"2014-10-15T19:15:38","guid":{"rendered":"http:\/\/www.ventonorte.com\/?p=2411"},"modified":"2014-11-06T12:03:15","modified_gmt":"2014-11-06T12:03:15","slug":"trilho-do-sobreiral-da-ermida-do-geres-terras-de-bouro-1112014","status":"publish","type":"post","link":"https:\/\/www.ventonorte.com\/?p=2411","title":{"rendered":"Trilho do Sobreiral da Ermida do Ger\u00eas &#8211; Terras de Bouro [1\/11\/2014]"},"content":{"rendered":"<h1 style=\"text-align: center;\"><img loading=\"lazy\" decoding=\"async\" class=\"aligncenter wp-image-2405\" src=\"http:\/\/www.ventonorte.com\/wp-content\/uploads\/DSC05954-1024x768.jpg\" alt=\"DSC05954\" width=\"551\" height=\"413\" srcset=\"https:\/\/www.ventonorte.com\/wp-content\/uploads\/DSC05954-1024x768.jpg 1024w, https:\/\/www.ventonorte.com\/wp-content\/uploads\/DSC05954-150x112.jpg 150w, https:\/\/www.ventonorte.com\/wp-content\/uploads\/DSC05954-300x225.jpg 300w\" sizes=\"auto, (max-width: 551px) 100vw, 551px\" \/>&#8220;Caminhada para Todos&#8221;<\/h1>\n<h2 style=\"text-align: center;\">Trilho do Sobreiral da Ermida do Ger\u00eas<\/h2>\n<h2 style=\"text-align: center;\">(PR14 \u2013 Terras de Bouro)<\/h2>\n<h3 style=\"text-align: center;\">01-11-2014<\/h3>\n<p>Este trilho passa por zonas campestres, ribeirinhas, florestais e de matos junto \u00e0 aldeia da Ermida, freguesia de Vilar da Veiga. Uma parte apreci\u00e1vel do percurso desenvolve-se em estrad\u00e3o, passando pela ponte do Arado e por diversos Currais.<br \/>\nJunto \u00e0 Tribela, vira-se \u00e0 direita iniciando uma longa e acentuada descida por um estrad\u00e3o que nos leva at\u00e9 \u00e0 estrada Ermida \/ Fafi\u00e3o. Aqui viramos novamente \u00e0 direita, percorrendo uns 300 metros na estrada at\u00e9 entrar no bosque que nos leva at\u00e9 \u00e0 Ponte de Relvas a partir da qual iniciamos uma acentuada subida para a Ermida.<\/p>\n<ul>\n<li>Extens\u00e3o: 14 km<\/li>\n<li>Dura\u00e7\u00e3o aproximada: 5 horas<\/li>\n<li>Grau de dificuldade: moderado<\/li>\n<li>Localiza\u00e7\u00e3o: Ger\u00eas (Lugar da Ermida &#8211; Vilar da Veiga)<\/li>\n<li>Ponto de partida\/chegada: Lugar da Ermida (N 41\u00b042\u201907,32\u2019\u2019 \/ W 8\u00b007\u201946,60\u2019\u2019)<\/li>\n<li>Tipo de percurso: pequena rota, circular, de interesse ambiental e paisag\u00edstico.<\/li>\n<\/ul>\n<p><strong>Motivos de interesse:<\/strong> Miradouro e aldeia da Ermida, Ponte e cascata do Arado, Currais da Malhadoura, Portos e Cortes.<\/p>\n<h3>Programa<\/h3>\n<p>9h00 &#8211; Ponto de encontro I \u2013 pontes de rio caldo<\/p>\n<p>9h30 \u2013 Ponto de encontro II\/in\u00edcio da caminhada: lugar da Ermida.<\/p>\n<p>15h00 &#8211; Fim do percurso.<\/p>\n<h3>Como chegar:<\/h3>\n<p>A partir de Braga, seguir em dire\u00e7\u00e3o na estrada de Vieira do Minho. A seguir \u00e0s Cerdeirinhas, virar \u00e0 esquerda em dire\u00e7\u00e3o \u00e0 Vila do Ger\u00eas.<br \/>\nUns 2\/3 km a seguir \u00e0s pontes, virar \u00e0 direita em dire\u00e7\u00e3o \u00e0 aldeia da Ermida.<\/p>\n<h3>Inscri\u00e7\u00f5es:<\/h3>\n<ul>\n<li><a href=\"montanhismo.vn@gmail.com\">montanhismo.vn@gmail.com<\/a><\/li>\n<\/ul>\n<p>&nbsp;<\/p>\n<p>&nbsp;<\/p>\n","protected":false},"excerpt":{"rendered":"<p>Este trilho passa por zonas campestres, ribeirinhas, florestais e de matos junto \u00e0 aldeia da Ermida, freguesia de Vilar da Veiga. Uma parte apreci\u00e1vel do percurso desenvolve-se em estrad\u00e3o, passando pela ponte do Arado e por diversos Currais.<br \/>\nJunto \u00e0 Tribela, vira-se \u00e0 direita iniciando uma longa e acentuada descida por um estrad\u00e3o que nos leva at\u00e9 \u00e0 estrada Ermida \/ Fafi\u00e3o. Aqui viramos novamente \u00e0 direita, percorrendo uns 300 metros na estrada at\u00e9 entrar no bosque que nos leva at\u00e9 \u00e0 Ponte de Relvas a partir da qual iniciamos uma acentuada subida para a Ermida.<\/p>\n","protected":false},"author":1,"featured_media":2405,"comment_status":"open","ping_status":"open","sticky":false,"template":"","format":"standard","meta":{"ngg_post_thumbnail":0,"footnotes":""},"categories":[11],"tags":[],"class_list":["post-2411","post","type-post","status-publish","format-standard","has-post-thumbnail","hentry","category-montanhismo"],"_links":{"self":[{"href":"https:\/\/www.ventonorte.com\/index.php?rest_route=\/wp\/v2\/posts\/2411","targetHints":{"allow":["GET"]}}],"collection":[{"href":"https:\/\/www.ventonorte.com\/index.php?rest_route=\/wp\/v2\/posts"}],"about":[{"href":"https:\/\/www.ventonorte.com\/index.php?rest_route=\/wp\/v2\/types\/post"}],"author":[{"embeddable":true,"href":"https:\/\/www.ventonorte.com\/index.php?rest_route=\/wp\/v2\/users\/1"}],"replies":[{"embeddable":true,"href":"https:\/\/www.ventonorte.com\/index.php?rest_route=%2Fwp%2Fv2%2Fcomments&post=2411"}],"version-history":[{"count":5,"href":"https:\/\/www.ventonorte.com\/index.php?rest_route=\/wp\/v2\/posts\/2411\/revisions"}],"predecessor-version":[{"id":2433,"href":"https:\/\/www.ventonorte.com\/index.php?rest_route=\/wp\/v2\/posts\/2411\/revisions\/2433"}],"wp:featuredmedia":[{"embeddable":true,"href":"https:\/\/www.ventonorte.com\/index.php?rest_route=\/wp\/v2\/media\/2405"}],"wp:attachment":[{"href":"https:\/\/www.ventonorte.com\/index.php?rest_route=%2Fwp%2Fv2%2Fmedia&parent=2411"}],"wp:term":[{"taxonomy":"category","embeddable":true,"href":"https:\/\/www.ventonorte.com\/index.php?rest_route=%2Fwp%2Fv2%2Fcategories&post=2411"},{"taxonomy":"post_tag","embeddable":true,"href":"https:\/\/www.ventonorte.com\/index.php?rest_route=%2Fwp%2Fv2%2Ftags&post=2411"}],"curies":[{"name":"wp","href":"https:\/\/api.w.org\/{rel}","templated":true}]}}