{"id":2434,"date":"2014-10-30T13:02:02","date_gmt":"2014-10-30T13:02:02","guid":{"rendered":"http:\/\/www.ventonorte.com\/?p=2434"},"modified":"2014-11-15T11:11:58","modified_gmt":"2014-11-15T11:11:58","slug":"festa-do-outono-vinhais-15-16112014","status":"publish","type":"post","link":"https:\/\/www.ventonorte.com\/?p=2434","title":{"rendered":"Festa do Outono &#8211; Vinhais [15-16\/11\/2014]"},"content":{"rendered":"<h1 style=\"text-align: center;\"><img loading=\"lazy\" decoding=\"async\" class=\"aligncenter wp-image-2435\" src=\"http:\/\/www.ventonorte.com\/wp-content\/uploads\/cogumelos1.jpg\" alt=\"cogumelos1\" width=\"551\" height=\"413\" srcset=\"https:\/\/www.ventonorte.com\/wp-content\/uploads\/cogumelos1.jpg 800w, https:\/\/www.ventonorte.com\/wp-content\/uploads\/cogumelos1-150x112.jpg 150w, https:\/\/www.ventonorte.com\/wp-content\/uploads\/cogumelos1-300x225.jpg 300w\" sizes=\"auto, (max-width: 551px) 100vw, 551px\" \/>Festa do Outono<\/h1>\n<h2 style=\"text-align: center;\">Vinhais<\/h2>\n<h3 style=\"text-align: center;\">15 e 16 Novembro 2014<\/h3>\n<p>Localizado no extremo nordeste portugu\u00eas, o Parque Natural de Montesinho abrange a parte setentrional dos concelhos de Bragan\u00e7a e Vinhais, englobando as serras de Montesinho e Coroa, ocupando deste modo um quadril\u00e1tero bem encaixado na cordilheira da Sanabria, que influencia directamente o seu clima.<br \/>\nCom uma superf\u00edcie de 74 229 hectares, a sua classifica\u00e7\u00e3o como Parque Natural baseia-se na exist\u00eancia de popula\u00e7\u00f5es e comunidades animais representativas da fauna ib\u00e9rica e europeia ainda em relativa abund\u00e2ncia e estabilidade, incluindo muitas das esp\u00e9cies amea\u00e7adas da fauna portuguesa, bem como uma vegeta\u00e7\u00e3o natural de grande import\u00e2ncia a n\u00edvel nacional e mundial, que associadas \u00e0 reduzida press\u00e3o humana verificada em quase todo o seu territ\u00f3rio permite que grande parte dos processos ecol\u00f3gicos evolua em padr\u00f5es muito pr\u00f3ximos dos naturais.<br \/>\nA enorme diversidade da vegeta\u00e7\u00e3o pode ser observada em percursos de poucos quil\u00f3metros, encontrando-se carvalhais, soutos, sardoais, bosques rip\u00edcolas, giestais, urzais, estevais, lameiros, etc.. Os carvalhais situados no Parque, dominados pelo carvalho-negral Quercus pyrenaica constituindo uma das maiores e mais importantes manchas desta esp\u00e9cie, que se prolonga at\u00e9 \u00e0 serra da Nogueira.<br \/>\nEm termos faun\u00edsticos, observa-se uma elevada diversidade biol\u00f3gica, resultante da diversidade de habitats que ocorrem nesta \u00e1rea de montanha. Est\u00e3o referenciadas para o Parque Natural de Montesinho 70% das esp\u00e9cies de Mam\u00edferos terrestres ocorrentes em Portugal (frequentemente se encontram corsos, javalis e raposas), apresentando cerca de 10% destas esp\u00e9cies estatuto de amea\u00e7ado no Livro Vermelho dos Vertebrados Portugueses. \u00c9 de destacar a presen\u00e7a de uma das mais importantes popula\u00e7\u00f5es de lobo-ib\u00e9rico Canis lupus. Em rela\u00e7\u00e3o aos r\u00e9pteis e anf\u00edbios, podem ser observados nesta \u00e1rea 50% dos endemismos Ib\u00e9ricos existentes em Portugal continental.<\/p>\n<p>Qualquer altura do ano \u00e9 uma boa altura para visitar o Porque Natural de Montesinho. Mas o Outono \u00e9 a sua excel\u00eancia! Seja pelas diferentes tonalidades dos seus carvalhos, sejam pelos cogumelos que nascem \u201cespontaneamente\u201d, seja pelas saborosas castanhas que as suas terras produzem, sejam pelos corsos e javalis que por ali abundam tudo s\u00e3o bons motivos para vir com a Vento Norte festejar o Outono no Parque Natural de Montesinho.<\/p>\n<h3>Programa:<\/h3>\n<p><strong>Dia 15 de Novembro (S\u00e1bado)<\/strong><\/p>\n<ul>\n<li>10:00 \u2013 Recep\u00e7\u00e3o aos Participantes;<\/li>\n<li>10:20 \u2013 Visita Parque Biol\u00f3gico Vinhais<\/li>\n<li>13:00 \u2013 Chegada \u00e0 Casa da Hospedaria &#8211; Almo\u00e7o<\/li>\n<li>14:00 \u2013 Caminhando pela Ribeira de Ladr\u00f5es<\/li>\n<li>19:30 \u2013 Jantar<\/li>\n<li>21:00 \u2013 Viva o S\u00e3o Martinho (com Castanhas e Vinho)<\/li>\n<li>22:00 \u2013 Conversas \u00e0 lareira!<\/li>\n<\/ul>\n<p><strong>Dia 16 de Novembro (Domingo)<\/strong><\/p>\n<ul>\n<li>08:30 \u2013 Despertar<\/li>\n<li>09:30 \u2013 Visita ao Castanheiro de Lagarelhos<\/li>\n<li>10:00 \u2013 Caminhando por Moimenta \u2013 Entre Soutos, Tou\u00e7os e Tuela<\/li>\n<li>12:30 \u2013 Almo\u00e7o volante<\/li>\n<li>15:00 \u2013 Elabora\u00e7\u00e3o de uma sementeira de carvalhos e castanheiros<\/li>\n<li>16:00 \u2013 Fim da actividade<\/li>\n<\/ul>\n<h3>Descri\u00e7\u00e3o:<\/h3>\n<p>A atividade pretende Festejar o Outono e v\u00e1rios dos seus elementos como a castanha, os cogumelos e os tons caracter\u00edsticos da \u00e9poca!<\/p>\n<p>A atividade ter\u00e1 pequenas caminhadas, todas elas de n\u00edvel f\u00e1cil, indicadas para toda a fam\u00edlia e todas as idades e ter\u00e3o forte componente de educa\u00e7\u00e3o ambiental, estando envolvida no \u00e2mbito dos Passaportes dos Parques Naturais.<\/p>\n<p>O centro da atividade ser\u00e1 em Vinhais (Rio de Fornos) e ficaremos alojados todos juntos na Hospedaria, um edif\u00edcio hist\u00f3rico e renovado que apresenta condi\u00e7\u00f5es fant\u00e1sticas para o nosso grupo, quer em termos de dormidas, refei\u00e7\u00f5es e conv\u00edvio;<\/p>\n<h3>Alojamento:<\/h3>\n<p>Os participantes ficar\u00e3o albergados na Hospedaria do Parque, um Solar Setecentista localizado na aldeia de Rio de Fornos, Vinhais, que foi recuperado recentemente e que oferece condi\u00e7\u00f5es \u00fanicas para albergar grupos e fam\u00edlias.<br \/>\nA Hospedaria possui quartos individuais e v\u00e1rios quartos com camaratas sendo a ordem de ocupa\u00e7\u00e3o pela ordem de inscri\u00e7\u00e3o e conforme as vagas dispon\u00edveis.<br \/>\nOs participantes n\u00e3o precisam de levar roupa limpa de cama nem de banho, possuindo ainda cozinha\/refeit\u00f3rio e sala de estar.<\/p>\n<p>Para ver imagens podem consultar os seguintes link`s:<\/p>\n<p>http:\/\/www.parquebiologicodevinhais.com\/alojamento\/hospedaria#<br \/>\nhttp:\/\/www.reinomaravilhoso.com\/onde-dormir\/alojamento.php?aloj=93\/hospedaria-p-biologico-de-vinhais_vinhais_turismo-no-espaco-rural<\/p>\n<h3>Pontos de Interesse:<\/h3>\n<ul>\n<li>Parque Natural de Montesinho;<\/li>\n<li>Tou\u00e7os, Soutos e Castanheiros Centen\u00e1rios;<\/li>\n<li>Magusto;<\/li>\n<li>Cogumelos;<\/li>\n<li>Parque Biol\u00f3gico de Vinhais;<\/li>\n<li>Cores do Outono \u2013 Fotografia;<\/li>\n<li>Passaporte dos Parques Naturais \u2013 Vento Norte<\/li>\n<\/ul>\n<h3>Equipamento (opcional):<\/h3>\n<ul>\n<li>Aconselha-se, tendo em conta a altura do ano, roupa quente e imperme\u00e1vel, pois mesmo que esteja sol durante o dia as noites s\u00e3o frias;<\/li>\n<li>Aconselha-se, tendo em conta o tipo de piso, a que se use botas de montanhismo ou sapatilhas de sola dura para as caminhadas;<\/li>\n<li>M\u00e1quina fotogr\u00e1fica ou de filmar;<\/li>\n<li>Bin\u00f3culos;<\/li>\n<li>Alimenta\u00e7\u00e3o:<\/li>\n<\/ul>\n<p>A Hospedaria possui cozinha e sala de refeit\u00f3rio para quem desejar cozinhar ou aquecer comida. Existem perto da Hospedaria restaurantes para comer, nomeadamente para o jantar de s\u00e1bado. O almo\u00e7o de domingo ser\u00e1 volante, bem como os lanches durante as caminhadas. As op\u00e7\u00f5es de comida ser\u00e3o da responsabilidade de cada participante.<\/p>\n<h3>Inscri\u00e7\u00f5es:<\/h3>\n<p>Actividade limitada a 30 inscri\u00e7\u00f5es, sendo a data limite o dia 12 de Novembro;<\/p>\n<p style=\"padding-left: 30px;\"><strong>Custo para s\u00f3cios \u2013 crian\u00e7as: 13\u20ac<\/strong><br \/>\n<strong> Custo para s\u00f3cios \u2013 adultos: 15\u20ac<\/strong><br \/>\n<strong> Custo para n\u00e3o s\u00f3cios \u2013 crian\u00e7as: 16\u20ac<\/strong><br \/>\n<strong> Custo para n\u00e3o s\u00f3cios \u2013 adultos: 20\u20ac<\/strong><br \/>\n<strong> Custo para beb\u00e9s (sem ocupa\u00e7\u00e3o de cama): gratuito<\/strong><\/p>\n<p>\u00c9 obrigat\u00f3rio possuir seguro para participar nesta actividade. Para os participantes que ainda n\u00e3o tenham subscrito o seguro anual da Vento Norte acresce o valor de 4\u20ac. Este seguro \u00e9 v\u00e1lido para todas as actividades da Vento Norte durante at\u00e9 aprova\u00e7\u00e3o do novo plano de actividades em Mar\u00e7o 2015.<\/p>\n<p>A inscri\u00e7\u00e3o deve ser paga por transfer\u00eancia banc\u00e1ria para o <strong>NIB da Vento Norte &#8211; 003300000019278061405<\/strong>.<\/p>\n<p>Todas as inscri\u00e7\u00f5es e d\u00favidas devem ser enviadas para o mail <a href=\"mailto:geral@ventonorte.com\">geral@ventonorte.com<\/a> ou por telem\u00f3vel 964871922 (Carlos Faria).<\/p>\n<h3>Transporte:<\/h3>\n<p>O transporte fica a cargo dos participantes, havendo possibilidade de partilhar carro no sentido de a actividade se tornar mais sustent\u00e1vel e diminuir os custos da desloca\u00e7\u00e3o. Caso esteja interessado envie mail \u00e0 Vento Norte.<\/p>\n<p>&nbsp;<\/p>\n<p>&nbsp;<\/p>\n<p>.<\/p>\n","protected":false},"excerpt":{"rendered":"<p>Qualquer altura do ano \u00e9 uma boa altura para visitar o Porque Natural de Montesinho. Mas o Outono \u00e9 a sua excel\u00eancia! Seja pelas diferentes tonalidades dos seus carvalhos, sejam pelos cogumelos que nascem \u201cespontaneamente\u201d, seja pelas saborosas castanhas que as suas terras produzem, sejam pelos corsos e javalis que por ali abundam tudo s\u00e3o bons motivos para vir com a Vento Norte festejar o Outono no Parque Natural de Montesinho\u2026<\/p>\n","protected":false},"author":1,"featured_media":2435,"comment_status":"open","ping_status":"open","sticky":false,"template":"","format":"standard","meta":{"ngg_post_thumbnail":0,"footnotes":""},"categories":[11],"tags":[],"class_list":["post-2434","post","type-post","status-publish","format-standard","has-post-thumbnail","hentry","category-montanhismo"],"_links":{"self":[{"href":"https:\/\/www.ventonorte.com\/index.php?rest_route=\/wp\/v2\/posts\/2434","targetHints":{"allow":["GET"]}}],"collection":[{"href":"https:\/\/www.ventonorte.com\/index.php?rest_route=\/wp\/v2\/posts"}],"about":[{"href":"https:\/\/www.ventonorte.com\/index.php?rest_route=\/wp\/v2\/types\/post"}],"author":[{"embeddable":true,"href":"https:\/\/www.ventonorte.com\/index.php?rest_route=\/wp\/v2\/users\/1"}],"replies":[{"embeddable":true,"href":"https:\/\/www.ventonorte.com\/index.php?rest_route=%2Fwp%2Fv2%2Fcomments&post=2434"}],"version-history":[{"count":3,"href":"https:\/\/www.ventonorte.com\/index.php?rest_route=\/wp\/v2\/posts\/2434\/revisions"}],"predecessor-version":[{"id":2440,"href":"https:\/\/www.ventonorte.com\/index.php?rest_route=\/wp\/v2\/posts\/2434\/revisions\/2440"}],"wp:featuredmedia":[{"embeddable":true,"href":"https:\/\/www.ventonorte.com\/index.php?rest_route=\/wp\/v2\/media\/2435"}],"wp:attachment":[{"href":"https:\/\/www.ventonorte.com\/index.php?rest_route=%2Fwp%2Fv2%2Fmedia&parent=2434"}],"wp:term":[{"taxonomy":"category","embeddable":true,"href":"https:\/\/www.ventonorte.com\/index.php?rest_route=%2Fwp%2Fv2%2Fcategories&post=2434"},{"taxonomy":"post_tag","embeddable":true,"href":"https:\/\/www.ventonorte.com\/index.php?rest_route=%2Fwp%2Fv2%2Ftags&post=2434"}],"curies":[{"name":"wp","href":"https:\/\/api.w.org\/{rel}","templated":true}]}}