{"id":2442,"date":"2014-11-15T11:11:54","date_gmt":"2014-11-15T11:11:54","guid":{"rendered":"http:\/\/www.ventonorte.com\/?p=2442"},"modified":"2014-12-16T12:56:15","modified_gmt":"2014-12-16T12:56:15","slug":"serra-da-estrela-6-8122014","status":"publish","type":"post","link":"https:\/\/www.ventonorte.com\/?p=2442","title":{"rendered":"Serra da Estrela [6-8\/12\/2014]"},"content":{"rendered":"<h1 style=\"text-align: center;\"><img loading=\"lazy\" decoding=\"async\" class=\"aligncenter size-full wp-image-2443\" src=\"http:\/\/www.ventonorte.com\/wp-content\/uploads\/SerraEstrela.png\" alt=\"SerraEstrela\" width=\"386\" height=\"263\" srcset=\"https:\/\/www.ventonorte.com\/wp-content\/uploads\/SerraEstrela.png 386w, https:\/\/www.ventonorte.com\/wp-content\/uploads\/SerraEstrela-150x102.png 150w, https:\/\/www.ventonorte.com\/wp-content\/uploads\/SerraEstrela-300x204.png 300w\" sizes=\"auto, (max-width: 386px) 100vw, 386px\" \/><br \/>\nSerra da Estrela<\/h1>\n<h3 style=\"text-align: center;\">06 A 08 de dezembro 2014<\/h3>\n<p>&nbsp;<\/p>\n<p>O Parque Natural da Serra da Estrela (PNSE) fica no centro interior de Portugal essencialmente no distrito da Guarda (85%) e tamb\u00e9m no distrito de Castelo Branco (15%). Marcado por maci\u00e7os rochosos de granito, xisto e xistograuvaquicos e vest\u00edgios de antigos glaciares, a elevada altitude e localiza\u00e7\u00e3o do parque natural tornam-no um dos locais de Portugal continental com maior ocorr\u00eancia de chuva, neve, granizo e orvalho.<\/p>\n<p>A import\u00e2ncia desta \u00e1rea faz com que seja Reserva Biogen\u00e9tica. Em 2000, foi designada uma \u00e1rea de 88 295 hectares como S\u00edtio de interesse biol\u00f3gico e passou a integrar a Rede Natura 2000. Com valores naturais relevantes, incluindo algumas esp\u00e9cies de flora \u00fanicas no pa\u00eds, nos animais destaca-se o lobo (Canis lupus), o javali, a lontra, a raposa (Vulpes vulpes), a lagartixa-de-montanha (Lacerta monticola monticola), a geneta (Genetta genetta) e o coelho-bravo-europeu (Oryctolagus cuniculus) entre outros.1<\/p>\n<p>Entre as diversas atividades que tem para oferecer destacam-se os percursos pedestres assinalados e um centro de interpreta\u00e7\u00e3o. Nas atividades econ\u00f3micas \u00e9 relevante a import\u00e2ncia do queijo Serra da Estrela e da \u00fanica est\u00e2ncia de ski no pa\u00eds.<\/p>\n<p style=\"text-align: right;\"><em>In: wikip\u00e9dia<\/em><\/p>\n<p>&nbsp;<\/p>\n<h3>Programa<\/h3>\n<p><strong>06 de dezembro (s\u00e1bado)<\/strong><\/p>\n<ul>\n<li>8h00 Sa\u00edda de VN Famalic\u00e3o<\/li>\n<li>11h30 Ponto de encontro &#8211; Pousada de Juventude das Penhas da Sa\u00fade<\/li>\n<li>12h00 In\u00edcio do Trilho das Penhas da Sa\u00fade &#8211; (Dificuldade baixa +\/- 3h30)<br \/>\nO trilho \u00e9 bastante acess\u00edvel, no entanto \u00e9 poss\u00edvel que em algumas zona esteja coberto por vegeta\u00e7\u00e3o. \u00c9 um percurso circular que decorre no planalto a poente das Penhas da Sa\u00fade.<br \/>\nEntrada na Pousada de Juventude<\/li>\n<li>19h00 Jantar na Pousada da Juventude<\/li>\n<li>20h00 Workshop de fotografia da natureza &#8211; parte I<br \/>\nEscolha da foto do dia<br \/>\nDormida na Pousada de Juventude<\/li>\n<\/ul>\n<p><strong>07 de dezembro (domingo)<\/strong><\/p>\n<ul>\n<li>8h30 P.A. Na Pousada de Juventude<\/li>\n<li>9h30 Ap\u00f3s combina\u00e7\u00e3o de autom\u00f3veis partiremos pelo trilho da Garganta de Loriga, um trilho que segue um vale glaciar a poente da Torre e que liga Loriga \u00e0 Torre (Dificuldade m\u00e9dia +\/- 5h00)<\/li>\n<li>17h00 Visita ao Centro Comercial da Torre<\/li>\n<li>19h00 Jantar na Pousada da Juventude<\/li>\n<li>20h00 Workshop de fotografia da natureza &#8211; parte II<br \/>\nEscolha da foto do dia<br \/>\nDormida na Pousada de Juventude<\/li>\n<\/ul>\n<p><strong>08 de dezembro (2.\u00aa feira)<\/strong><\/p>\n<ul>\n<li>8h30 P.A. Na Pousada de Juventude<\/li>\n<li>9h30 In\u00edcio do Trilho das Fontes, junto ao parque da Campismo do Pi\u00e3o (Dificuldade baixa +\/- 3h00) .<br \/>\nEste trilho decorre na encosta da Serra voltada nascente, proporcionando uma vista panor\u00e2mica sobre a cidade da Covilh\u00e3 e toda a regi\u00e3o da Cova da Beira<\/li>\n<li>13h00 Regresso<\/li>\n<\/ul>\n<h3><\/h3>\n<h3>Descri\u00e7\u00e3o da atividade<\/h3>\n<p>Trata-se de uma atividade de dificuldade baixa, acess\u00edvel a praticantes de pequenas caminhadas, inclusive a crian\u00e7as a partir dos 8 anos. Dado decorrer j\u00e1 no final do Outono assume maior import\u00e2ncia a roupa de agasalho e cal\u00e7ado imperme\u00e1vel.<br \/>\nNo caso da presen\u00e7a de neve (tal com aconteceu em 2008, 2009, 2010 e 2011) os percursos podem ser alterados.<br \/>\nO alojamento ser\u00e1 na Pousada de Juventude de Penhas da Sa\u00fade em regime de meia pens\u00e3o. A pousada tem dispon\u00edvel cozinha de alberguista com utens\u00edlios de cozinha, fog\u00e3o e micro-ondas.<\/p>\n<p>&nbsp;<\/p>\n<h3>Inscri\u00e7\u00f5es e Log\u00edstica<\/h3>\n<p>Indicar nome, data de nascimento e n.\u00ba de BI, se possui transporte, lugares livres (por quest\u00f5es ambientais, de economia e log\u00edstica, tentaremos minimizar o n.\u00ba de autom\u00f3veis) e data, hora e montante do pagamento (atrav\u00e9s de transfer\u00eancia banc\u00e1ria).<br \/>\nemail: <a href=\"mailto:montanhismo.vn@gmail.com\">montanhismo.vn@gmail.com<\/a><\/p>\n<h3><\/h3>\n<h3>Pre\u00e7os<\/h3>\n<ul>\n<li>Geral 42,50 \u20ac<\/li>\n<\/ul>\n<p><em><strong>Suplementos e descontos<\/strong> <\/em><\/p>\n<ul>\n<li>N\u00e3o Associados +7,50 \u20ac<\/li>\n<li>Seguro* +5,00 \u20ac<\/li>\n<li>Quarto duplo no Bloco Novo +20,00 \u20ac<\/li>\n<li>Quarto duplo no Bloco Antigo +15,00 \u20ac<\/li>\n<li>Crian\u00e7as at\u00e9 11 anos (camarata) -15,00 \u20ac<\/li>\n<li>Crian\u00e7as at\u00e9 5 anos (Q. Duplo Ed. Novo)** Gr\u00e1tis<\/li>\n<li>Acompanhantes*** -5,00 \u20ac<\/li>\n<\/ul>\n<p><strong><em>Condi\u00e7\u00f5es<\/em><\/strong><\/p>\n<ul>\n<li>Inscri\u00e7\u00f5es at\u00e9 ao dia 21 de Novembro de 2014.<\/li>\n<li>A inscri\u00e7\u00e3o s\u00f3 se considera efetiva ap\u00f3s o pagamento.<\/li>\n<li>Cancelamentos at\u00e9 21 de Novembro &#8211; Devolu\u00e7\u00e3o da totalidade do Valor<\/li>\n<li>Cancelamentos 15 dias antes &#8211; Devolu\u00e7\u00e3o de 75% do Valor<\/li>\n<li>Cancelamentos 5 dias antes &#8211; Devolu\u00e7\u00e3o de 50% do Valor<\/li>\n<li>Cancelamentos a menos de 5 dias &#8211; N\u00e3o ser\u00e1 devolvida qualquer import\u00e2ncia<\/li>\n<li>Inclui: Alojamento e 1\/2 pens\u00e3o na Pousada de Juventude de Penhas da Sa\u00fade<\/li>\n<li>N\u00e3o inclui: Transporte e almo\u00e7os durante a atividade<\/li>\n<\/ul>\n<p>* Obrigat\u00f3rio, excepto para participantes que tenham seguro de acidentes pessoais que cubra montanhismo, que j\u00e1 tenham feito o seguro da Vento Norte para outra atividade ou que sejam praticantes federados.<br \/>\nO seguro ser\u00e1 v\u00e1lido para todas as atividades da Vento Norte at\u00e9 mar\u00e7o de 2015.<br \/>\n** Sem alimenta\u00e7\u00e3o; os pais devem levar cama de viagem; os quartos duplos do ed. principal n\u00e3o permitem camas extra.<br \/>\n*** Participantes que apenas pretendam usufruir do alojamento, sem participar nas caminhadas<\/p>\n<h3><\/h3>\n<h3>Equipamento indispens\u00e1vel<\/h3>\n<ul>\n<li>Botas de montanhismo, de prefer\u00eancia imperme\u00e1veis<\/li>\n<li>Casaco imperme\u00e1vel<\/li>\n<li>Roupa desportiva e confort\u00e1vel<\/li>\n<li>Correntes de neve para o carro tamb\u00e9m poder\u00e3o fazer falta<\/li>\n<\/ul>\n<p>&nbsp;<\/p>\n","protected":false},"excerpt":{"rendered":"<p>Serra da Estrela<br \/>\n06 A 08 de dezembro 2014<br \/>\n&nbsp;<br \/>\nO Parque Natural da Serra da Estrela (PNSE) fica no centro interior de Portugal essencialmente no distrito da Guarda (85%) e tamb\u00e9m no distrito de Castelo Branco (15%). Marcado por maci\u00e7os rochosos de granito, xisto e xistograuvaquicos e vest\u00edgios de antigos glaciares, a elevada altitude e localiza\u00e7\u00e3o do parque natural tornam-no um dos locais de Portugal continental com maior ocorr\u00eancia de chuva, neve, granizo e orvalho.<br \/>\nA import\u00e2ncia desta \u00e1rea faz com que seja Reserva Biogen\u00e9tica. Em 2000, foi designada uma \u00e1rea de 88 &#8230;<\/p>\n","protected":false},"author":1,"featured_media":2443,"comment_status":"open","ping_status":"open","sticky":false,"template":"","format":"standard","meta":{"ngg_post_thumbnail":0,"footnotes":""},"categories":[11],"tags":[],"class_list":["post-2442","post","type-post","status-publish","format-standard","has-post-thumbnail","hentry","category-montanhismo"],"_links":{"self":[{"href":"https:\/\/www.ventonorte.com\/index.php?rest_route=\/wp\/v2\/posts\/2442","targetHints":{"allow":["GET"]}}],"collection":[{"href":"https:\/\/www.ventonorte.com\/index.php?rest_route=\/wp\/v2\/posts"}],"about":[{"href":"https:\/\/www.ventonorte.com\/index.php?rest_route=\/wp\/v2\/types\/post"}],"author":[{"embeddable":true,"href":"https:\/\/www.ventonorte.com\/index.php?rest_route=\/wp\/v2\/users\/1"}],"replies":[{"embeddable":true,"href":"https:\/\/www.ventonorte.com\/index.php?rest_route=%2Fwp%2Fv2%2Fcomments&post=2442"}],"version-history":[{"count":6,"href":"https:\/\/www.ventonorte.com\/index.php?rest_route=\/wp\/v2\/posts\/2442\/revisions"}],"predecessor-version":[{"id":2449,"href":"https:\/\/www.ventonorte.com\/index.php?rest_route=\/wp\/v2\/posts\/2442\/revisions\/2449"}],"wp:featuredmedia":[{"embeddable":true,"href":"https:\/\/www.ventonorte.com\/index.php?rest_route=\/wp\/v2\/media\/2443"}],"wp:attachment":[{"href":"https:\/\/www.ventonorte.com\/index.php?rest_route=%2Fwp%2Fv2%2Fmedia&parent=2442"}],"wp:term":[{"taxonomy":"category","embeddable":true,"href":"https:\/\/www.ventonorte.com\/index.php?rest_route=%2Fwp%2Fv2%2Fcategories&post=2442"},{"taxonomy":"post_tag","embeddable":true,"href":"https:\/\/www.ventonorte.com\/index.php?rest_route=%2Fwp%2Fv2%2Ftags&post=2442"}],"curies":[{"name":"wp","href":"https:\/\/api.w.org\/{rel}","templated":true}]}}