{"id":2451,"date":"2014-12-24T07:39:48","date_gmt":"2014-12-24T07:39:48","guid":{"rendered":"http:\/\/www.ventonorte.com\/?p=2451"},"modified":"2015-01-06T14:39:06","modified_gmt":"2015-01-06T14:39:06","slug":"boas-festas-2","status":"publish","type":"post","link":"https:\/\/www.ventonorte.com\/?p=2451","title":{"rendered":"Boas Festas"},"content":{"rendered":"<h1><img loading=\"lazy\" decoding=\"async\" class=\"aligncenter size-full wp-image-2452\" src=\"http:\/\/www.ventonorte.com\/wp-content\/uploads\/VN-Natal-2014.gif\" alt=\"VN-Natal 2014\" width=\"533\" height=\"704\" \/><\/h1>\n<p>&nbsp;<\/p>\n<p>Caros S\u00f3cios e Amigos da Vento Norte<\/p>\n<p>Estamos praticamente a terminar 2014, ano particularmente dif\u00edcil para todos n\u00f3s e ao qual a Vento Norte n\u00e3o passou ao lado mas tentou adaptar-se da melhor forma poss\u00edvel para continuar a contribuir na educa\u00e7\u00e3o e sustentabilidade ambiental da nossa sociedade, sem nunca abdicar dos seus princ\u00edpios e valores.<\/p>\n<p>Foi gra\u00e7as \u00e0 dedica\u00e7\u00e3o dos s\u00f3cios da Vento Norte que, de forma volunt\u00e1ria mas com muita vontade e coragem, em 2014 conseguimos continuar a pagaiar nos nossos fant\u00e1sticos rios, a conhecer e celebrar a biodiversidade do nosso pa\u00eds, com carimbos no Sudoeste Alentejano, Montesinho, Serra da Estrela e Peneda-Ger\u00eas, continuamos a cultivar a nossa horta e a saborear os legumes desse mesmo trabalho, trocamos os carros pelas \u201cbiclas\u201d e pedalamos pelos nossos caminhos e ciclovias, conseguimos que cerca de 400 crian\u00e7as tivessem um dia de f\u00e9rias diferente a praticar orienta\u00e7\u00e3o na Devesa, ensinamos a cultivar e utilizar as ervas arom\u00e1ticas e continuamos a disfrutar da beleza de muitos dos nossos deslumbrantes trilhos e montanhas.<\/p>\n<p>Olhando para o que aconteceu ao longo deste ano no plano internacional a agenda pol\u00edtica continua a dar pequenos passos mas continuamos sem um grande compromisso global para combater as altera\u00e7\u00f5es clim\u00e1ticas. E as ultimas listas de biodiversidade vem demonstrar que temos de fazer muito mais para combater as extin\u00e7\u00f5es de esp\u00e9cies que ocorrem a um n\u00edvel avassalador. No panorama nacional, continuamos a viver tempos dif\u00edceis na \u00e1rea ambiental, \u00e1rea esta muito sens\u00edvel e descurada em tempos de crise em prol da economia, com constantes restri\u00e7\u00f5es financeiras quer ao n\u00edvel da vigil\u00e2ncia e fiscaliza\u00e7\u00e3o quer ao n\u00edvel da conserva\u00e7\u00e3o, educa\u00e7\u00e3o e desenvolvimento de medidas ambientais. Nos tempos que correm a palavra desenvolvimento foi substitu\u00edda por crescimento e todos n\u00f3s deveremos estar atentos para que a natureza n\u00e3o continue a ser \u201catropelada\u201d em prol deste mesmo crescimento. As altera\u00e7\u00f5es recentes no processo de floresta\u00e7\u00e3o e na gest\u00e3o e interven\u00e7\u00e3o nos recursos h\u00eddricos s\u00e3o simples exemplos que deveremos estar atentos para avaliar as mudan\u00e7as.<\/p>\n<p>Mais do que nunca o problema \u00e9 global mas a solu\u00e7\u00e3o ter\u00e1 sempre de partir da ac\u00e7\u00e3o de cada um de n\u00f3s, que temos de actuar localmente, no nosso meio, na nossa sociedade, e individualmente ou colectivamente deveremos continuar a aproveitar uma face desta crise para fazer as mudan\u00e7as de modo a sermos mais sustent\u00e1veis e interventivos em 2015, aumento dessa forma a nossa resili\u00eancia.<\/p>\n<p>Desta forma e para preparar n\u00e3o s\u00f3 o programa de actividades para 2015 mas tamb\u00e9m os corpos sociais e objectivos da Vento Norte para os pr\u00f3ximos anos, <strong>decidimos realizar no pr\u00f3ximo dia 10 de Janeiro uma reuni\u00e3o aberta a todos os s\u00f3cios que pretende ser uma consulta acerca do que poderemos melhorar e manter na Vento Norte, quer em termos program\u00e1ticos quer na aproxima\u00e7\u00e3o aos s\u00f3cios e n\u00e3o s\u00f3cios, quer na resolu\u00e7\u00e3o de alguns problemas da pr\u00f3pria Vento Norte<\/strong> que correm o risco de se tornarem cr\u00f3nicos, como a falta de um respons\u00e1vel na educa\u00e7\u00e3o ambiental\/ defesa do ambiente e pouca participa\u00e7\u00e3o dos s\u00f3cios nas rotinas da Vento Norte. Contamos com a ajuda de todos os s\u00f3cios, sendo nosso dever contribuir para o crescimento colectivo da Vento Norte e desta forma exercer igualmente cidadania.<\/p>\n<p>Mas a quadra \u00e9 festiva e de grande import\u00e2ncia, queremos desejar a todos os nossos Associados e todos os seus familiares, a todos os simpatizantes que acompanharam ao longo deste ano a Vento Norte e a todos os que respeitam o Ambiente, um Feliz Natal e um Pr\u00f3spero 2015, ou pelo menos n\u00e3o t\u00e3o austero.<\/p>\n<p>&nbsp;<\/p>\n<p>A Direc\u00e7\u00e3o da Vento Norte<\/p>\n<p>&nbsp;<\/p>\n<p>.<\/p>\n","protected":false},"excerpt":{"rendered":"<p>&nbsp;<br \/>\nCaros S\u00f3cios e Amigos da Vento Norte<br \/>\nEstamos praticamente a terminar 2014, ano particularmente dif\u00edcil para todos n\u00f3s e ao qual a Vento Norte n\u00e3o passou ao lado mas tentou adaptar-se da melhor forma poss\u00edvel para continuar a contribuir na educa\u00e7\u00e3o e sustentabilidade ambiental da nossa sociedade, sem nunca abdicar dos seus princ\u00edpios e valores.<br \/>\nFoi gra\u00e7as \u00e0 dedica\u00e7\u00e3o dos s\u00f3cios da Vento Norte que, de forma volunt\u00e1ria mas com muita vontade e coragem, em 2014 conseguimos continuar a pagaiar nos nossos fant\u00e1sticos rios, a conhecer e celebrar a biodiversidade do nosso &#8230;<\/p>\n","protected":false},"author":1,"featured_media":2452,"comment_status":"open","ping_status":"open","sticky":false,"template":"","format":"standard","meta":{"ngg_post_thumbnail":0,"footnotes":""},"categories":[12],"tags":[],"class_list":["post-2451","post","type-post","status-publish","format-standard","has-post-thumbnail","hentry","category-geral"],"_links":{"self":[{"href":"https:\/\/www.ventonorte.com\/index.php?rest_route=\/wp\/v2\/posts\/2451","targetHints":{"allow":["GET"]}}],"collection":[{"href":"https:\/\/www.ventonorte.com\/index.php?rest_route=\/wp\/v2\/posts"}],"about":[{"href":"https:\/\/www.ventonorte.com\/index.php?rest_route=\/wp\/v2\/types\/post"}],"author":[{"embeddable":true,"href":"https:\/\/www.ventonorte.com\/index.php?rest_route=\/wp\/v2\/users\/1"}],"replies":[{"embeddable":true,"href":"https:\/\/www.ventonorte.com\/index.php?rest_route=%2Fwp%2Fv2%2Fcomments&post=2451"}],"version-history":[{"count":3,"href":"https:\/\/www.ventonorte.com\/index.php?rest_route=\/wp\/v2\/posts\/2451\/revisions"}],"predecessor-version":[{"id":2455,"href":"https:\/\/www.ventonorte.com\/index.php?rest_route=\/wp\/v2\/posts\/2451\/revisions\/2455"}],"wp:featuredmedia":[{"embeddable":true,"href":"https:\/\/www.ventonorte.com\/index.php?rest_route=\/wp\/v2\/media\/2452"}],"wp:attachment":[{"href":"https:\/\/www.ventonorte.com\/index.php?rest_route=%2Fwp%2Fv2%2Fmedia&parent=2451"}],"wp:term":[{"taxonomy":"category","embeddable":true,"href":"https:\/\/www.ventonorte.com\/index.php?rest_route=%2Fwp%2Fv2%2Fcategories&post=2451"},{"taxonomy":"post_tag","embeddable":true,"href":"https:\/\/www.ventonorte.com\/index.php?rest_route=%2Fwp%2Fv2%2Ftags&post=2451"}],"curies":[{"name":"wp","href":"https:\/\/api.w.org\/{rel}","templated":true}]}}