{"id":2457,"date":"2015-01-06T14:38:59","date_gmt":"2015-01-06T14:38:59","guid":{"rendered":"http:\/\/www.ventonorte.com\/?p=2457"},"modified":"2015-02-13T17:58:11","modified_gmt":"2015-02-13T17:58:11","slug":"reuniao-aberta-10012015","status":"publish","type":"post","link":"https:\/\/www.ventonorte.com\/?p=2457","title":{"rendered":"Reuni\u00e3o Aberta [10\/01\/2015]"},"content":{"rendered":"<p><img loading=\"lazy\" decoding=\"async\" class=\"aligncenter size-full wp-image-421\" src=\"http:\/\/www.ventonorte.com\/wp-content\/uploads\/VN-reuni\u00e3o_s.jpg\" alt=\"VN-reuni\u00e3o\" width=\"561\" height=\"411\" srcset=\"https:\/\/www.ventonorte.com\/wp-content\/uploads\/VN-reuni\u00e3o_s.jpg 561w, https:\/\/www.ventonorte.com\/wp-content\/uploads\/VN-reuni\u00e3o_s-150x109.jpg 150w, https:\/\/www.ventonorte.com\/wp-content\/uploads\/VN-reuni\u00e3o_s-300x219.jpg 300w\" sizes=\"auto, (max-width: 561px) 100vw, 561px\" \/><\/p>\n<p>CONVIDAM-SE TODOS OS S\u00d3CIOS A PARTICIPAREM NA REUNI\u00c3O ABERTA DA VENTO NORTE, A REALIZAR NO S\u00c1BADO, DIA 10 DE JANEIRO COM INICIO AS 14:30, NA SEDE DA VENTO NORTE.<br \/>\nESTA REUNI\u00c3O TEM POR OBJETIVO A AN\u00c1LISE DO MOMENTO ATUAL DA VENTO NORTE E PREPARA\u00c7\u00c3O DOS PR\u00d3XIMOS ANOS NA ASSOCIA\u00c7\u00c3O SERVINDO DE REFLEX\u00c3O E AUSCULTA\u00c7\u00c3O DE IDEIAS E PROPOSTAS QUE VISEM A OTIMIZA\u00c7\u00c3O E RENOVA\u00c7\u00c3O DA ASSOCIA\u00c7\u00c3O.<br \/>\nA ORDEM DE TRABALHOS SER\u00c1 A SEGUINTE:<\/p>\n<p>&#8211; BALAN\u00c7O ATIVIDADES 2014; AN\u00c1LISE DE PROPOSTAS DE CONTINUIDADE E MELHORIA NA TRANSI\u00c7\u00c3O PARA 2015;<br \/>\n&#8211; BALAN\u00c7O CORPOS SOCIAIS BI\u00c9NIO 2013-2014;<br \/>\n&#8211; PREPARA\u00c7\u00c3O CORPOS SOCIAIS BI\u00c9NIO 2015-2016;<br \/>\n&#8211; SUGEST\u00d5ES PARA RESPONS\u00c1VEIS DE DEPARTAMENTOS;<br \/>\n&#8211; PROPOSTAS DE MELHORIA PARA ROTINAS DA VENTO NORTE E POSS\u00cdVEIS ADAPTA\u00c7\u00d5ES\/ SUGEST\u00d5ES DO REGULAMENTO INTERNO;<br \/>\n&#8211; SUGEST\u00d5ES DE ATIVIDADES PARA 2015 \u2013 BRAINSTORMING;<br \/>\n&#8211; OUTROS ASSUNTOS;<\/p>\n<p>PELO CAR\u00c1CTER DA REUNI\u00c3O E TEMAS EM DISCUSS\u00c3O CONSIDERAMOS A PRESEN\u00c7A DE TODOS OS S\u00d3CIOS COMO FUNDAMENTAL, DE MODO A CONTRIBUIRMOS PARA O SEU DESENVOLVIMENTO E PARA CONTINUARMOS A USUFRUIR DO MUITO QUE A VENTO NORTE NOS TEM DADO.<\/p>\n<p>NO FINAL DA REUNI\u00c3O HAVER\u00c1 UM JANTAR, ABERTO A TODOS OS S\u00d3CIOS, FAMILIARES E SIMPATIZANTES DA VENTO NORTE, COM INICIO AS 19:30 EM LOCAL A DESIGNAR MEDIANTE O NUMERO DE INSCRITOS (MAS SER\u00c1 EM VILA NOVA DE FAMALIC\u00c3O).<br \/>\nTODOS OS INTERESSADOS DEVER\u00c3O MANIFESTAR INTERESSE ENVIANDO MAIL PARA <a href=\"mailto:geral@ventonorte.com\">GERAL@VENTONORTE.COM<\/a><\/p>\n<p>A DIRE\u00c7\u00c3O<\/p>\n","protected":false},"excerpt":{"rendered":"<p>CONVIDAM-SE TODOS OS S\u00d3CIOS A PARTICIPAREM NA REUNI\u00c3O ABERTA DA VENTO NORTE, A REALIZAR NO S\u00c1BADO, DIA 10 DE JANEIRO COM INICIO AS 14:30, NA SEDE DA VENTO NORTE.<br \/>\nESTA REUNI\u00c3O TEM POR OBJETIVO A AN\u00c1LISE DO MOMENTO ATUAL DA VENTO NORTE E PREPARA\u00c7\u00c3O DOS PR\u00d3XIMOS ANOS NA ASSOCIA\u00c7\u00c3O SERVINDO DE REFLEX\u00c3O E AUSCULTA\u00c7\u00c3O DE IDEIAS E PROPOSTAS QUE VISEM A OTIMIZA\u00c7\u00c3O E RENOVA\u00c7\u00c3O DA ASSOCIA\u00c7\u00c3O.<\/p>\n","protected":false},"author":1,"featured_media":421,"comment_status":"open","ping_status":"open","sticky":false,"template":"","format":"standard","meta":{"ngg_post_thumbnail":0,"footnotes":""},"categories":[12],"tags":[],"class_list":["post-2457","post","type-post","status-publish","format-standard","has-post-thumbnail","hentry","category-geral"],"_links":{"self":[{"href":"https:\/\/www.ventonorte.com\/index.php?rest_route=\/wp\/v2\/posts\/2457","targetHints":{"allow":["GET"]}}],"collection":[{"href":"https:\/\/www.ventonorte.com\/index.php?rest_route=\/wp\/v2\/posts"}],"about":[{"href":"https:\/\/www.ventonorte.com\/index.php?rest_route=\/wp\/v2\/types\/post"}],"author":[{"embeddable":true,"href":"https:\/\/www.ventonorte.com\/index.php?rest_route=\/wp\/v2\/users\/1"}],"replies":[{"embeddable":true,"href":"https:\/\/www.ventonorte.com\/index.php?rest_route=%2Fwp%2Fv2%2Fcomments&post=2457"}],"version-history":[{"count":2,"href":"https:\/\/www.ventonorte.com\/index.php?rest_route=\/wp\/v2\/posts\/2457\/revisions"}],"predecessor-version":[{"id":2459,"href":"https:\/\/www.ventonorte.com\/index.php?rest_route=\/wp\/v2\/posts\/2457\/revisions\/2459"}],"wp:featuredmedia":[{"embeddable":true,"href":"https:\/\/www.ventonorte.com\/index.php?rest_route=\/wp\/v2\/media\/421"}],"wp:attachment":[{"href":"https:\/\/www.ventonorte.com\/index.php?rest_route=%2Fwp%2Fv2%2Fmedia&parent=2457"}],"wp:term":[{"taxonomy":"category","embeddable":true,"href":"https:\/\/www.ventonorte.com\/index.php?rest_route=%2Fwp%2Fv2%2Fcategories&post=2457"},{"taxonomy":"post_tag","embeddable":true,"href":"https:\/\/www.ventonorte.com\/index.php?rest_route=%2Fwp%2Fv2%2Ftags&post=2457"}],"curies":[{"name":"wp","href":"https:\/\/api.w.org\/{rel}","templated":true}]}}