{"id":2461,"date":"2015-02-13T17:56:39","date_gmt":"2015-02-13T17:56:39","guid":{"rendered":"http:\/\/www.ventonorte.com\/?p=2461"},"modified":"2015-03-03T13:10:15","modified_gmt":"2015-03-03T13:10:15","slug":"27-fev-2015-assembleia-geral-vento-norte","status":"publish","type":"post","link":"https:\/\/www.ventonorte.com\/?p=2461","title":{"rendered":"27 Fev. 2015 &#8211; Assembleia Geral Vento Norte"},"content":{"rendered":"<h1><a href=\"http:\/\/www.ventonorte.com\/wp-content\/uploads\/VN-reuni\u00e3o_s.jpg\"><img loading=\"lazy\" decoding=\"async\" class=\"aligncenter\" title=\"VN-reuni\u00e3o\" src=\"http:\/\/www.ventonorte.com\/wp-content\/uploads\/VN-reuni\u00e3o_s.jpg\" alt=\"\" width=\"561\" height=\"411\" \/><\/a><\/h1>\n<h1 style=\"text-align: center;\">Assembleia Geral<\/h1>\n<h2 style=\"text-align: center;\">Convocat\u00f3ria<\/h2>\n<h3 style=\"text-align: center;\">27 de fevereiro de 2015<\/h3>\n<p>&nbsp;<\/p>\n<p>Caro Associado,<\/p>\n<p>Usando da compet\u00eancia que me confere o Art. 23\u00ba do Regulamento Geral Interno da Associa\u00e7\u00e3o Vento Norte, convoco todos os associados para tomar parte na Assembleia Geral Ordin\u00e1ria que se realiza no dia 27 de fevereiro de 2015, pelas 20h45, na sede do agrupamento de escuteiros de Famalic\u00e3o (S.to Adri\u00e3o), Rua Gaspar Ant\u00f3nio Borba, 31 (junto \u00e0 capela de S.to Adri\u00e3o), Vila Nova de Famalic\u00e3o, com a seguinte ordem de trabalhos:<\/p>\n<ol>\n<li>Vota\u00e7\u00e3o da ata da assembleia anterior;<\/li>\n<li>Apresenta\u00e7\u00e3o e vota\u00e7\u00e3o do relat\u00f3rio e contas da dire\u00e7\u00e3o, relativos ao ano de 2014;<\/li>\n<li>Elei\u00e7\u00e3o dos \u00f3rg\u00e3os da associa\u00e7\u00e3o para o bi\u00e9nio de 2015-2016;<\/li>\n<li>Tomada de posse dos \u00f3rg\u00e3os da associa\u00e7\u00e3o para o bi\u00e9nio 2015-2016;<\/li>\n<li>Apresenta\u00e7\u00e3o e vota\u00e7\u00e3o do or\u00e7amento para o bi\u00e9nio 2015-2016;<\/li>\n<li>Aprecia\u00e7\u00e3o das atividades de 2014;<\/li>\n<li>Apresenta\u00e7\u00e3o e vota\u00e7\u00e3o do plano de atividades para 2015;<\/li>\n<li>Outros assuntos.<\/li>\n<\/ol>\n<p>Se \u00e0 hora marcada n\u00e3o estiverem presentes mais de metade dos associados, a assembleia ter\u00e1 o seu in\u00edcio efetivo trinta minutos ap\u00f3s a hora prevista, com os associados presentes no local.<\/p>\n<p>&nbsp;<\/p>\n<p>V. N. de Famalic\u00e3o, 12 de fevereiro de 2015<\/p>\n<p>Lu\u00eds Salgado<br \/>\n(Presidente da Mesa da Assembleia Geral)<\/p>\n<p>&nbsp;<\/p>\n<p>Para efeitos de aprecia\u00e7\u00e3o, a ata da assembleia geral de 2014 pode ser consultada aqui: <a href=\"http:\/\/www.ventonorte.com\/ficheiros\/2014-AtaAssembleia.pdf\" target=\"_blank\">Ata de 2014<\/a><\/p>\n<p>Esta convocat\u00f3ria em pdf: <a href=\"http:\/\/www.ventonorte.com\/ficheiros\/2015-ConvocatoriaAG.pdf\" target=\"_blank\">Convocat\u00f3ria<\/a><\/p>\n<p><strong>Mapa para o local da Assembleia:<\/strong><br \/>\n<iframe loading=\"lazy\" style=\"border: 0;\" src=\"https:\/\/www.google.com\/maps\/embed?pb=!1m21!1m11!1m3!1d1176.1629083046778!2d-8.527030165885611!3d41.41846982255701!2m2!1f0!2f0!3m2!1i1024!2i768!4f13.1!4m7!1i0!3e6!4m0!4m3!3m2!1d41.418324999999996!2d-8.526634999999999!5e1!3m2!1spt-BR!2s!4v1423849616003\" width=\"600\" height=\"450\" frameborder=\"0\"><\/iframe><\/p>\n","protected":false},"excerpt":{"rendered":"<p>Assembleia Geral<br \/>\nConvocat\u00f3ria<br \/>\n27 de fevereiro de 2015<br \/>\n&nbsp;<br \/>\nCaro Associado,<br \/>\nUsando da compet\u00eancia que me confere o Art. 23\u00ba do Regulamento Geral Interno da Associa\u00e7\u00e3o Vento Norte, convoco todos os associados para tomar parte na Assembleia Geral Ordin\u00e1ria que se realiza no dia 27 de fevereiro de 2015, pelas 20h45, na sede do agrupamento de escuteiros de Famalic\u00e3o (S.to Adri\u00e3o), Rua Gaspar Ant\u00f3nio Borba, 31 (junto \u00e0 capela de S.to Adri\u00e3o), Vila Nova de Famalic\u00e3o, com a seguinte ordem de trabalhos:<\/p>\n<p>Vota\u00e7\u00e3o da ata da assembleia anterior;<br \/>\nApresenta\u00e7\u00e3o e vota\u00e7\u00e3o do relat\u00f3rio e contas da dire\u00e7\u00e3o, &#8230;<\/p>\n","protected":false},"author":1,"featured_media":421,"comment_status":"open","ping_status":"open","sticky":false,"template":"","format":"standard","meta":{"ngg_post_thumbnail":0,"footnotes":""},"categories":[12],"tags":[],"class_list":["post-2461","post","type-post","status-publish","format-standard","has-post-thumbnail","hentry","category-geral"],"_links":{"self":[{"href":"https:\/\/www.ventonorte.com\/index.php?rest_route=\/wp\/v2\/posts\/2461","targetHints":{"allow":["GET"]}}],"collection":[{"href":"https:\/\/www.ventonorte.com\/index.php?rest_route=\/wp\/v2\/posts"}],"about":[{"href":"https:\/\/www.ventonorte.com\/index.php?rest_route=\/wp\/v2\/types\/post"}],"author":[{"embeddable":true,"href":"https:\/\/www.ventonorte.com\/index.php?rest_route=\/wp\/v2\/users\/1"}],"replies":[{"embeddable":true,"href":"https:\/\/www.ventonorte.com\/index.php?rest_route=%2Fwp%2Fv2%2Fcomments&post=2461"}],"version-history":[{"count":5,"href":"https:\/\/www.ventonorte.com\/index.php?rest_route=\/wp\/v2\/posts\/2461\/revisions"}],"predecessor-version":[{"id":2862,"href":"https:\/\/www.ventonorte.com\/index.php?rest_route=\/wp\/v2\/posts\/2461\/revisions\/2862"}],"wp:featuredmedia":[{"embeddable":true,"href":"https:\/\/www.ventonorte.com\/index.php?rest_route=\/wp\/v2\/media\/421"}],"wp:attachment":[{"href":"https:\/\/www.ventonorte.com\/index.php?rest_route=%2Fwp%2Fv2%2Fmedia&parent=2461"}],"wp:term":[{"taxonomy":"category","embeddable":true,"href":"https:\/\/www.ventonorte.com\/index.php?rest_route=%2Fwp%2Fv2%2Fcategories&post=2461"},{"taxonomy":"post_tag","embeddable":true,"href":"https:\/\/www.ventonorte.com\/index.php?rest_route=%2Fwp%2Fv2%2Ftags&post=2461"}],"curies":[{"name":"wp","href":"https:\/\/api.w.org\/{rel}","templated":true}]}}