{"id":2469,"date":"2015-02-24T14:39:45","date_gmt":"2015-02-24T14:39:45","guid":{"rendered":"http:\/\/www.ventonorte.com\/?p=2469"},"modified":"2015-03-03T13:10:38","modified_gmt":"2015-03-03T13:10:38","slug":"caminhada-para-todos-sistelo-peneda-01032015","status":"publish","type":"post","link":"https:\/\/www.ventonorte.com\/?p=2469","title":{"rendered":"\u201cCaminhada para Todos\u201d: Sistelo, Peneda [01\/03\/2015]"},"content":{"rendered":"<h6 style=\"text-align: center;\"><img loading=\"lazy\" decoding=\"async\" class=\"aligncenter wp-image-2470\" src=\"http:\/\/www.ventonorte.com\/wp-content\/uploads\/SISTELO.jpg\" alt=\"SISTELO\" width=\"550\" height=\"367\" srcset=\"https:\/\/www.ventonorte.com\/wp-content\/uploads\/SISTELO.jpg 1000w, https:\/\/www.ventonorte.com\/wp-content\/uploads\/SISTELO-150x100.jpg 150w, https:\/\/www.ventonorte.com\/wp-content\/uploads\/SISTELO-300x200.jpg 300w\" sizes=\"auto, (max-width: 550px) 100vw, 550px\" \/>(imagem <a href=\"www.aldeiasdeportugal.pt\">www.aldeiasdeportugal.pt<\/a>)<\/h6>\n<h1 style=\"text-align: center;\"><\/h1>\n<h1 style=\"text-align: center;\">&#8220;Caminhada para Todos&#8221;<\/h1>\n<h2 style=\"text-align: center;\">Sistelo &#8211; Serra da Peneda<\/h2>\n<h3 style=\"text-align: center;\">01-03-2015<\/h3>\n<p>&nbsp;<\/p>\n<p>A aldeia de Sistelo situa-se no concelho de Arcos de Valdevez, na Serra da Peneda, junto \u00e0 nascente do rio Vez. Famosa pelas suas paisagens em socalcos, onde se cultiva o milho e pasta o gado, a aldeia encontra-se muito bem preservada, tendo sido recuperadas as casas t\u00edpicas de granito, os espigueiros e os lavadouros p\u00fablicos.<\/p>\n<p>O Castelo de Sistelo, ex-l\u00edbris da aldeia, merece uma cuidadosa visita: trata-se de um pal\u00e1cio de finais do s\u00e9culo XIX onde viveu o Visconde de Sistelo.<br \/>\nAo longo do percurso, poderemos apreciar os socalcos e algumas das brandas desta regi\u00e3o.<\/p>\n<ul>\n<li>Extens\u00e3o: 15 km<\/li>\n<li>Dura\u00e7\u00e3o aproximada: 5h30 horas<\/li>\n<li>Grau de dificuldade: moderado\/ dif\u00edcil<\/li>\n<li>Localiza\u00e7\u00e3o: Serra da Peneda<\/li>\n<li>Ponto de partida\/chegada: Largo do Visconde do Rio Vez &#8211; Sistelo<\/li>\n<li>Tipo de percurso: pequena rota, circular, de interesse ambiental, cultural e paisag\u00edstico.<\/li>\n<\/ul>\n<p><strong>Motivos de interesse<\/strong><br \/>\nBrandas e socalcos, assim como r\u00fastico casario e os t\u00edpicos espigueiros da aldeia de Sistelo.<\/p>\n<h3>Programa<\/h3>\n<p style=\"padding-left: 30px;\"><strong>8h45<\/strong> &#8211; Ponto de encontro I \u2013 parque de estacionamento do Pingo Doce, em Arcos de Valdevez.<br \/>\n<strong>9h30<\/strong> &#8211; Ponto de encontro II\/in\u00edcio da caminhada: Sistelo.<br \/>\n<strong>15h00<\/strong> &#8211; Fim do percurso.<\/p>\n<h3>Como chegar<\/h3>\n<p>A partir de Braga, seguir na estrada nacional n.\u00ba 101 em dire\u00e7\u00e3o a Ponte da Barca\/Arcos de Valdevez. Em alternativa, utilizar a A3 at\u00e9 Ponte de Lima, tomando o IC28 que liga a Arcos de Valdevez.<br \/>\nSeguir na estrada n.\u00ba101 em dire\u00e7\u00e3o a Mon\u00e7\u00e3o. Em Cho\u00e7as, numa curva \u00e0 direita (junto a um bar), tomar a estrada para Sistelo.<\/p>\n<h3>Inscri\u00e7\u00f5es<\/h3>\n<p>Inscri\u00e7\u00f5es gratuitas mas obrigat\u00f3rias para <a href=\"mailto:geral@ventonorte.com\">geral@ventonorte.com<\/a><\/p>\n<h3>Seguro<\/h3>\n<p>A subscri\u00e7\u00e3o do seguro anual da Vento Norte de 2014 ainda \u00e9 v\u00e1lida para esta actividade, sendo obrigat\u00f3ria a sua subscri\u00e7\u00e3o para quem ainda n\u00e3o o fez.<\/p>\n<p>&nbsp;<\/p>\n","protected":false},"excerpt":{"rendered":"<p>Uma caminhado na famosa paisagem em socalcos da aldeia de Sistelo&#8230;<\/p>\n","protected":false},"author":1,"featured_media":2470,"comment_status":"open","ping_status":"open","sticky":false,"template":"","format":"standard","meta":{"ngg_post_thumbnail":0,"footnotes":""},"categories":[11],"tags":[],"class_list":["post-2469","post","type-post","status-publish","format-standard","has-post-thumbnail","hentry","category-montanhismo"],"_links":{"self":[{"href":"https:\/\/www.ventonorte.com\/index.php?rest_route=\/wp\/v2\/posts\/2469","targetHints":{"allow":["GET"]}}],"collection":[{"href":"https:\/\/www.ventonorte.com\/index.php?rest_route=\/wp\/v2\/posts"}],"about":[{"href":"https:\/\/www.ventonorte.com\/index.php?rest_route=\/wp\/v2\/types\/post"}],"author":[{"embeddable":true,"href":"https:\/\/www.ventonorte.com\/index.php?rest_route=\/wp\/v2\/users\/1"}],"replies":[{"embeddable":true,"href":"https:\/\/www.ventonorte.com\/index.php?rest_route=%2Fwp%2Fv2%2Fcomments&post=2469"}],"version-history":[{"count":10,"href":"https:\/\/www.ventonorte.com\/index.php?rest_route=\/wp\/v2\/posts\/2469\/revisions"}],"predecessor-version":[{"id":2477,"href":"https:\/\/www.ventonorte.com\/index.php?rest_route=\/wp\/v2\/posts\/2469\/revisions\/2477"}],"wp:featuredmedia":[{"embeddable":true,"href":"https:\/\/www.ventonorte.com\/index.php?rest_route=\/wp\/v2\/media\/2470"}],"wp:attachment":[{"href":"https:\/\/www.ventonorte.com\/index.php?rest_route=%2Fwp%2Fv2%2Fmedia&parent=2469"}],"wp:term":[{"taxonomy":"category","embeddable":true,"href":"https:\/\/www.ventonorte.com\/index.php?rest_route=%2Fwp%2Fv2%2Fcategories&post=2469"},{"taxonomy":"post_tag","embeddable":true,"href":"https:\/\/www.ventonorte.com\/index.php?rest_route=%2Fwp%2Fv2%2Ftags&post=2469"}],"curies":[{"name":"wp","href":"https:\/\/api.w.org\/{rel}","templated":true}]}}