{"id":2506,"date":"2015-03-10T10:26:43","date_gmt":"2015-03-10T10:26:43","guid":{"rendered":"http:\/\/www.ventonorte.com\/?p=2506"},"modified":"2015-03-17T20:15:17","modified_gmt":"2015-03-17T20:15:17","slug":"todos-as-hortas","status":"publish","type":"post","link":"https:\/\/www.ventonorte.com\/?p=2506","title":{"rendered":"Todos \u00e0s Hortas!! [14\/3\/2015]"},"content":{"rendered":"<h1 style=\"text-align: center;\"><img loading=\"lazy\" decoding=\"async\" class=\"aligncenter wp-image-1748 size-medium\" src=\"http:\/\/www.ventonorte.com\/wp-content\/uploads\/VN-Hortas-285x300.jpg\" alt=\"VN-Hortas\" width=\"285\" height=\"300\" srcset=\"https:\/\/www.ventonorte.com\/wp-content\/uploads\/VN-Hortas-285x300.jpg 285w, https:\/\/www.ventonorte.com\/wp-content\/uploads\/VN-Hortas-142x150.jpg 142w, https:\/\/www.ventonorte.com\/wp-content\/uploads\/VN-Hortas-975x1024.jpg 975w, https:\/\/www.ventonorte.com\/wp-content\/uploads\/VN-Hortas-476x500.jpg 476w, https:\/\/www.ventonorte.com\/wp-content\/uploads\/VN-Hortas.jpg 1257w\" sizes=\"auto, (max-width: 285px) 100vw, 285px\" \/><\/h1>\n<h1 style=\"text-align: center;\">Todos \u00e0s Hortas!!<\/h1>\n<h2 style=\"text-align: center;\">1.\u00aa Planta\u00e7\u00e3o 2015 &#8211; Inaugura\u00e7\u00e3o Painel Azulejos<\/h2>\n<h3 style=\"text-align: center;\">14 mar\u00e7o 2015<\/h3>\n<p>&nbsp;<\/p>\n<p>Chegou o bom tempo e com ele veio tamb\u00e9m a vontade de meter as m\u00e3os na horta! Depois de um chuvoso inverno vamos retirar o que resta da planta\u00e7\u00e3o invernal, preparar a terra e come\u00e7ar a semear e plantar para um novo ciclo de culturas hort\u00edcolas.<br \/>\nE desta feita teremos algumas surpresas! Como a inaugura\u00e7\u00e3o do painel de azulejos, com s\u00edmbolo da Vento Norte!<br \/>\nSe acha que n\u00e3o percebe nada do assunto, n\u00f3s ensinamos. Se \u00e9 um especialista venha partilhar os seus truques. E traga a fam\u00edlia e os mi\u00fados. As Hortas s\u00e3o para Todos!<\/p>\n<h3>Data:<\/h3>\n<p style=\"padding-left: 30px;\">S\u00e1bado, 14\/3\/2014<br \/>\nHora Inicio: 15:30<br \/>\nHora Final: 18:00<\/p>\n<h3>Local:<\/h3>\n<p>Hortas Urbanas Vila Nova de Famalic\u00e3o \u2013 Parque da Devesa<\/p>\n<h3>Programa:<\/h3>\n<ul>\n<li>15:30 Reconhecimento da localiza\u00e7\u00e3o da horta e \u00e1rvores de fruto da Vento Norte<\/li>\n<li>15:45 Visita \u00e0 casa de apoio de ferramentas da Vento Norte<\/li>\n<li>16:00 Inaugura\u00e7\u00e3o do Painel de Azulejos Vento Norte<\/li>\n<li>16:30 M\u00e3os \u00e0 Obra!! \u2013 Prepara\u00e7\u00e3o da terra para planta\u00e7\u00e3o e sementeira<\/li>\n<li>17:00 Pausa para o lanche<\/li>\n<li>17:30 Tratamento das \u00e1rvores da Vento Norte<\/li>\n<\/ul>\n<p>D\u00favidas e Informa\u00e7\u00f5es:\u00a0 <a href=\"mailto:geral@ventonorte.com\">geral@ventonorte.com<\/a><\/p>\n","protected":false},"excerpt":{"rendered":"<p>Todos \u00e0s Hortas!!<br \/>\n1.\u00aa Planta\u00e7\u00e3o 2015 &#8211; Inaugura\u00e7\u00e3o Painel Azulejos<br \/>\n14 mar\u00e7o 2015<br \/>\n&nbsp;<br \/>\nChegou o bom tempo e com ele veio tamb\u00e9m a vontade de meter as m\u00e3os na horta! Depois de um chuvoso inverno vamos retirar o que resta da planta\u00e7\u00e3o invernal, preparar a terra e come\u00e7ar a semear e plantar para um novo ciclo de culturas hort\u00edcolas.<br \/>\nE desta feita teremos algumas surpresas! Como a inaugura\u00e7\u00e3o do painel de azulejos, com s\u00edmbolo da Vento Norte!<br \/>\nSe acha que n\u00e3o percebe nada do assunto, n\u00f3s ensinamos. Se \u00e9 um especialista venha partilhar os seus &#8230;<\/p>\n","protected":false},"author":1,"featured_media":1748,"comment_status":"open","ping_status":"open","sticky":false,"template":"","format":"standard","meta":{"ngg_post_thumbnail":0,"footnotes":""},"categories":[4,12],"tags":[],"class_list":["post-2506","post","type-post","status-publish","format-standard","has-post-thumbnail","hentry","category-educambiental","category-geral"],"_links":{"self":[{"href":"https:\/\/www.ventonorte.com\/index.php?rest_route=\/wp\/v2\/posts\/2506","targetHints":{"allow":["GET"]}}],"collection":[{"href":"https:\/\/www.ventonorte.com\/index.php?rest_route=\/wp\/v2\/posts"}],"about":[{"href":"https:\/\/www.ventonorte.com\/index.php?rest_route=\/wp\/v2\/types\/post"}],"author":[{"embeddable":true,"href":"https:\/\/www.ventonorte.com\/index.php?rest_route=\/wp\/v2\/users\/1"}],"replies":[{"embeddable":true,"href":"https:\/\/www.ventonorte.com\/index.php?rest_route=%2Fwp%2Fv2%2Fcomments&post=2506"}],"version-history":[{"count":8,"href":"https:\/\/www.ventonorte.com\/index.php?rest_route=\/wp\/v2\/posts\/2506\/revisions"}],"predecessor-version":[{"id":2511,"href":"https:\/\/www.ventonorte.com\/index.php?rest_route=\/wp\/v2\/posts\/2506\/revisions\/2511"}],"wp:featuredmedia":[{"embeddable":true,"href":"https:\/\/www.ventonorte.com\/index.php?rest_route=\/wp\/v2\/media\/1748"}],"wp:attachment":[{"href":"https:\/\/www.ventonorte.com\/index.php?rest_route=%2Fwp%2Fv2%2Fmedia&parent=2506"}],"wp:term":[{"taxonomy":"category","embeddable":true,"href":"https:\/\/www.ventonorte.com\/index.php?rest_route=%2Fwp%2Fv2%2Fcategories&post=2506"},{"taxonomy":"post_tag","embeddable":true,"href":"https:\/\/www.ventonorte.com\/index.php?rest_route=%2Fwp%2Fv2%2Ftags&post=2506"}],"curies":[{"name":"wp","href":"https:\/\/api.w.org\/{rel}","templated":true}]}}