{"id":2525,"date":"2015-04-10T09:53:35","date_gmt":"2015-04-10T09:53:35","guid":{"rendered":"http:\/\/www.ventonorte.com\/?p=2525"},"modified":"2015-05-11T10:28:30","modified_gmt":"2015-05-11T10:28:30","slug":"caminhada-para-todos-11032015","status":"publish","type":"post","link":"https:\/\/www.ventonorte.com\/?p=2525","title":{"rendered":"Caminhada para Todos [11\/04\/2015]"},"content":{"rendered":"<p><img loading=\"lazy\" decoding=\"async\" class=\"aligncenter wp-image-2526\" src=\"http:\/\/www.ventonorte.com\/wp-content\/uploads\/Caminhada-11-Abril.jpg\" alt=\"Caminhada 11 Abril\" width=\"550\" height=\"367\" srcset=\"https:\/\/www.ventonorte.com\/wp-content\/uploads\/Caminhada-11-Abril.jpg 825w, https:\/\/www.ventonorte.com\/wp-content\/uploads\/Caminhada-11-Abril-150x100.jpg 150w, https:\/\/www.ventonorte.com\/wp-content\/uploads\/Caminhada-11-Abril-300x200.jpg 300w\" sizes=\"auto, (max-width: 550px) 100vw, 550px\" \/><\/p>\n<h1 style=\"text-align: center;\">II Etapa &#8211; Caminhada para Todos<\/h1>\n<h2 style=\"text-align: center;\">Cabe\u00e7o da Vaca \u2013 Serra da Cabreira<\/h2>\n<h3 style=\"text-align: center;\">11-4-2015 (S\u00e1bado)<\/h3>\n<p>&nbsp;<\/p>\n<p>Este \u00e9 um percurso cujo tra\u00e7ado percorre predominantemente a encosta Norte da Serra da Cabreira, zona de transi\u00e7\u00e3o entre o Minho e Tr\u00e1s-os-Montes. Sob o ponto de vista faun\u00edstico, esta zona \u00e9 habitada por Garranos, coelhos, perdizes vermelhas, esquilos, javali, lobo e diversas esp\u00e9cies de aves. Nas aldeias mant\u00eam-se costumes de outros tempos: a agricultura de subsist\u00eancia, o pastoreio e a produ\u00e7\u00e3o de vinho, em pequena escala, continuam a ocupar as gentes que aqui moram.<\/p>\n<p>O percurso tem in\u00edcio e fim na Serradela desenvolvendo-se por estrad\u00f5es e caminhos de p\u00e9 posto. Ao longo do seu tra\u00e7ado existem 3 fontes \u2013 Fonte do Corti\u00e7o, Fonte da Pedra Escrita e a Fonte do Parque de merenda da Serradela.<\/p>\n<p>Trata-se de um percurso bastante exposto, quer ao sol, quer ao vento.<\/p>\n<p><strong>Extens\u00e3o<\/strong>: 15 km<br \/>\n<strong>Dura\u00e7\u00e3o aproximada<\/strong>: 5\u00a0 horas<br \/>\n<strong>Grau de dificuldade<\/strong>: f\u00e1cil<br \/>\n<strong>Localiza\u00e7\u00e3o<\/strong>: Serra da Cabreira<br \/>\n<strong>Ponto de partida\/chegada<\/strong>: Parque de Merendas da Serradela<br \/>\n<strong>Tipo de percurso<\/strong>: pequena rota, circular, de interesse ambiental e paisag\u00edstico.<\/p>\n<h3>Programa<\/h3>\n<ul>\n<li>9h30 &#8211; Ponto de encontro I \u2013 parque de estacionamento do Pingo Doce \u00e0 entrada da vila de Vieira do Minho.<\/li>\n<li>9h50 \u2013 Ponto de encontro II\/in\u00edcio da caminhada: Parque de Merendas da Serradela.<\/li>\n<li>15h &#8211; Fim do percurso.<\/li>\n<\/ul>\n<h3>Equipamento:<\/h3>\n<ul>\n<li>Aconselha-se, tendo em conta o tipo de piso, a que se use botas de montanhismo.<\/li>\n<li>Protec\u00e7\u00e3o solar;<\/li>\n<li>M\u00e1quina fotogr\u00e1fica ou de filmar;<\/li>\n<li>Bin\u00f3culos;<\/li>\n<li>Comida volante<\/li>\n<\/ul>\n<h3>Inscri\u00e7\u00f5es:<\/h3>\n<ul>\n<li>Custo para s\u00f3cios: Gratuito<\/li>\n<li>Custo para n\u00e3o s\u00f3cios: Gratuito<\/li>\n<li>\u00c9 obrigat\u00f3rio possuir seguro para participar nesta actividade. Para os participantes que ainda n\u00e3o tenham subscrito o seguro anual da Vento Norte acresce o valor de 5\u20ac. Este seguro \u00e9 v\u00e1lido para todas as actividades da Vento Norte durante este ano.<\/li>\n<\/ul>\n<p>Todas as inscri\u00e7\u00f5es e d\u00favidas devem ser enviadas para o mail <a href=\"mailto:geral@ventonorte.com\">geral@ventonorte.com<\/a> ou por telem\u00f3vel 964871922 (Carlos Faria).<\/p>\n<h3>Transporte:<\/h3>\n<p>O transporte fica a cargo dos participantes, havendo possibilidade de partilhar carro no sentido de a actividade se tornar mais sustent\u00e1vel e diminuir os custos da desloca\u00e7\u00e3o. Caso esteja interessado envie mail \u00e0 Vento Norte.<\/p>\n<h3>Como chegar:<\/h3>\n<p>A partir de Braga, seguir na estrada nacional N103 em direc\u00e7\u00e3o a P\u00f3voa de Lanhoso, Vieira do Minho e Ger\u00eas (passa junto ao hotel M\u00e9lia); na rotunda das Cerdeirinhas tomar a N304 em dire\u00e7\u00e3o a Vieira do Minho. Seguir em dire\u00e7\u00e3o \u00e0 escola secund\u00e1ria\/campo de futebol do SC Vieira e na rotunda \u00e0 sa\u00edda da Vila, tomar a dire\u00e7\u00e3o de Cantel\u00e3es pela EM 526. Seguir sempre em frente, acompanhando as indica\u00e7\u00f5es para o top\u00f3nimo Serradela. Ao chegar \u00e0 Serradela, temos ao seu lado esquerdo as Casas de Abrigo e o Parque de merendas, e \u00e0 direita a placa de in\u00edcio do percurso.<\/p>\n","protected":false},"excerpt":{"rendered":"<p>II Etapa &#8211; Caminhada para Todos<br \/>\nCabe\u00e7o da Vaca \u2013 Serra da Cabreira<br \/>\n11-4-2015 (S\u00e1bado)<br \/>\n&nbsp;<br \/>\nEste \u00e9 um percurso cujo tra\u00e7ado percorre predominantemente a encosta Norte da Serra da Cabreira, zona de transi\u00e7\u00e3o entre o Minho e Tr\u00e1s-os-Montes. Sob o ponto de vista faun\u00edstico, esta zona \u00e9 habitada por Garranos, coelhos, perdizes vermelhas, esquilos, javali, lobo e diversas esp\u00e9cies de aves. Nas aldeias mant\u00eam-se costumes de outros tempos: a agricultura de subsist\u00eancia, o pastoreio e a produ\u00e7\u00e3o de vinho, em pequena escala, continuam a ocupar as gentes que aqui moram.<br \/>\nO percurso tem in\u00edcio &#8230;<\/p>\n","protected":false},"author":1,"featured_media":2526,"comment_status":"open","ping_status":"open","sticky":false,"template":"","format":"standard","meta":{"ngg_post_thumbnail":0,"footnotes":""},"categories":[11],"tags":[],"class_list":["post-2525","post","type-post","status-publish","format-standard","has-post-thumbnail","hentry","category-montanhismo"],"_links":{"self":[{"href":"https:\/\/www.ventonorte.com\/index.php?rest_route=\/wp\/v2\/posts\/2525","targetHints":{"allow":["GET"]}}],"collection":[{"href":"https:\/\/www.ventonorte.com\/index.php?rest_route=\/wp\/v2\/posts"}],"about":[{"href":"https:\/\/www.ventonorte.com\/index.php?rest_route=\/wp\/v2\/types\/post"}],"author":[{"embeddable":true,"href":"https:\/\/www.ventonorte.com\/index.php?rest_route=\/wp\/v2\/users\/1"}],"replies":[{"embeddable":true,"href":"https:\/\/www.ventonorte.com\/index.php?rest_route=%2Fwp%2Fv2%2Fcomments&post=2525"}],"version-history":[{"count":5,"href":"https:\/\/www.ventonorte.com\/index.php?rest_route=\/wp\/v2\/posts\/2525\/revisions"}],"predecessor-version":[{"id":2530,"href":"https:\/\/www.ventonorte.com\/index.php?rest_route=\/wp\/v2\/posts\/2525\/revisions\/2530"}],"wp:featuredmedia":[{"embeddable":true,"href":"https:\/\/www.ventonorte.com\/index.php?rest_route=\/wp\/v2\/media\/2526"}],"wp:attachment":[{"href":"https:\/\/www.ventonorte.com\/index.php?rest_route=%2Fwp%2Fv2%2Fmedia&parent=2525"}],"wp:term":[{"taxonomy":"category","embeddable":true,"href":"https:\/\/www.ventonorte.com\/index.php?rest_route=%2Fwp%2Fv2%2Fcategories&post=2525"},{"taxonomy":"post_tag","embeddable":true,"href":"https:\/\/www.ventonorte.com\/index.php?rest_route=%2Fwp%2Fv2%2Ftags&post=2525"}],"curies":[{"name":"wp","href":"https:\/\/api.w.org\/{rel}","templated":true}]}}