{"id":2535,"date":"2015-05-20T14:46:48","date_gmt":"2015-05-20T14:46:48","guid":{"rendered":"http:\/\/www.ventonorte.com\/?p=2535"},"modified":"2015-05-25T11:45:43","modified_gmt":"2015-05-25T11:45:43","slug":"escalada-em-belinho-23052015","status":"publish","type":"post","link":"https:\/\/www.ventonorte.com\/?p=2535","title":{"rendered":"Escalada em Belinho [23\/05\/2015]"},"content":{"rendered":"<h1 style=\"text-align: center;\"><img loading=\"lazy\" decoding=\"async\" class=\"aligncenter wp-image-2537\" src=\"http:\/\/www.ventonorte.com\/wp-content\/uploads\/escalada_belinho.jpg\" alt=\"escalada_belinho\" width=\"550\" height=\"413\" srcset=\"https:\/\/www.ventonorte.com\/wp-content\/uploads\/escalada_belinho.jpg 817w, https:\/\/www.ventonorte.com\/wp-content\/uploads\/escalada_belinho-150x113.jpg 150w, https:\/\/www.ventonorte.com\/wp-content\/uploads\/escalada_belinho-300x225.jpg 300w\" sizes=\"auto, (max-width: 550px) 100vw, 550px\" \/><\/h1>\n<h1 style=\"text-align: center;\">Escalada em Belinho<\/h1>\n<h2 style=\"text-align: center;\">Esposende<\/h2>\n<h3 style=\"text-align: center;\">s\u00e1bado 23-5-2015<\/h3>\n<p>&nbsp;<\/p>\n<p>As vias de escalada de Belinho, abertas por Pedro Lima e T\u00f3 Z\u00e9 Coelho, s\u00e3o relativamente acess\u00edveis e beneficiam de umas vistas desafogadas sobre toda a freguesia, com o mar ao fundo.<br \/>\nEst\u00e3o orientadas a poente, pelo que da parte da tarde ficam bastante expostas ao sol a partir do meio dia solar.<\/p>\n<p><strong>Dura\u00e7\u00e3o:<\/strong> 4\u00a0 horas<br \/>\n<strong>Grau de dificuldade:<\/strong> baixo<br \/>\n<strong>Localiza\u00e7\u00e3o:<\/strong> Belinho p\/ baixo do Santu\u00e1rio da Sr. Da Guia<br \/>\n<strong>Ponto de encontro:<\/strong> Parque inferior do Santu\u00e1rio da Sr. Da Guia (<a href=\"https:\/\/goo.gl\/maps\/0lsZC\">41.589290, -8.779547<\/a>)<br \/>\n<strong>Tipo de escalada:<\/strong> granito, ader\u00eancia.<\/p>\n<h3>Programa<\/h3>\n<ul>\n<li>9h00 \u2013 Ponto de encontro \u2013 Parque inferior do Santu\u00e1rio da Sr. Da Guia (<a href=\"https:\/\/goo.gl\/maps\/0lsZC\">41.589290, -8.779547<\/a>)<\/li>\n<li>9h10 \u2013 In\u00edcio da Escalada.<\/li>\n<li>13h00 \u2013 Fim da atividade.<\/li>\n<\/ul>\n<h3>Equipamento:<\/h3>\n<ul>\n<li>Aconselha-se p\u00e9s-de-gato.<\/li>\n<li>Prote\u00e7\u00e3o solar;<\/li>\n<li>Comida volante<\/li>\n<li>Arn\u00eas e capacete<\/li>\n<\/ul>\n<h3>Inscri\u00e7\u00f5es:<\/h3>\n<ul>\n<li>Custo para s\u00f3cios: Gratuito<\/li>\n<li>Custo para n\u00e3o s\u00f3cios: 5\u20ac<\/li>\n<li>\u00c9 obrigat\u00f3rio possuir seguro para participar nesta actividade. Para os participantes que ainda n\u00e3o tenham subscrito o seguro anual da Vento Norte acresce o valor de 5\u20ac. Este seguro \u00e9 v\u00e1lido para todas as actividades da Vento Norte durante este ano.<\/li>\n<li>A associa\u00e7\u00e3o tem alguns arneses e capacetes para emprestar.<\/li>\n<li>Todas as inscri\u00e7\u00f5es e d\u00favidas devem ser enviadas para o mail:<a href=\"mailto:montanhismo.vn@gmail.com\"> montanhismo.vn@gmail.com<\/a>\u00a0 (Ant\u00f3nio)<\/li>\n<\/ul>\n<h3>Transporte:<\/h3>\n<ul>\n<li>O transporte fica a cargo dos participantes.<\/li>\n<\/ul>\n<p>&nbsp;<\/p>\n","protected":false},"excerpt":{"rendered":"<p>As vias de escalada de Belinho, abertas por Pedro Lima e T\u00f3 Z\u00e9 Coelho, s\u00e3o relativamente acess\u00edveis e beneficiam de umas vistas desafogadas sobre toda a freguesia, com o mar ao fundo.<br \/>\nEst\u00e3o orientadas a poente, pelo que da parte da tarde ficam bastante expostas ao sol a partir do meio dia solar.<\/p>\n","protected":false},"author":1,"featured_media":2537,"comment_status":"open","ping_status":"open","sticky":false,"template":"","format":"standard","meta":{"ngg_post_thumbnail":0,"footnotes":""},"categories":[11],"tags":[],"class_list":["post-2535","post","type-post","status-publish","format-standard","has-post-thumbnail","hentry","category-montanhismo"],"_links":{"self":[{"href":"https:\/\/www.ventonorte.com\/index.php?rest_route=\/wp\/v2\/posts\/2535","targetHints":{"allow":["GET"]}}],"collection":[{"href":"https:\/\/www.ventonorte.com\/index.php?rest_route=\/wp\/v2\/posts"}],"about":[{"href":"https:\/\/www.ventonorte.com\/index.php?rest_route=\/wp\/v2\/types\/post"}],"author":[{"embeddable":true,"href":"https:\/\/www.ventonorte.com\/index.php?rest_route=\/wp\/v2\/users\/1"}],"replies":[{"embeddable":true,"href":"https:\/\/www.ventonorte.com\/index.php?rest_route=%2Fwp%2Fv2%2Fcomments&post=2535"}],"version-history":[{"count":8,"href":"https:\/\/www.ventonorte.com\/index.php?rest_route=\/wp\/v2\/posts\/2535\/revisions"}],"predecessor-version":[{"id":2554,"href":"https:\/\/www.ventonorte.com\/index.php?rest_route=\/wp\/v2\/posts\/2535\/revisions\/2554"}],"wp:featuredmedia":[{"embeddable":true,"href":"https:\/\/www.ventonorte.com\/index.php?rest_route=\/wp\/v2\/media\/2537"}],"wp:attachment":[{"href":"https:\/\/www.ventonorte.com\/index.php?rest_route=%2Fwp%2Fv2%2Fmedia&parent=2535"}],"wp:term":[{"taxonomy":"category","embeddable":true,"href":"https:\/\/www.ventonorte.com\/index.php?rest_route=%2Fwp%2Fv2%2Fcategories&post=2535"},{"taxonomy":"post_tag","embeddable":true,"href":"https:\/\/www.ventonorte.com\/index.php?rest_route=%2Fwp%2Fv2%2Ftags&post=2535"}],"curies":[{"name":"wp","href":"https:\/\/api.w.org\/{rel}","templated":true}]}}