{"id":2544,"date":"2015-05-25T11:42:35","date_gmt":"2015-05-25T11:42:35","guid":{"rendered":"http:\/\/www.ventonorte.com\/?p=2544"},"modified":"2015-06-17T12:00:49","modified_gmt":"2015-06-17T12:00:49","slug":"conquista-da-torre-de-la-pardida-2596m-19-2162015","status":"publish","type":"post","link":"https:\/\/www.ventonorte.com\/?p=2544","title":{"rendered":"Conquista da Torre de la P\u00e1rdida [19-21\/6\/2015]"},"content":{"rendered":"<h1 style=\"text-align: center;\"><img loading=\"lazy\" decoding=\"async\" class=\"aligncenter wp-image-2545\" src=\"http:\/\/www.ventonorte.com\/wp-content\/uploads\/2-Naranjo-10.jpg\" alt=\"2 - Naranjo (10)\" width=\"570\" height=\"350\" srcset=\"https:\/\/www.ventonorte.com\/wp-content\/uploads\/2-Naranjo-10.jpg 958w, https:\/\/www.ventonorte.com\/wp-content\/uploads\/2-Naranjo-10-150x92.jpg 150w, https:\/\/www.ventonorte.com\/wp-content\/uploads\/2-Naranjo-10-300x184.jpg 300w\" sizes=\"auto, (max-width: 570px) 100vw, 570px\" \/>Conquista da Torre de la P\u00e1rdida, 2596m<\/h1>\n<h2 style=\"text-align: center;\">Picos da Europa<\/h2>\n<h3 style=\"text-align: center;\">19 a 21 Junho 2015<\/h3>\n<div>Estamos de regresso aos Picos da Europa e a uma das zonas mais selvagens de todo o Parque Nacional, a zona do Naranjo de Bulnes.<\/div>\n<div>Este impressionante monolito, com cerca de 600m acima da envolvente, n\u00e3o sendo o cume de maior altitude dos Picos da Europa, \u00e9 sem d\u00favida o mais emblem\u00e1tico, sendo conhecido mundialmente pela dureza de algumas das vias para se chegar ao topo.<\/div>\n<div>Vamos usar o ref\u00fagio conhecido pelo mesmo nome, muito embora o seu nome formal seja outro, que fica mesmo no sop\u00e9 da montanha e onde, se a meteorologia estiver de fei\u00e7\u00e3o, certamente iremos apreciar montanheiros a tentar chegar ao topo da \u00fanica forma poss\u00edvel, a escalar.<\/div>\n<div>N\u00e3o havendo este ano ponte para juntar ao fim de semana, vamos sair na 6.\u00aa de manh\u00e3 e fazer uma ascens\u00e3o nesse dia, mas permitindo, que quem apenas puder sair na 6.\u00aa feira \u00e0 tarde se junte a n\u00f3s, uma vez que s\u00f3 subiremos para o ref\u00fagio do Naranjo no S\u00e1bado.<\/div>\n<p>&nbsp;<\/p>\n<h3>Programa<\/h3>\n<p><strong>Dia 19 de junho (6.\u00aa feira)<br \/>\n<\/strong>Hora pt<\/p>\n<ul>\n<li>06h00\u00a0\u00a0 \u00a0sa\u00edda de famalic\u00e3o\/braga (percurso a partir de braga: <a href=\"https:\/\/goo.gl\/maps\/ht8He\">https:\/\/goo.gl\/maps\/ht8He<\/a>)<\/li>\n<\/ul>\n<p>Hora es<\/p>\n<ul>\n<li>10h00\u00a0\u00a0 \u00a0paragem na esta\u00e7\u00e3o de servi\u00e7o da a66 caldas de luna &#8211; logo depois da barragem e de um t\u00fanel<\/li>\n<li>12h30\u00a0\u00a0 \u00a0chegada ao colado de pand\u00e9bano<br \/>\nO colado (ou portela) de pand\u00e9bano, devido \u00e0 riqueza dos seus pastos apresenta diversas constru\u00e7\u00f5es, muitas j\u00e1 abandonadas, destinadas ao gado e aos pastores. Aqui deixaremos os carros. Convem levar as mochilas j\u00e1 preparadas e a roupa de montanha vestida de forma a n\u00e3o se atrasar na partida.<br \/>\nAlmo\u00e7o volante<\/li>\n<li>13h00\u00a0\u00a0 \u00a0partida para a pe\u00f1a castil, 2444m (dificuldade m\u00e9dia\/baixa +\/- 6h ida e volta)<br \/>\nTrata-se de um dos cumes melhor localizados dos picos da europa, pois permite uma magn\u00edfica panor\u00e2mica dos 3 maci\u00e7os, com o naranjo mesmo ali ao p\u00e9.<\/li>\n<li>19h30\u00a0\u00a0 \u00a0entrada no albergue em sotres<\/li>\n<li>20h00\u00a0\u00a0 \u00a0jantar livre<\/li>\n<li>24h00\u00a0\u00a0 \u00a0chegada dos participantes que apenas possam sair na 6.\u00aa feira \u00e0 tarde<\/li>\n<\/ul>\n<p><strong>Dia 20 de junho (s\u00e1bado)\u00a0\u00a0 \u00a0\u00a0\u00a0 \u00a0\u00a0\u00a0 \u00a0\u00a0\u00a0 \u00a0\u00a0\u00a0 \u00a0\u00a0\u00a0 \u00a0\u00a0\u00a0 \u00a0\u00a0\u00a0\u00a0<\/strong><\/p>\n<ul>\n<li>9h30\u00a0\u00a0 \u00a0partida para o ref\u00fagio do naranjo pelo colado valejo (dificuldade baixa +\/- 3 h)<br \/>\nEste acesso, o mais f\u00e1cil e r\u00e1pido, apenas foi aberto em meados do s\u00e9culo passado com recurso a dinamite, para simplificar o resgate de montanhistas da zona do naranjo.<\/li>\n<li>12h30\u00a0\u00a0 \u00a0chegada ao ref\u00fagio do naranjo (1.950 m)<br \/>\nO naranjo de bulnes ou picu urriellu \u00e9 um mon\u00f3lito com 600 m de altura que se debru\u00e7a sobre o ref\u00fagio com o mesmo nome. \u00c9 considerada uma das 10 melhores paredes de escalada do mundo. N\u00e3o sendo o cume mais alto dos picos da europa \u00e9 sem d\u00favida o mais emblem\u00e1tico, quer pela sua forma peculiar, vis\u00edvel e facilmente identific\u00e1vel de muitas zonas das redondezas, quer pela dificuldade da sua ascens\u00e3o, que s\u00f3 pode ser feita escalando. Este cume de rara beleza foi escalado pela primeira vez em 1904 por pedro pidal &#8211; maqu\u00eas de vilaviciosa\u00a0 juntamente com um pastor local conhecido por &#8220;el cainejo&#8221; usando como \u00fanico acess\u00f3rio uma corda de c\u00e2nhamo e marcou o in\u00edcio do alpinismo em espanha.<br \/>\nAlmo\u00e7o<\/li>\n<li>13h30\u00a0\u00a0 \u00a0in\u00edcio da ascens\u00e3o \u00e0 torre de la p\u00e1rdida, 2.596 m (dificuldade m\u00e9dia\/baixa +\/- 5h ida e volta)<br \/>\nA torre de la p\u00e1rdida \u00e9 dos melhores miradouros dos picos da europa e de ascens\u00e3o muito f\u00e1cil. Do seu cume poderemos contemplar uma imensa paisagem de montanha dos 3 maci\u00e7os dos picos da europa. Sendo um cume sem dificuldades t\u00e9cnicas, \u00e9 dos mais visitados nos picos da europa, sobretudo por grupos e fam\u00edlias com crian\u00e7as.<\/li>\n<li>19h00\u00a0\u00a0 \u00a0ref\u00fagio do naranjo<\/li>\n<li>20h00\u00a0\u00a0 \u00a0jantar<\/li>\n<\/ul>\n<p><strong>Dia 21 de junho (domingo)\u00a0\u00a0 \u00a0\u00a0\u00a0 \u00a0\u00a0\u00a0 \u00a0\u00a0\u00a0 \u00a0\u00a0\u00a0 \u00a0\u00a0\u00a0 \u00a0\u00a0\u00a0 \u00a0\u00a0\u00a0\u00a0<\/strong><\/p>\n<ul>\n<li>8h00\u00a0\u00a0 \u00a0pequeno-almo\u00e7o do ref\u00fagio<\/li>\n<li>9h00\u00a0\u00a0 \u00a0descida para sotres<\/li>\n<li>10h00\u00a0\u00a0 \u00a0visita opcional a cangas de onis &#8211; compras<\/li>\n<li>12h00\u00a0\u00a0 \u00a0regresso a portugal<\/li>\n<\/ul>\n<h3>Inscri\u00e7\u00f5es e log\u00edstica<\/h3>\n<ul>\n<li>Data limite: 7 de junho de 2015<\/li>\n<li>Indicar nome, email, se possui transporte, lugares livres (por quest\u00f5es ambientais, de economia e log\u00edstica, tentaremos minimizar o n.\u00ba de autom\u00f3veis) e comprovativo de transfer\u00eancia para a conta da associa\u00e7\u00e3o.<\/li>\n<li>Email: <a href=\"mailto:montanhismo.vn@gmail.com\">montanhismo.vn@gmail.com<\/a><\/li>\n<li>Pre\u00e7o:<br \/>\nGeral:\u00a0\u00a0 \u00a0 75,00 \u20ac<br \/>\n<em>Descontos<\/em>:<br \/>\nAssociados: -10,00 \u20ac<br \/>\nFederados**: &#8211; 0,00 \u20ac<br \/>\nSem seguro*: -5,00 \u20ac<\/li>\n<\/ul>\n<p>* participantes que tenham seguro de acidentes pessoais que cubra montanhismo, que j\u00e1 tenham feito o seguro da vento norte para outra atividade ou que sejam praticantes federados.<br \/>\n** em principio os federados da fcmp n\u00e3o ter\u00e3o direito a desconto. Caso o ref\u00fagio fa\u00e7a o desconto receber\u00e3o o valor no local.<\/p>\n<p>A inscri\u00e7\u00e3o s\u00f3 se considera efetiva ap\u00f3s o pagamento. No caso de cancelamento at\u00e9 14 de junho ser\u00e1 devolvido 50% do valor.<br \/>\nInclui: seguro+albergue+ref\u00fagio + pa albergue e jantar + pa ref\u00fagio, enquadramento e mapas da zona<br \/>\nN\u00e3o inclui: transporte, jantar em sotres, refei\u00e7\u00f5es volantes<\/p>\n<h3>Material indispens\u00e1vel<\/h3>\n<ul>\n<li>Saco cama de ver\u00e3o<\/li>\n<li>Botas de montanhismo ou sapatilhas de sola dura<\/li>\n<li>Casaco imperme\u00e1vel<\/li>\n<li>Roupa desportiva e confort\u00e1vel<\/li>\n<\/ul>\n<h3>Material \u00fatil (para quem tiver)<\/h3>\n<ul>\n<li>Lanterna frontal, cal\u00e7as imperme\u00e1veis, bast\u00f5es, polainas, m\u00e1quina fotogr\u00e1fica, etc.<\/li>\n<li>Conv\u00e9m levar a comida para lanches de almo\u00e7os de portugal ou comprar em esta\u00e7\u00e3o de servi\u00e7o, para n\u00e3o atrasarmos na chegada.<\/li>\n<li>No ref\u00fagio existe \u00e1gua pot\u00e1vel e casas de banho, mas em 2010 n\u00e3o tinha chuveiro<\/li>\n<\/ul>\n<h3>Dificuldade global da atividade<\/h3>\n<p>Esta atividade \u00e9 muito acess\u00edvel, n\u00e3o sendo necess\u00e1ria nenhuma experi\u00eancia pr\u00e9via. \u00c9 aconselh\u00e1vel estar habituado a andar a p\u00e9 (+\/- 4 h seguidas).<\/p>\n<p>As ascens\u00f5es, embora f\u00e1ceis, n\u00e3o s\u00e3o obrigat\u00f3rias, j\u00e1 que regressamos sempre ao ref\u00fagio. Pelo que quem desejar poder\u00e1 ficar no ref\u00fagio a apreciar a magn\u00edfica envolvente que \u00e9 uma das paisagens mais selvagens dos picos da europa.<\/p>\n<h3>Seguro (para n\u00e3o federados)<\/h3>\n<p>Modalidades: seguro de acidentes pessoais com cobertura de pedestrianismo<br \/>\nPara subscrever este seguro deve ser indicado o nome completo, o n.\u00ba do bi e a data de nascimento<\/p>\n<h3>Altera\u00e7\u00f5es ao programa<\/h3>\n<p>Nos picos da europa a chuva ou neve aparecem em cerca de 1\/3 dos dias, por isso \u00e9 poss\u00edvel que, perante condi\u00e7\u00f5es climat\u00e9ricas adversas, seja necess\u00e1rio alterar as atividades. A decis\u00e3o ser\u00e1 tomada no local.<\/p>\n","protected":false},"excerpt":{"rendered":"<p>Estamos de regresso aos Picos da Europa e a uma das zonas mais selvagens de todo o Parque Nacional, a zona do Naranjo de Bulnes.<br \/>\nEste impressionante monolito, com cerca de 600m acima da envolvente, n\u00e3o sendo o cume de maior altitude dos Picos da Europa, \u00e9 sem d\u00favida o mais emblem\u00e1tico, sendo conhecido mundialmente pela dureza de algumas das vias para se chegar ao topo.<br \/>\nVamos usar o ref\u00fagio conhecido pelo mesmo nome, muito embora o seu nome formal seja outro, que fica mesmo no sop\u00e9 da montanha e onde, se a meteorologia estiver de fei\u00e7\u00e3o, certamente iremos apreciar montanheiros a tentar chegar ao topo da \u00fanica forma poss\u00edvel, a escalar.<\/p>\n","protected":false},"author":1,"featured_media":2545,"comment_status":"open","ping_status":"open","sticky":false,"template":"","format":"standard","meta":{"ngg_post_thumbnail":0,"footnotes":""},"categories":[11],"tags":[],"class_list":["post-2544","post","type-post","status-publish","format-standard","has-post-thumbnail","hentry","category-montanhismo"],"_links":{"self":[{"href":"https:\/\/www.ventonorte.com\/index.php?rest_route=\/wp\/v2\/posts\/2544","targetHints":{"allow":["GET"]}}],"collection":[{"href":"https:\/\/www.ventonorte.com\/index.php?rest_route=\/wp\/v2\/posts"}],"about":[{"href":"https:\/\/www.ventonorte.com\/index.php?rest_route=\/wp\/v2\/types\/post"}],"author":[{"embeddable":true,"href":"https:\/\/www.ventonorte.com\/index.php?rest_route=\/wp\/v2\/users\/1"}],"replies":[{"embeddable":true,"href":"https:\/\/www.ventonorte.com\/index.php?rest_route=%2Fwp%2Fv2%2Fcomments&post=2544"}],"version-history":[{"count":9,"href":"https:\/\/www.ventonorte.com\/index.php?rest_route=\/wp\/v2\/posts\/2544\/revisions"}],"predecessor-version":[{"id":2557,"href":"https:\/\/www.ventonorte.com\/index.php?rest_route=\/wp\/v2\/posts\/2544\/revisions\/2557"}],"wp:featuredmedia":[{"embeddable":true,"href":"https:\/\/www.ventonorte.com\/index.php?rest_route=\/wp\/v2\/media\/2545"}],"wp:attachment":[{"href":"https:\/\/www.ventonorte.com\/index.php?rest_route=%2Fwp%2Fv2%2Fmedia&parent=2544"}],"wp:term":[{"taxonomy":"category","embeddable":true,"href":"https:\/\/www.ventonorte.com\/index.php?rest_route=%2Fwp%2Fv2%2Fcategories&post=2544"},{"taxonomy":"post_tag","embeddable":true,"href":"https:\/\/www.ventonorte.com\/index.php?rest_route=%2Fwp%2Fv2%2Ftags&post=2544"}],"curies":[{"name":"wp","href":"https:\/\/api.w.org\/{rel}","templated":true}]}}