{"id":2602,"date":"2015-10-10T09:05:13","date_gmt":"2015-10-10T09:05:13","guid":{"rendered":"http:\/\/www.ventonorte.com\/?p=2602"},"modified":"2015-12-20T18:53:59","modified_gmt":"2015-12-20T18:53:59","slug":"serra-da-estrela-5-a-8122015","status":"publish","type":"post","link":"https:\/\/www.ventonorte.com\/?p=2602","title":{"rendered":"Serra da Estrela [5 a 8\/12\/2015]"},"content":{"rendered":"<h1 style=\"text-align: center;\"><img loading=\"lazy\" decoding=\"async\" class=\"aligncenter wp-image-2617\" src=\"http:\/\/www.ventonorte.com\/wp-content\/uploads\/SerraEstrela.jpg\" alt=\"SerraEstrela\" width=\"590\" height=\"443\" srcset=\"https:\/\/www.ventonorte.com\/wp-content\/uploads\/SerraEstrela.jpg 800w, https:\/\/www.ventonorte.com\/wp-content\/uploads\/SerraEstrela-150x113.jpg 150w, https:\/\/www.ventonorte.com\/wp-content\/uploads\/SerraEstrela-300x225.jpg 300w\" sizes=\"auto, (max-width: 590px) 100vw, 590px\" \/>Serra da Estrela 2015<\/h1>\n<h3 style=\"text-align: center;\">05 a 08 de dezembro<\/h3>\n<p>&nbsp;<\/p>\n<p>O parque natural da serra da estrela (pnse) fica no centro interior de portugal essencialmente no distrito da guarda (85%) e tamb\u00e9m no distrito de castelo branco (15%). Marcado por maci\u00e7os rochosos de granito, xisto e xistograuvaquicos e vest\u00edgios de antigos glaciares, a elevada altitude e localiza\u00e7\u00e3o do parque natural tornam-no um dos locais de portugal continental com maior ocorr\u00eancia de chuva, neve, granizo e orvalho.<\/p>\n<p>A import\u00e2ncia desta \u00e1rea faz com que seja reserva biogen\u00e9tica. Em 2000, foi designada uma \u00e1rea de 88 295 hectares como s\u00edtio de interesse biol\u00f3gico e passou a integrar a rede natura 2000. Com valores naturais relevantes, incluindo algumas esp\u00e9cie de flora \u00fanica no pa\u00eds, nos animais destaca-se o lobo (canis lupus), o javali, a lontra, a raposa (vulpes vulpes), a lagartixa-de-montanha (lacerta monticola monticola), a geneta (genetta genetta) e o coelho-bravo-europeu (oryctolagus cuniculus) entre outros.1<\/p>\n<p>Entre as diversas atividades que tem para oferecer destacam-se os percursos pedestres assinalados e um centro de interpreta\u00e7\u00e3o. Nas atividades econ\u00f3micas \u00e9 relevante a import\u00e2ncia do queijo serra da estrela e da \u00fanica est\u00e2ncia de ski no pa\u00eds.<\/p>\n<p>In: wikip\u00e9dia<\/p>\n<p>&nbsp;<\/p>\n<h3>Programa<\/h3>\n<table style=\"height: 470px; border-color: #333131;\" border=\"1\" width=\"590\">\n<tbody>\n<tr style=\"background-color: #9c9c9c;\">\n<td style=\"text-align: center;\" valign=\"top\" width=\"193\"><strong>Op\u00e7\u00e3o Turista<\/strong><\/td>\n<td style=\"text-align: center;\" valign=\"top\" width=\"217\"><strong>Op\u00e7\u00e3o Montanheiro<\/strong><\/td>\n<\/tr>\n<tr>\n<td style=\"text-align: center;\" colspan=\"2\" valign=\"top\" width=\"193\"><strong>Dia 05 de dezembro (s\u00e1bado)<\/strong><\/td>\n<\/tr>\n<tr>\n<td colspan=\"2\" valign=\"top\" width=\"193\">7h30 &#8211; Sa\u00edda de VN Famalic\u00e3o<\/td>\n<\/tr>\n<tr>\n<td colspan=\"2\" valign=\"top\" width=\"193\">9h00 &#8211; Ponto de encontro \u2013 Esta\u00e7\u00e3o de Servi\u00e7o de Viseu da A25<\/td>\n<\/tr>\n<tr>\n<td valign=\"top\" width=\"193\">10h00 \u2013 Museu do P\u00e3o, Seia \u2013 Visita ao Museu<\/td>\n<td valign=\"top\" width=\"217\">10h40 &#8211; Torre<\/td>\n<\/tr>\n<tr>\n<td valign=\"top\" width=\"193\">11h00 \u2013 Museu do Brinquedo, Seia \u2013 Visita ao Museu<\/td>\n<td valign=\"top\" width=\"217\">11h00 \u2013 In\u00edcio do Trilho das Lagoas da Torre \u2013 Percurso circular no planalto da Torre (dificuldade m\u00e9dia\/baixa, +\/- 5h)<\/td>\n<\/tr>\n<tr>\n<td valign=\"top\" width=\"193\">12h30 \u2013 Almo\u00e7o volante junto \u00e0 barragem da Lagoa Comprida<\/td>\n<td valign=\"top\" width=\"217\">13h00 (+\/- ) \u2013 Almo\u00e7o volante<\/td>\n<\/tr>\n<tr>\n<td width=\"193 valign=\">13H30 \u2013 Pequena caminhada (+\/- 3km) na zona da Lagoa Comprida (C3+)<\/td>\n<td valign=\"top\" width=\"217\">16h00 \u2013 Final do Trilho<\/td>\n<\/tr>\n<tr>\n<td colspan=\"2\" valign=\"top\" width=\"193\">16h30 \u2013 Pousada de Juventude<\/td>\n<\/tr>\n<tr>\n<td colspan=\"2\" valign=\"top\" width=\"193\">19h00 &#8211; Jantar<\/td>\n<\/tr>\n<tr>\n<td colspan=\"2\" valign=\"top\" width=\"193\">20h00 \u2013 Escolha da fotografia do dia<\/td>\n<\/tr>\n<tr>\n<td style=\"text-align: center;\" colspan=\"2\" valign=\"top\" width=\"193\"><strong>Dia 06 de dezembro (domingo)<\/strong><\/td>\n<\/tr>\n<tr>\n<td colspan=\"2\" valign=\"top\" width=\"193\">8h30 &#8211; P.A. Na Pousada de Juventude<\/td>\n<\/tr>\n<tr>\n<td colspan=\"2\" valign=\"top\" width=\"193\">10h00 \u2013 Vale do Rossim<\/td>\n<\/tr>\n<tr>\n<td valign=\"top\" width=\"193\">10h15 \u2013 In\u00edcio de pequena caminhada no Vale do Rossim (C3+;CB)<\/td>\n<td valign=\"top\" width=\"217\">10h15 \u2013 In\u00edcio do Trilho Vale do Rossim\/ Torre (dificuldade m\u00e9dia, +\/- 6h)<\/td>\n<\/tr>\n<tr>\n<td valign=\"top\" width=\"193\">12h00 \u2013 Almo\u00e7o volante na zona do Vale do Rossim<\/td>\n<td valign=\"top\" width=\"217\">12h30 (+\/-) \u2013 Almo\u00e7o volante<\/td>\n<\/tr>\n<tr>\n<td valign=\"top\" width=\"193\">14h00 \u2013 Manteigas \u2013 Desloca\u00e7\u00e3o \u00e0 delega\u00e7\u00e3o do Parque Natural da Serra da Estrela<\/td>\n<td valign=\"top\" width=\"217\"><\/td>\n<\/tr>\n<tr>\n<td valign=\"top\" width=\"193\">15h00 \u2013 Visita ao Ski Parque de Manteigas<\/td>\n<td valign=\"top\" width=\"217\">16h30 \u2013 Final do Trilho e liga\u00e7\u00e3o de autom\u00f3vel<\/td>\n<\/tr>\n<tr>\n<td colspan=\"2\" valign=\"top\" width=\"193\">17h00 \u2013 Pousada de Juventude<\/td>\n<\/tr>\n<tr>\n<td colspan=\"2\" valign=\"top\" width=\"193\">19h00 &#8211; Jantar<\/td>\n<\/tr>\n<tr>\n<td colspan=\"2\" valign=\"top\" width=\"193\">20h00 \u2013 Escolha da fotografia do dia<\/td>\n<\/tr>\n<tr>\n<td style=\"text-align: center;\" colspan=\"2\" valign=\"top\" width=\"193\"><strong>Dia 07 de dezembro (2.\u00aa feira)<\/strong><\/td>\n<\/tr>\n<tr>\n<td colspan=\"2\" valign=\"top\" width=\"193\">8h30 &#8211; P.A. Na Pousada de Juventude<\/td>\n<\/tr>\n<tr>\n<td colspan=\"2\" valign=\"top\" width=\"193\">10h00 \u2013 Manteigas<\/td>\n<\/tr>\n<tr>\n<td valign=\"top\" width=\"193\">10h15 \u2013 In\u00edcio de pequena caminhada no Vale do Z\u00eazere (C3+;CB)<\/td>\n<td valign=\"top\" width=\"217\">10h15 \u2013 In\u00edcio do Trilho Rota do Carv\u00e3o (dificuldade m\u00e9dia, +\/- 6h)<\/td>\n<\/tr>\n<tr>\n<td valign=\"top\" width=\"193\">13h00 \u2013 Almo\u00e7o volante na zona do Cov\u00e3o da Metade<\/td>\n<td valign=\"top\" width=\"217\">12h30 (+\/-) \u2013 Almo\u00e7o volante<\/td>\n<\/tr>\n<tr>\n<td valign=\"top\" width=\"193\">14h30 \u2013 Tarde recreativa na zona da Torre<\/td>\n<td valign=\"top\" width=\"217\">17h00 \u2013 Final do Trilho e liga\u00e7\u00e3o de autom\u00f3vel<\/td>\n<\/tr>\n<tr>\n<td colspan=\"2\" valign=\"top\" width=\"193\">17h30 &#8211; Regresso<\/td>\n<\/tr>\n<\/tbody>\n<\/table>\n<p><em>C3+: caminhada acess\u00edvel a crian\u00e7as de mais de 3 anos<\/em><br \/>\n<em>Cb: caminhada acess\u00edvel a carrinho de b\u00e9b\u00e9<\/em><\/p>\n<p>&nbsp;<\/p>\n<h3>Descri\u00e7\u00e3o da actividade<\/h3>\n<p>Na op\u00e7\u00e3o montanheiro, trata-se de uma atividade de dificuldade m\u00e9dia, acess\u00edvel a praticantes de pequenas caminhadas, inclusive a crian\u00e7as a partir dos 8 anos.<\/p>\n<p>A op\u00e7\u00e3o turista est\u00e1 mais vocacionada para fam\u00edlias com crian\u00e7as at\u00e9 aos 7 anos, acess\u00edvel a todas as idades e condi\u00e7\u00f5es f\u00edsicas.<\/p>\n<p>\u00c9 poss\u00edvel a participa\u00e7\u00e3o intercalada no programa turista e no programa montanheiro.<\/p>\n<p>Dado decorrer j\u00e1 no final do outono assume maior import\u00e2ncia a roupa de agasalho e cal\u00e7ado imperme\u00e1vel.<\/p>\n<p>No caso da presen\u00e7a de neve (tal com aconteceu em 2008, 2009, 2010 e 2011) os percursos podem ser alterados.<\/p>\n<p>O alojamento ser\u00e1 na pousada de juventude de penhas da sa\u00fade em regime de meia pens\u00e3o. A pousada tem dispon\u00edvel cozinha de alberguista com utens\u00edlios de cozinha, fog\u00e3o e micro-ondas.<\/p>\n<p>&nbsp;<\/p>\n<h3>Inscri\u00e7\u00f5es e log\u00edstica\u00a0\u00a0<strong>\u00a0 <\/strong><\/h3>\n<p>Indicar nome, data de nascimento e n.\u00ba de bi, se possui transporte, lugares livres (por quest\u00f5es ambientais, de economia e log\u00edstica, tentaremos minimizar o n.\u00ba de autom\u00f3veis) e data, hora e montante do pagamento (atrav\u00e9s de transfer\u00eancia banc\u00e1ria).<\/p>\n<p>Email: <a href=\"mailto:montanhismo.vn@gmail.com\">montanhismo.vn@gmail.com<\/a><\/p>\n<p>&nbsp;<\/p>\n<h3>Pre\u00e7os por participante<\/h3>\n<table style=\"border-color: #454545;\" border=\"1\">\n<tbody>\n<tr>\n<td colspan=\"2\" width=\"91\"><\/td>\n<td width=\"84\"><strong> Geral<\/strong><br \/>\n(3 dias, 2 noites)<\/td>\n<td width=\"84\"><strong> C\/ noite extra <\/strong><br \/>\n(4 dias, 3 noites)<\/td>\n<td width=\"84\"><strong> Apenas 1 noite <\/strong><br \/>\n(2 dias, 1 noite)<\/td>\n<\/tr>\n<tr>\n<td colspan=\"2\" width=\"219\"><strong>Associados<\/strong><\/td>\n<td width=\"84\">38,00 \u20ac<\/td>\n<td width=\"84\">57,00 \u20ac<\/td>\n<td width=\"84\">19,00 \u20ac<\/td>\n<\/tr>\n<tr>\n<td colspan=\"2\" width=\"219\"><strong>N\u00e3o associados<\/strong><\/td>\n<td width=\"84\">43,00 \u20ac<\/td>\n<td width=\"84\">62,00 \u20ac<\/td>\n<td width=\"84\">24,00 \u20ac<\/td>\n<\/tr>\n<tr>\n<td colspan=\"2\" width=\"219\"><strong>Crian\u00e7as at\u00e9 11 anos <\/strong>(q. Duplo ed. Novo)*<\/td>\n<td width=\"84\">14,00 \u20ac<\/td>\n<td width=\"84\">21,00 \u20ac<\/td>\n<td width=\"84\">7,00 \u20ac<\/td>\n<\/tr>\n<tr>\n<td colspan=\"2\" width=\"219\"><strong>Quarto duplo (associado)<\/strong><\/td>\n<td width=\"84\">54,00 \u20ac<\/td>\n<td width=\"84\">81,00 \u20ac<\/td>\n<td width=\"84\">27,00 \u20ac<\/td>\n<\/tr>\n<tr>\n<td colspan=\"2\" width=\"219\"><strong>Quarto duplo (n\u00e3o associado)<\/strong><\/td>\n<td width=\"84\">59,00 \u20ac<\/td>\n<td width=\"84\">86,00 \u20ac<\/td>\n<td width=\"84\">32,00 \u20ac<\/td>\n<\/tr>\n<tr>\n<td colspan=\"2\" width=\"219\"><strong>Seguro**<\/strong><\/td>\n<td width=\"84\">+5,00 \u20ac<\/td>\n<td width=\"84\"><\/td>\n<td width=\"84\"><\/td>\n<\/tr>\n<\/tbody>\n<\/table>\n<p><em>* s\u00f3 pagam alimenta\u00e7\u00e3o; h\u00e1 algumas camas extra, caso n\u00e3o estejam dispon\u00edveis os pais devem levar cama de viagem; os quartos duplos do ed. Principal n\u00e3o permitem camas extra.<br \/>\n** obrigat\u00f3rio, exceto para participantes que tenham seguro de acidentes pessoais que cubra montanhismo, que j\u00e1 tenham feito o seguro da vento norte para outra atividade, que sejam praticantes federados. O seguro ser\u00e1 v\u00e1lido para todas as atividades da vento norte at\u00e9 mar\u00e7o de 2015.<\/em><\/p>\n<p>&nbsp;<\/p>\n<h3>Inscri\u00e7\u00f5es at\u00e9 ao dia 15 de novembro de 2015.<\/h3>\n<ul>\n<li>A inscri\u00e7\u00e3o s\u00f3 se considera efetiva ap\u00f3s o pagamento.<\/li>\n<li>Cancelamentos at\u00e9 15 de novembro &#8211; devolu\u00e7\u00e3o da totalidade do valor<\/li>\n<li>Cancelamentos 15 dias antes &#8211; devolu\u00e7\u00e3o de 75% do valor<\/li>\n<li>Cancelamentos 5 dias antes &#8211; devolu\u00e7\u00e3o de 50% do valor<\/li>\n<li>Cancelamentos a menos de 5 dias &#8211; n\u00e3o ser\u00e1 devolvida qualquer import\u00e2ncia<\/li>\n<li>S\u00e3o poss\u00edveis inscri\u00e7\u00f5es fora de prazo, no entanto as vagas n\u00e3o s\u00e3o garantidas.<\/li>\n<\/ul>\n<p><strong>Inclui:<\/strong> alojamento e 1\/2 pens\u00e3o na pousada de juventude de penhas da sa\u00fade<\/p>\n<p><strong>N\u00e3o inclui:<\/strong> transporte e almo\u00e7os durante a atividade<\/p>\n<p>&nbsp;<\/p>\n<h3>Equipamento indispens\u00e1vel<\/h3>\n<ul>\n<li>Botas de montanhismo, de prefer\u00eancia imperme\u00e1veis<\/li>\n<li>Casaco imperme\u00e1vel<\/li>\n<li>Roupa desportiva e confort\u00e1vel<\/li>\n<li>Correntes de neve para o carro s\u00e3o sempre \u00fateis e poder\u00e3o tornar-se obrigat\u00f3rias se as condi\u00e7\u00f5es forem m\u00e1s<\/li>\n<\/ul>\n<p>&nbsp;<\/p>\n","protected":false},"excerpt":{"rendered":"<p>Serra da Estrela 2015<br \/>\n05 a 08 de dezembro<br \/>\n&nbsp;<br \/>\nO parque natural da serra da estrela (pnse) fica no centro interior de portugal essencialmente no distrito da guarda (85%) e tamb\u00e9m no distrito de castelo branco (15%). Marcado por maci\u00e7os rochosos de granito, xisto e xistograuvaquicos e vest\u00edgios de antigos glaciares, a elevada altitude e localiza\u00e7\u00e3o do parque natural tornam-no um dos locais de portugal continental com maior ocorr\u00eancia de chuva, neve, granizo e orvalho.<br \/>\nA import\u00e2ncia desta \u00e1rea faz com que seja reserva biogen\u00e9tica. Em 2000, foi designada uma \u00e1rea de 88 &#8230;<\/p>\n","protected":false},"author":1,"featured_media":2617,"comment_status":"open","ping_status":"open","sticky":false,"template":"","format":"standard","meta":{"ngg_post_thumbnail":0,"footnotes":""},"categories":[11],"tags":[],"class_list":["post-2602","post","type-post","status-publish","format-standard","has-post-thumbnail","hentry","category-montanhismo"],"_links":{"self":[{"href":"https:\/\/www.ventonorte.com\/index.php?rest_route=\/wp\/v2\/posts\/2602","targetHints":{"allow":["GET"]}}],"collection":[{"href":"https:\/\/www.ventonorte.com\/index.php?rest_route=\/wp\/v2\/posts"}],"about":[{"href":"https:\/\/www.ventonorte.com\/index.php?rest_route=\/wp\/v2\/types\/post"}],"author":[{"embeddable":true,"href":"https:\/\/www.ventonorte.com\/index.php?rest_route=\/wp\/v2\/users\/1"}],"replies":[{"embeddable":true,"href":"https:\/\/www.ventonorte.com\/index.php?rest_route=%2Fwp%2Fv2%2Fcomments&post=2602"}],"version-history":[{"count":18,"href":"https:\/\/www.ventonorte.com\/index.php?rest_route=\/wp\/v2\/posts\/2602\/revisions"}],"predecessor-version":[{"id":2620,"href":"https:\/\/www.ventonorte.com\/index.php?rest_route=\/wp\/v2\/posts\/2602\/revisions\/2620"}],"wp:featuredmedia":[{"embeddable":true,"href":"https:\/\/www.ventonorte.com\/index.php?rest_route=\/wp\/v2\/media\/2617"}],"wp:attachment":[{"href":"https:\/\/www.ventonorte.com\/index.php?rest_route=%2Fwp%2Fv2%2Fmedia&parent=2602"}],"wp:term":[{"taxonomy":"category","embeddable":true,"href":"https:\/\/www.ventonorte.com\/index.php?rest_route=%2Fwp%2Fv2%2Fcategories&post=2602"},{"taxonomy":"post_tag","embeddable":true,"href":"https:\/\/www.ventonorte.com\/index.php?rest_route=%2Fwp%2Fv2%2Ftags&post=2602"}],"curies":[{"name":"wp","href":"https:\/\/api.w.org\/{rel}","templated":true}]}}