{"id":2633,"date":"2015-12-29T09:39:47","date_gmt":"2015-12-29T09:39:47","guid":{"rendered":"http:\/\/www.ventonorte.com\/?p=2633"},"modified":"2016-01-24T21:58:50","modified_gmt":"2016-01-24T21:58:50","slug":"caminhada-para-todos-10012016","status":"publish","type":"post","link":"https:\/\/www.ventonorte.com\/?p=2633","title":{"rendered":"Caminhada para Todos (nova data) [24\/01\/2016]"},"content":{"rendered":"<p><img loading=\"lazy\" decoding=\"async\" class=\"aligncenter wp-image-2634\" src=\"http:\/\/www.ventonorte.com\/wp-content\/uploads\/Caldelas-1024x575.jpg\" alt=\"Caldelas\" width=\"570\" height=\"320\" srcset=\"https:\/\/www.ventonorte.com\/wp-content\/uploads\/Caldelas-1024x575.jpg 1024w, https:\/\/www.ventonorte.com\/wp-content\/uploads\/Caldelas-150x84.jpg 150w, https:\/\/www.ventonorte.com\/wp-content\/uploads\/Caldelas-300x168.jpg 300w, https:\/\/www.ventonorte.com\/wp-content\/uploads\/Caldelas.jpg 1918w\" sizes=\"auto, (max-width: 570px) 100vw, 570px\" \/><\/p>\n<h1 style=\"text-align: center;\">1\u00aa Caminhada para Todos 2016<\/h1>\n<h2 style=\"text-align: center;\">Trilho das Termas de Caldelas \u2013 Amares<\/h2>\n<h3 style=\"text-align: center;\">nova data: 24-1-2016 (domingo)<\/h3>\n<p>Iniciando no centro da Vila de Caldelas, este percurso misto (rural e o urbano), passa pela Aldeia de Sernadela e pela capela de Sto. Ov\u00eddio. Neste monumento religioso podemos observar a sua ab\u00f3bada e o ret\u00e1bulo-mor joanino.<br \/>\nCircundando o Monte de S. Gens, obtemos uma magn\u00edfica vista panor\u00e2mica sobre o vale do Alvito, entre as freguesias de Caldelas e de Sequeiros.<br \/>\nA paisagem que envolve este percurso \u00e9 mista, alternando entre povoamentos florestais de resinosas, eucaliptos e carvalhos, e, nas \u00e1reas adjacentes \u00e0s aldeias, por campos agr\u00edcolas.<\/p>\n<p style=\"text-align: right;\"><em>(<a href=\"http:\/\/www.cm-amares.pt\/trilhos-amares\">http:\/\/www.cm-amares.pt\/trilhos-amares<\/a>)<\/em><\/p>\n<ul>\n<li>Extens\u00e3o: 15 km<\/li>\n<li>Dura\u00e7\u00e3o aproximada: 4h30 horas<\/li>\n<li>Grau de dificuldade: moderado<\/li>\n<li>Ponto de partida\/chegada: Termas de Caldelas<\/li>\n<li>Tipo de percurso: pequena rota, circular, de interesse hist\u00f3rico-cultural, ambiental e paisag\u00edstico, desenvolvendo-se por caminhos rurais.<\/li>\n<\/ul>\n<h3>Programa<\/h3>\n<ul>\n<li>9h00 &#8211; Ponto de encontro \/in\u00edcio da caminhada: bar \u201cbar &#8211; lounge &amp; caffe\u201d junto ao parque das Termas de Caldelas.<\/li>\n<li>14h00 &#8211; Fim do percurso.<\/li>\n<\/ul>\n<h3>Equipamento<\/h3>\n<ul>\n<li>Aconselha-se o uso de botas de montanhismo<\/li>\n<li>Agasalho\/ imperme\u00e1vel<\/li>\n<li>Mochila<\/li>\n<\/ul>\n<h3>Alimenta\u00e7\u00e3o<\/h3>\n<ul>\n<li>A alimenta\u00e7\u00e3o ser\u00e1 volante e fica a cargo de cada participante.<\/li>\n<li>\u00c9 aconselh\u00e1vel 1 a 1,5 L de \u00e1gua<\/li>\n<\/ul>\n<h3>Inscri\u00e7\u00f5es<\/h3>\n<ul>\n<li>Custo: gratuito<\/li>\n<li>Seguro: \u00e9 obrigat\u00f3rio possuir seguro para participar na atividade. Para os participantes que ainda n\u00e3o tenham subscrito o seguro anual da Vento Norte acresce o valor de 5 \u20ac.<\/li>\n<li>Todas as inscri\u00e7\u00f5es e d\u00favidas devem ser remetidas para <a href=\"mailto:montanhismo.vn@gmail.com\">montanhismo.vn@gmail.com<\/a> ou para telem\u00f3vel 965 648 065 (Pedro Cerqueira).<\/li>\n<\/ul>\n<h3>Transporte<\/h3>\n<ul>\n<li>O Transporte fica a cargo dos participantes, havendo possibilidade de partilhar carro. Caso esteja interessado, por favor envie <em>email<\/em>.<\/li>\n<\/ul>\n<h3>Como chegar<\/h3>\n<ul>\n<li>A partir de Braga seguir em dire\u00e7\u00e3o ao Est\u00e1dio\/Amares\/Vila Verde. Uns 4 km antes de Amares, tomar a dire\u00e7\u00e3o de Terras de Bouro\/Caldelas. O ponto de encontro \u00e9 na rua principal de Caldelas, junto ao bar \u201cbar \u2013 lounge &amp; caffe\u201d que se situa na rua principal de Caldelas, no parque junto \u00e0s Termas.<\/li>\n<\/ul>\n<p>&nbsp;<\/p>\n<p>&nbsp;<\/p>\n","protected":false},"excerpt":{"rendered":"<p>Iniciando no centro da Vila de Caldelas, este percurso misto (rural e o urbano), passa pela Aldeia de Sernadela e pela capela de Sto. Ov\u00eddio. Neste monumento religioso podemos observar a sua ab\u00f3bada e o ret\u00e1bulo-mor joanino.<br \/>\nCircundando o Monte de S. Gens, obtemos uma magn\u00edfica vista panor\u00e2mica sobre o vale do Alvito, entre as freguesias de Caldelas e de Sequeiros.<br \/>\nA paisagem que envolve este percurso \u00e9 mista, alternando entre povoamentos florestais de resinosas, eucaliptos e carvalhos, e, nas \u00e1reas adjacentes \u00e0s aldeias, por campos agr\u00edcolas.<\/p>\n","protected":false},"author":1,"featured_media":2634,"comment_status":"open","ping_status":"open","sticky":false,"template":"","format":"standard","meta":{"ngg_post_thumbnail":0,"footnotes":""},"categories":[11],"tags":[],"class_list":["post-2633","post","type-post","status-publish","format-standard","has-post-thumbnail","hentry","category-montanhismo"],"_links":{"self":[{"href":"https:\/\/www.ventonorte.com\/index.php?rest_route=\/wp\/v2\/posts\/2633","targetHints":{"allow":["GET"]}}],"collection":[{"href":"https:\/\/www.ventonorte.com\/index.php?rest_route=\/wp\/v2\/posts"}],"about":[{"href":"https:\/\/www.ventonorte.com\/index.php?rest_route=\/wp\/v2\/types\/post"}],"author":[{"embeddable":true,"href":"https:\/\/www.ventonorte.com\/index.php?rest_route=\/wp\/v2\/users\/1"}],"replies":[{"embeddable":true,"href":"https:\/\/www.ventonorte.com\/index.php?rest_route=%2Fwp%2Fv2%2Fcomments&post=2633"}],"version-history":[{"count":11,"href":"https:\/\/www.ventonorte.com\/index.php?rest_route=\/wp\/v2\/posts\/2633\/revisions"}],"predecessor-version":[{"id":2692,"href":"https:\/\/www.ventonorte.com\/index.php?rest_route=\/wp\/v2\/posts\/2633\/revisions\/2692"}],"wp:featuredmedia":[{"embeddable":true,"href":"https:\/\/www.ventonorte.com\/index.php?rest_route=\/wp\/v2\/media\/2634"}],"wp:attachment":[{"href":"https:\/\/www.ventonorte.com\/index.php?rest_route=%2Fwp%2Fv2%2Fmedia&parent=2633"}],"wp:term":[{"taxonomy":"category","embeddable":true,"href":"https:\/\/www.ventonorte.com\/index.php?rest_route=%2Fwp%2Fv2%2Fcategories&post=2633"},{"taxonomy":"post_tag","embeddable":true,"href":"https:\/\/www.ventonorte.com\/index.php?rest_route=%2Fwp%2Fv2%2Ftags&post=2633"}],"curies":[{"name":"wp","href":"https:\/\/api.w.org\/{rel}","templated":true}]}}