{"id":2693,"date":"2016-02-17T08:01:19","date_gmt":"2016-02-17T08:01:19","guid":{"rendered":"http:\/\/www.ventonorte.com\/?p=2693"},"modified":"2016-03-04T10:10:29","modified_gmt":"2016-03-04T10:10:29","slug":"caminhada-para-todos-terras-bouro-28022016","status":"publish","type":"post","link":"https:\/\/www.ventonorte.com\/?p=2693","title":{"rendered":"Caminhada para Todos &#8211; Terras Bouro [28\/02\/2016]"},"content":{"rendered":"<p><img loading=\"lazy\" decoding=\"async\" class=\"aligncenter wp-image-2694\" src=\"http:\/\/www.ventonorte.com\/wp-content\/uploads\/TerrasBouro-1024x768.jpg\" alt=\"TerrasBouro\" width=\"550\" height=\"413\" srcset=\"https:\/\/www.ventonorte.com\/wp-content\/uploads\/TerrasBouro-1024x768.jpg 1024w, https:\/\/www.ventonorte.com\/wp-content\/uploads\/TerrasBouro-150x113.jpg 150w, https:\/\/www.ventonorte.com\/wp-content\/uploads\/TerrasBouro-300x225.jpg 300w, https:\/\/www.ventonorte.com\/wp-content\/uploads\/TerrasBouro-768x576.jpg 768w, https:\/\/www.ventonorte.com\/wp-content\/uploads\/TerrasBouro.jpg 2048w\" sizes=\"auto, (max-width: 550px) 100vw, 550px\" \/><\/p>\n<h1 style=\"text-align: center;\">&#8220;Caminhada para Todos&#8221;<\/h1>\n<h2 style=\"text-align: center;\">PR7 S\u00e3o Bento &#8211; Terras de Bouro<\/h2>\n<h3 style=\"text-align: center;\">28-2-2016 (domingo)<\/h3>\n<p>&nbsp;<\/p>\n<p>Este percurso estende-se ao longo da encosta sudoeste do vale do Rio Caldo sendo intercetado, em dois locais, pelo tro\u00e7o da E.N 304, que liga as freguesias de Rio Caldo e Covide. O seu tra\u00e7ado carateriza-se por declives apreci\u00e1veis e locais de interesse hist\u00f3rico-cultural, de cariz religioso. Um dos principais atrativos deste trilho s\u00e3o os antigos fornos de fabrico de carv\u00e3o, denominados de furnas e o fojo do lobo.<\/p>\n<ul>\n<li>Extens\u00e3o aproximada: 14,6 km<\/li>\n<li>Dura\u00e7\u00e3o aproximada: 5h00 horas<\/li>\n<li>Grau de dificuldade: moderado<\/li>\n<li>Ponto de partida\/chegada: S\u00e3o Bento da Porta Aberta (GPS: 41\u00ba 41\u2019 29 N \/ 8\u00ba 12\u2019 18 W)<\/li>\n<li>Tipo de percurso: trilho sinalizado de pequena rota, circular, de interesse hist\u00f3rico-cultural, ambiental e paisag\u00edstico, desenvolvendo-se por caminhos florestais\/rurais.<\/li>\n<\/ul>\n<p>&nbsp;<\/p>\n<h3>Programa<\/h3>\n<ul>\n<li>09h00 &#8211; Ponto de encontro \/in\u00edcio da caminhada: S\u00e3o Bento da Porta Aberta<\/li>\n<li>14h00 &#8211; Fim do percurso.<\/li>\n<\/ul>\n<p>&nbsp;<\/p>\n<h3>Equipamento<\/h3>\n<ul>\n<li>Aconselha-se o uso de botas de montanhismo<\/li>\n<li>Agasalho\/ imperme\u00e1vel<\/li>\n<li>Mochila<\/li>\n<\/ul>\n<p>&nbsp;<\/p>\n<h3>Alimenta\u00e7\u00e3o<\/h3>\n<ul>\n<li>A alimenta\u00e7\u00e3o ser\u00e1 volante e fica a cargo de cada participante.<\/li>\n<li>\u00c9 aconselh\u00e1vel 1 a 1,5 L de \u00e1gua<\/li>\n<\/ul>\n<p>&nbsp;<\/p>\n<h3>Inscri\u00e7\u00f5es<\/h3>\n<ul>\n<li>Custo: gratuito<\/li>\n<li>Seguro: \u00e9 obrigat\u00f3rio possuir seguro para participar na atividade. Para os participantes que ainda n\u00e3o tenham subscrito o seguro anual da Vento Norte acresce o valor de 5 \u20ac.<\/li>\n<li>Todas as inscri\u00e7\u00f5es e d\u00favidas devem ser remetidas para <a href=\"mailto:montanhismo.vn@gmail.com\">montanhismo.vn@gmail.com<\/a> ou para telem\u00f3vel 965 648 065 (Pedro Cerqueira).<\/li>\n<\/ul>\n<p>&nbsp;<\/p>\n<h3>Transporte<\/h3>\n<ul>\n<li>O Transporte fica a cargo dos participantes, havendo possibilidade de partilhar carro. Caso esteja interessado, por favor envie email.<\/li>\n<\/ul>\n<p>&nbsp;<\/p>\n<h3>Como chegar<\/h3>\n<ul>\n<li>A partir de Braga seguir em dire\u00e7\u00e3o a Vieira do Minho. Na rotunda das Cerdeirinhas, seguir em frente em direc\u00e7\u00e3o a Montalegre. Aproximadamente 1 km \u00e0 frente virar \u00e0 esquerda em direc\u00e7\u00e3o \u00e0 vila do Ger\u00eas.<\/li>\n<\/ul>\n<p>&nbsp;<\/p>\n<p>&nbsp;<\/p>\n","protected":false},"excerpt":{"rendered":"<p>PR7 S\u00e3o Bento &#8211; Terras de Bouro<\/p>\n","protected":false},"author":1,"featured_media":2694,"comment_status":"open","ping_status":"open","sticky":false,"template":"","format":"standard","meta":{"ngg_post_thumbnail":0,"footnotes":""},"categories":[11],"tags":[],"class_list":["post-2693","post","type-post","status-publish","format-standard","has-post-thumbnail","hentry","category-montanhismo"],"_links":{"self":[{"href":"https:\/\/www.ventonorte.com\/index.php?rest_route=\/wp\/v2\/posts\/2693","targetHints":{"allow":["GET"]}}],"collection":[{"href":"https:\/\/www.ventonorte.com\/index.php?rest_route=\/wp\/v2\/posts"}],"about":[{"href":"https:\/\/www.ventonorte.com\/index.php?rest_route=\/wp\/v2\/types\/post"}],"author":[{"embeddable":true,"href":"https:\/\/www.ventonorte.com\/index.php?rest_route=\/wp\/v2\/users\/1"}],"replies":[{"embeddable":true,"href":"https:\/\/www.ventonorte.com\/index.php?rest_route=%2Fwp%2Fv2%2Fcomments&post=2693"}],"version-history":[{"count":6,"href":"https:\/\/www.ventonorte.com\/index.php?rest_route=\/wp\/v2\/posts\/2693\/revisions"}],"predecessor-version":[{"id":2699,"href":"https:\/\/www.ventonorte.com\/index.php?rest_route=\/wp\/v2\/posts\/2693\/revisions\/2699"}],"wp:featuredmedia":[{"embeddable":true,"href":"https:\/\/www.ventonorte.com\/index.php?rest_route=\/wp\/v2\/media\/2694"}],"wp:attachment":[{"href":"https:\/\/www.ventonorte.com\/index.php?rest_route=%2Fwp%2Fv2%2Fmedia&parent=2693"}],"wp:term":[{"taxonomy":"category","embeddable":true,"href":"https:\/\/www.ventonorte.com\/index.php?rest_route=%2Fwp%2Fv2%2Fcategories&post=2693"},{"taxonomy":"post_tag","embeddable":true,"href":"https:\/\/www.ventonorte.com\/index.php?rest_route=%2Fwp%2Fv2%2Ftags&post=2693"}],"curies":[{"name":"wp","href":"https:\/\/api.w.org\/{rel}","templated":true}]}}