{"id":2742,"date":"2016-04-19T10:12:55","date_gmt":"2016-04-19T10:12:55","guid":{"rendered":"http:\/\/www.ventonorte.com\/?p=2742"},"modified":"2016-05-10T14:42:38","modified_gmt":"2016-05-10T14:42:38","slug":"caminhada-para-todos-24042016","status":"publish","type":"post","link":"https:\/\/www.ventonorte.com\/?p=2742","title":{"rendered":"Caminhada para Todos [24\/04\/2016]"},"content":{"rendered":"<h1 style=\"text-align: center;\"><img loading=\"lazy\" decoding=\"async\" class=\"aligncenter size-full wp-image-2744\" src=\"http:\/\/www.ventonorte.com\/wp-content\/uploads\/Agra-Vieira-do-Minho-e1461060330741.jpg\" alt=\"Agra - Vieira do Minho\" width=\"551\" height=\"367\" \/>Caminhada para Todos<\/h1>\n<h2 style=\"text-align: center;\">\u201cAldeias de Portugal\u201d &#8211; Agra (Vieira do Minho)<\/h2>\n<h3 style=\"text-align: center;\">24-04-2016 (domingo)<\/h3>\n<p>&nbsp;<\/p>\n<p>A aldeia de Agra localiza-se na freguesia de Rossas, concelho de Vieira do Minho, fica no sop\u00e9 da serra da Cabreira e \u00e9 banhada pelo rio Ave. Constitui um caracter\u00edstico aglomerado rural tipicamente minhoto. O conjunto edificado apresenta alguns edif\u00edcios que remontam ao\u00a0s\u00e9culo XVIII. Alguns motivos de interesse neste percurso s\u00e3o os moinhos do rio Ave, a Ponte de Parada de origem rom\u00e2nica, as casas tradicionais, nomeadamente de Fundevila (1803), do Cruzeiro (1879), das Cortinhas (1678) e do Cabo (1748).<\/p>\n<ul>\n<li>Extens\u00e3o: 15 km<\/li>\n<li>Dura\u00e7\u00e3o aproximada: 4h30 horas<\/li>\n<li>Grau de dificuldade: moderado<\/li>\n<li>Ponto de partida\/chegada: Agra (junto \u00e0 capelinha), Vieira do Minho<\/li>\n<li>Tipo de percurso: pequena rota, circular, de interesse hist\u00f3rico-cultural, ambiental e paisag\u00edstico, desenvolvendo-se por caminhos rurais.<\/li>\n<\/ul>\n<h3>Programa<\/h3>\n<ul>\n<li>9h00 &#8211; Ponto de encontro: Parque de estacionamento do Pingo Doce de Vieira do Minho.<\/li>\n<li>9h30 \u2013 Inicio da caminhada.<\/li>\n<li>14h00 &#8211; Fim do percurso.<\/li>\n<\/ul>\n<h3>Equipamento<\/h3>\n<ul>\n<li>Aconselha-se o uso de botas de montanhismo<\/li>\n<li>Agasalho\/ imperme\u00e1vel<\/li>\n<li>Mochila<\/li>\n<\/ul>\n<h3>Alimenta\u00e7\u00e3o<\/h3>\n<ul>\n<li>A alimenta\u00e7\u00e3o ser\u00e1 volante e fica a cargo de cada participante.<\/li>\n<li>\u00c9 aconselh\u00e1vel 1 a 1,5 L de \u00e1gua<\/li>\n<\/ul>\n<h3>Inscri\u00e7\u00f5es<\/h3>\n<ul>\n<li>Custo: gratuito para s\u00f3cios; 3 \u20ac para n\u00e3o s\u00f3cios.<\/li>\n<li>Seguro: \u00e9 obrigat\u00f3rio possuir seguro para participar na atividade. O seguro anual da Vento Norte tem o valor de 5 \u20ac, sendo v\u00e1lido para todas as caminhadas realizadas at\u00e9 31-12-2016.<\/li>\n<li>Todas as inscri\u00e7\u00f5es e d\u00favidas devem ser remetidas para <a href=\"mailto:montanhismo.vn@gmail.com\">montanhismo.vn@gmail.com<\/a> ou para telem\u00f3vel n.\u00ba 965 648 065 (Pedro Cerqueira).<\/li>\n<\/ul>\n<h3>Transporte<\/h3>\n<p>O Transporte fica a cargo dos participantes, havendo possibilidade de partilhar carro. Caso esteja interessado, por favor envie email.<\/p>\n<p><strong>Como chegar a Agra:<\/strong><\/p>\n<ul>\n<li>Atravessar a vila, tomando a dire\u00e7\u00e3o da Escola Secund\u00e1ria\/Campo de Futebol. Na rotunda, antes da subida para a escola, aparece a primeira indica\u00e7\u00e3o para Agra. A partir daqui, os 14 km de dist\u00e2ncia at\u00e9 \u00e0 aldeia de Agra s\u00e3o percorridos em estradas municipais, aparecendo com frequ\u00eancia sinal\u00e9tica com a indica\u00e7\u00e3o da dire\u00e7\u00e3o a seguir.<\/li>\n<\/ul>\n<p>&nbsp;<\/p>\n","protected":false},"excerpt":{"rendered":"<p>Caminhada para Todos<br \/>\n\u201cAldeias de Portugal\u201d &#8211; Agra (Vieira do Minho)<br \/>\n24-04-2016 (domingo)<br \/>\n&nbsp;<br \/>\nA aldeia de Agra localiza-se na freguesia de Rossas, concelho de Vieira do Minho, fica no sop\u00e9 da serra da Cabreira e \u00e9 banhada pelo rio Ave. Constitui um caracter\u00edstico aglomerado rural tipicamente minhoto. O conjunto edificado apresenta alguns edif\u00edcios que remontam ao\u00a0s\u00e9culo XVIII. Alguns motivos de interesse neste percurso s\u00e3o os moinhos do rio Ave, a Ponte de Parada de origem rom\u00e2nica, as casas tradicionais, nomeadamente de Fundevila (1803), do Cruzeiro (1879), das Cortinhas (1678) e do Cabo (1748).<\/p>\n<p>Extens\u00e3o: &#8230;<\/p>\n","protected":false},"author":1,"featured_media":2744,"comment_status":"open","ping_status":"open","sticky":false,"template":"","format":"standard","meta":{"ngg_post_thumbnail":0,"footnotes":""},"categories":[11],"tags":[],"class_list":["post-2742","post","type-post","status-publish","format-standard","has-post-thumbnail","hentry","category-montanhismo"],"_links":{"self":[{"href":"https:\/\/www.ventonorte.com\/index.php?rest_route=\/wp\/v2\/posts\/2742","targetHints":{"allow":["GET"]}}],"collection":[{"href":"https:\/\/www.ventonorte.com\/index.php?rest_route=\/wp\/v2\/posts"}],"about":[{"href":"https:\/\/www.ventonorte.com\/index.php?rest_route=\/wp\/v2\/types\/post"}],"author":[{"embeddable":true,"href":"https:\/\/www.ventonorte.com\/index.php?rest_route=\/wp\/v2\/users\/1"}],"replies":[{"embeddable":true,"href":"https:\/\/www.ventonorte.com\/index.php?rest_route=%2Fwp%2Fv2%2Fcomments&post=2742"}],"version-history":[{"count":5,"href":"https:\/\/www.ventonorte.com\/index.php?rest_route=\/wp\/v2\/posts\/2742\/revisions"}],"predecessor-version":[{"id":2749,"href":"https:\/\/www.ventonorte.com\/index.php?rest_route=\/wp\/v2\/posts\/2742\/revisions\/2749"}],"wp:featuredmedia":[{"embeddable":true,"href":"https:\/\/www.ventonorte.com\/index.php?rest_route=\/wp\/v2\/media\/2744"}],"wp:attachment":[{"href":"https:\/\/www.ventonorte.com\/index.php?rest_route=%2Fwp%2Fv2%2Fmedia&parent=2742"}],"wp:term":[{"taxonomy":"category","embeddable":true,"href":"https:\/\/www.ventonorte.com\/index.php?rest_route=%2Fwp%2Fv2%2Fcategories&post=2742"},{"taxonomy":"post_tag","embeddable":true,"href":"https:\/\/www.ventonorte.com\/index.php?rest_route=%2Fwp%2Fv2%2Ftags&post=2742"}],"curies":[{"name":"wp","href":"https:\/\/api.w.org\/{rel}","templated":true}]}}