{"id":2770,"date":"2016-05-27T16:38:13","date_gmt":"2016-05-27T16:38:13","guid":{"rendered":"http:\/\/www.ventonorte.com\/?p=2770"},"modified":"2016-06-28T11:26:49","modified_gmt":"2016-06-28T11:26:49","slug":"picos-da-europa-2016-24-a-26062016","status":"publish","type":"post","link":"https:\/\/www.ventonorte.com\/?p=2770","title":{"rendered":"Picos da Europa 2016 [24 a 26\/06\/2016]"},"content":{"rendered":"<p><img loading=\"lazy\" decoding=\"async\" class=\"aligncenter wp-image-2771\" src=\"http:\/\/www.ventonorte.com\/wp-content\/uploads\/refugio-vega-avan-2.jpg\" alt=\"refugio vega avan 2\" width=\"549\" height=\"337\" srcset=\"https:\/\/www.ventonorte.com\/wp-content\/uploads\/refugio-vega-avan-2.jpg 900w, https:\/\/www.ventonorte.com\/wp-content\/uploads\/refugio-vega-avan-2-150x92.jpg 150w, https:\/\/www.ventonorte.com\/wp-content\/uploads\/refugio-vega-avan-2-300x184.jpg 300w, https:\/\/www.ventonorte.com\/wp-content\/uploads\/refugio-vega-avan-2-768x471.jpg 768w\" sizes=\"auto, (max-width: 549px) 100vw, 549px\" \/><\/p>\n<h1 style=\"text-align: center;\">Picos da Europa 2016<\/h1>\n<h2 style=\"text-align: center;\">Regresso ao Collado Jermoso<\/h2>\n<h3 style=\"text-align: center;\">24 a 26 junho 2016<\/h3>\n<p>&nbsp;<\/p>\n<h3>Programa<\/h3>\n<p><strong>Dia 24 de junho (6.\u00aa feira)\u00a0\u00a0\u00a0\u00a0\u00a0\u00a0\u00a0\u00a0\u00a0\u00a0\u00a0\u00a0\u00a0\u00a0\u00a0\u00a0\u00a0\u00a0\u00a0\u00a0\u00a0\u00a0\u00a0\u00a0\u00a0\u00a0\u00a0\u00a0\u00a0\u00a0\u00a0\u00a0\u00a0\u00a0\u00a0\u00a0\u00a0\u00a0\u00a0\u00a0\u00a0\u00a0\u00a0\u00a0\u00a0\u00a0\u00a0\u00a0\u00a0\u00a0\u00a0\u00a0\u00a0\u00a0\u00a0\u00a0\u00a0\u00a0\u00a0\u00a0\u00a0\u00a0\u00a0\u00a0\u00a0\u00a0\u00a0\u00a0\u00a0\u00a0\u00a0\u00a0\u00a0\u00a0\u00a0\u00a0\u00a0\u00a0\u00a0\u00a0\u00a0\u00a0\u00a0\u00a0\u00a0\u00a0\u00a0\u00a0\u00a0\u00a0\u00a0\u00a0\u00a0\u00a0\u00a0\u00a0\u00a0\u00a0\u00a0\u00a0\u00a0\u00a0\u00a0\u00a0\u00a0\u00a0\u00a0\u00a0\u00a0\u00a0\u00a0\u00a0\u00a0\u00a0\u00a0\u00a0\u00a0\u00a0\u00a0\u00a0\u00a0\u00a0\u00a0\u00a0\u00a0\u00a0\u00a0\u00a0\u00a0 <\/strong><\/p>\n<p><em>hora PT<\/em><\/p>\n<ul>\n<li>06h00\u00a0\u00a0\u00a0\u00a0\u00a0 Partida de Famalic\u00e3o\/Braga (Itiner\u00e1rio a partir da sede da Vento Norte: https:\/\/goo.gl\/maps\/wVWDvJVnWeu)<\/li>\n<\/ul>\n<p><em>hora ES<\/em><\/p>\n<ul>\n<li>9h45\u00a0\u00a0\u00a0\u00a0\u00a0\u00a0\u00a0 Ponto de encontro 1 &#8211;\u00a0 E.S. km 15 da A52 &#8211; Autovia das Rias Bajas (Sa\u00edda de Quintanilha de Urz\/Quiruelas de Vidriales)<\/li>\n<li>12h30\u00a0\u00a0\u00a0\u00a0\u00a0 Soto de Sajambre<br \/>\n<em>&#8220;Soto de Sajambre \u00e9 uma pitoresca aldeia rodeada por v\u00e1rios cumes de mais de 2500 m e local de partida para o Ref\u00fagio de Vega de Avano.<\/em><\/li>\n<li>Almo\u00e7o volante &#8211; \u00e9 importante levar a refei\u00e7\u00e3o preparada para n\u00e3o perder muito tempo, mas em caso de necessidade podem-se comprar alimentos na aldeia.&#8221;<\/li>\n<li>13h00\u00a0\u00a0\u00a0\u00a0\u00a0 Partida para a Vega de Avano (1.300 m) por um trilho quase sem luz, tal a densidade das faias existentes (Dificuldade baixa +\/- 0h45)<\/li>\n<li>13h45\u00a0\u00a0\u00a0\u00a0\u00a0 In\u00edcio da ascens\u00e3o ao Pico Jario, 1913 m (Dificuldade m\u00e9dia\/baixa +\/- 5h ida e volta)<br \/>\n<em>O Pico Jario apesar da altitude modesta, pelo seu isolamento, constitui um miradouro priveligiado sobre os Maci\u00e7os Central e Ocidental dos Picos da Europa.<\/em><\/li>\n<li>20h00\u00a0\u00a0\u00a0\u00a0\u00a0 Jantar no Ref\u00fagio de Veja de Avano<br \/>\nDormida no ref\u00fagio em camaratas \u2013 \u00e9 necess\u00e1rio saco cama e toalhas para o banho<\/li>\n<\/ul>\n<p><strong>Dia 25 de junho (s\u00e1bado)\u00a0\u00a0\u00a0\u00a0\u00a0\u00a0\u00a0\u00a0\u00a0\u00a0\u00a0\u00a0\u00a0\u00a0\u00a0\u00a0\u00a0\u00a0\u00a0\u00a0\u00a0\u00a0\u00a0\u00a0\u00a0\u00a0\u00a0\u00a0\u00a0\u00a0\u00a0\u00a0\u00a0\u00a0\u00a0\u00a0\u00a0\u00a0\u00a0\u00a0\u00a0\u00a0\u00a0\u00a0\u00a0\u00a0\u00a0\u00a0\u00a0\u00a0\u00a0\u00a0\u00a0\u00a0\u00a0\u00a0\u00a0\u00a0\u00a0\u00a0\u00a0\u00a0\u00a0\u00a0\u00a0\u00a0\u00a0\u00a0\u00a0\u00a0\u00a0\u00a0\u00a0\u00a0\u00a0\u00a0\u00a0\u00a0\u00a0\u00a0\u00a0\u00a0\u00a0\u00a0\u00a0\u00a0\u00a0\u00a0\u00a0\u00a0\u00a0\u00a0\u00a0\u00a0\u00a0\u00a0\u00a0\u00a0\u00a0\u00a0\u00a0\u00a0\u00a0\u00a0\u00a0\u00a0\u00a0\u00a0\u00a0\u00a0\u00a0\u00a0\u00a0\u00a0\u00a0\u00a0\u00a0\u00a0\u00a0\u00a0\u00a0\u00a0\u00a0\u00a0\u00a0\u00a0\u00a0\u00a0\u00a0\u00a0 <\/strong><\/p>\n<ul>\n<li>7h30\u00a0\u00a0\u00a0\u00a0\u00a0\u00a0\u00a0 Pequeno-almo\u00e7o<\/li>\n<li>8h00\u00a0\u00a0\u00a0\u00a0\u00a0\u00a0\u00a0 Marcha para Soto de Sajambre (Dificuldade baixa +\/- 0h45)<br \/>\nLiga\u00e7\u00e3o autom\u00f3vel at\u00e9 Cordinanes<\/li>\n<li>8h45\u00a0\u00a0\u00a0\u00a0\u00a0\u00a0\u00a0 Marcha para o ref\u00fagio de Collado Jermoso (Dificuldade m\u00e9dia +\/- 4h30)<\/li>\n<li>13h30\u00a0\u00a0\u00a0\u00a0\u00a0 Ref\u00fagio de Collado Jermoso<br \/>\n<em>At\u00e9 o seu pr\u00f3prio nome indica, mas este ref\u00fagio est\u00e1 sem d\u00favida num dos locais mais id\u00edlicos dos Picos da Europa. \u00c9 tamb\u00e9m dos ref\u00fagios mais inacess\u00edveis e com menos condi\u00e7\u00f5es, muito embora tenha sofrido obras recentemente e j\u00e1 tenha instala\u00e7\u00f5es sanit\u00e1rias.<\/em><\/li>\n<li>14h00\u00a0\u00a0\u00a0\u00a0\u00a0 Ascen\u00e7\u00e3o opcional \u00e0 Torre de La Palanca &#8211; 2600m (Dificuldade m\u00e9dia +\/- 3h00)<\/li>\n<li>20h00\u00a0\u00a0\u00a0\u00a0\u00a0 Jantar no ref\u00fagio<\/li>\n<\/ul>\n<p><strong>Dia 26 de junho (Domingo)\u00a0\u00a0\u00a0\u00a0\u00a0\u00a0\u00a0\u00a0\u00a0\u00a0\u00a0\u00a0\u00a0\u00a0\u00a0\u00a0\u00a0\u00a0\u00a0\u00a0\u00a0\u00a0\u00a0\u00a0\u00a0\u00a0\u00a0\u00a0\u00a0\u00a0\u00a0\u00a0\u00a0\u00a0\u00a0\u00a0\u00a0\u00a0\u00a0\u00a0\u00a0\u00a0\u00a0\u00a0\u00a0\u00a0\u00a0\u00a0\u00a0\u00a0\u00a0\u00a0\u00a0\u00a0\u00a0\u00a0\u00a0\u00a0\u00a0\u00a0\u00a0\u00a0\u00a0\u00a0\u00a0\u00a0\u00a0\u00a0\u00a0\u00a0\u00a0\u00a0\u00a0\u00a0\u00a0\u00a0\u00a0\u00a0\u00a0\u00a0\u00a0\u00a0\u00a0\u00a0\u00a0\u00a0\u00a0\u00a0\u00a0\u00a0\u00a0\u00a0\u00a0\u00a0\u00a0\u00a0\u00a0\u00a0\u00a0\u00a0\u00a0\u00a0\u00a0\u00a0\u00a0\u00a0\u00a0\u00a0\u00a0\u00a0\u00a0\u00a0\u00a0\u00a0\u00a0\u00a0\u00a0\u00a0\u00a0\u00a0\u00a0\u00a0\u00a0\u00a0\u00a0\u00a0\u00a0 <\/strong><\/p>\n<ul>\n<li>7h30\u00a0\u00a0\u00a0\u00a0\u00a0\u00a0\u00a0 Pequeno-almo\u00e7o<\/li>\n<li>7h45\u00a0\u00a0\u00a0\u00a0\u00a0\u00a0\u00a0 Partida para Posada de Valde\u00f3n (Dificuldade m\u00e9dia\/baixa +\/- 4h00)<\/li>\n<li>12h00\u00a0\u00a0\u00a0\u00a0\u00a0 Regresso<\/li>\n<li>17h00\u00a0\u00a0\u00a0\u00a0\u00a0 Chegada a Braga\/Famalic\u00e3o<\/li>\n<\/ul>\n<p>&nbsp;<\/p>\n<h3>Dificuldade Global da Actividade<\/h3>\n<p>Trata-se de uma actividade de dificuldade m\u00e9dia, acess\u00edvel a praticantes de pequenas caminhadas.<\/p>\n<p>&nbsp;<\/p>\n<h3>Inscri\u00e7\u00f5es e Log\u00edstica<\/h3>\n<ul>\n<li>Indicar nome, email, se possui transporte, lugares livres (por quest\u00f5es ambientais, de economia e log\u00edstica, tentaremos minimizar o n.\u00ba de autom\u00f3veis) e data, hora e montante do pagamento (atrav\u00e9s de transfer\u00eancia banc\u00e1ria).<\/li>\n<li>email: <a href=\"mailto:montanhismo.vn@gmail.com\">montanhismo.vn@gmail.com<\/a><\/li>\n<li>Datas:\n<ul>\n<li>Geral: at\u00e9 5 de junho<\/li>\n<li>Prefer\u00eancia a associados: at\u00e9 28 de maio<\/li>\n<\/ul>\n<\/li>\n<li>Pre\u00e7os:\n<ul>\n<li>Geral: 90,00 \u20ac<\/li>\n<li>Desconto associado: 10,00 \u20ac<\/li>\n<li>Desconto seguro da vn*: 5,00 \u20ac<\/li>\n<\/ul>\n<\/li>\n<li>Inclui: Seguro+Alojamento em ref\u00fagio+Jantar e PA nos ref\u00fagios.<\/li>\n<li>N\u00e3o inclui: Transporte e almo\u00e7os durante a atividade<\/li>\n<\/ul>\n<p style=\"padding-left: 30px;\"><em>*Participantes que j\u00e1 tenham feito o seguro da associa\u00e7\u00e3o para outras actividades ap\u00f3s abril de 2016<\/em><\/p>\n<h3><\/h3>\n<h3>Altera\u00e7\u00f5es ao Planeamento<\/h3>\n<p>Em fun\u00e7\u00e3o das condi\u00e7\u00f5es meteorol\u00f3gicas pode ser necess\u00e1rio proceder a altera\u00e7\u00f5es \u00e0 atividade.<\/p>\n<p>&nbsp;<\/p>\n<p>&nbsp;<\/p>\n","protected":false},"excerpt":{"rendered":"<p>Picos da Europa 2016<br \/>\nRegresso ao Collado Jermoso<br \/>\n24 a 26 junho 2016<\/p>\n","protected":false},"author":1,"featured_media":2771,"comment_status":"open","ping_status":"open","sticky":false,"template":"","format":"standard","meta":{"ngg_post_thumbnail":0,"footnotes":""},"categories":[11],"tags":[],"class_list":["post-2770","post","type-post","status-publish","format-standard","has-post-thumbnail","hentry","category-montanhismo"],"_links":{"self":[{"href":"https:\/\/www.ventonorte.com\/index.php?rest_route=\/wp\/v2\/posts\/2770","targetHints":{"allow":["GET"]}}],"collection":[{"href":"https:\/\/www.ventonorte.com\/index.php?rest_route=\/wp\/v2\/posts"}],"about":[{"href":"https:\/\/www.ventonorte.com\/index.php?rest_route=\/wp\/v2\/types\/post"}],"author":[{"embeddable":true,"href":"https:\/\/www.ventonorte.com\/index.php?rest_route=\/wp\/v2\/users\/1"}],"replies":[{"embeddable":true,"href":"https:\/\/www.ventonorte.com\/index.php?rest_route=%2Fwp%2Fv2%2Fcomments&post=2770"}],"version-history":[{"count":5,"href":"https:\/\/www.ventonorte.com\/index.php?rest_route=\/wp\/v2\/posts\/2770\/revisions"}],"predecessor-version":[{"id":2774,"href":"https:\/\/www.ventonorte.com\/index.php?rest_route=\/wp\/v2\/posts\/2770\/revisions\/2774"}],"wp:featuredmedia":[{"embeddable":true,"href":"https:\/\/www.ventonorte.com\/index.php?rest_route=\/wp\/v2\/media\/2771"}],"wp:attachment":[{"href":"https:\/\/www.ventonorte.com\/index.php?rest_route=%2Fwp%2Fv2%2Fmedia&parent=2770"}],"wp:term":[{"taxonomy":"category","embeddable":true,"href":"https:\/\/www.ventonorte.com\/index.php?rest_route=%2Fwp%2Fv2%2Fcategories&post=2770"},{"taxonomy":"post_tag","embeddable":true,"href":"https:\/\/www.ventonorte.com\/index.php?rest_route=%2Fwp%2Fv2%2Ftags&post=2770"}],"curies":[{"name":"wp","href":"https:\/\/api.w.org\/{rel}","templated":true}]}}