{"id":2789,"date":"2016-06-28T11:26:41","date_gmt":"2016-06-28T11:26:41","guid":{"rendered":"http:\/\/www.ventonorte.com\/?p=2789"},"modified":"2016-07-15T09:08:32","modified_gmt":"2016-07-15T09:08:32","slug":"caminhada-para-todos-10072016","status":"publish","type":"post","link":"https:\/\/www.ventonorte.com\/?p=2789","title":{"rendered":"Caminhada para Todos [10\/07\/2016]"},"content":{"rendered":"<h1 style=\"text-align: center;\"><img loading=\"lazy\" decoding=\"async\" class=\"aligncenter wp-image-2791\" src=\"http:\/\/www.ventonorte.com\/wp-content\/uploads\/TrilhoPeneda-1024x683.jpg\" alt=\"TrilhoPeneda\" width=\"550\" height=\"367\" srcset=\"https:\/\/www.ventonorte.com\/wp-content\/uploads\/TrilhoPeneda-1024x683.jpg 1024w, https:\/\/www.ventonorte.com\/wp-content\/uploads\/TrilhoPeneda-150x100.jpg 150w, https:\/\/www.ventonorte.com\/wp-content\/uploads\/TrilhoPeneda-300x200.jpg 300w, https:\/\/www.ventonorte.com\/wp-content\/uploads\/TrilhoPeneda-768x512.jpg 768w\" sizes=\"auto, (max-width: 550px) 100vw, 550px\" \/><br \/>\n\u201cCaminhada para Todos&#8221;<\/h1>\n<h2 style=\"text-align: center;\">Trilho da Peneda<\/h2>\n<h3 style=\"text-align: center;\">10-7-2016 (domingo)<\/h3>\n<p>&nbsp;<\/p>\n<p>O Santu\u00e1rio de Nossa Senhora da Peneda, de estilo neocl\u00e1ssico, foi constru\u00eddo entre os finais do S\u00e9c. XVIII e os meados do S\u00e9c. XIX, sendo local de aflu\u00eancia de in\u00fameros peregrinos.<\/p>\n<p>Ao longo do percurso pedestre teremos oportunidade de calcorrear parte de alguns caminhos de peregrinos, assim como caminhos rurais e caminhos de p\u00e9-posto. Aproximadamente a meio do percurso, passaremos por um dos principais povoados desta zona montanhosa &#8211; Branda de Bou\u00e7a dos Homens.<\/p>\n<p>J\u00e1 na segunda metade do percurso passaremos na vertente (faldas) de uma das maiores eleva\u00e7\u00f5es do distrito de Viana do Castelo, denominado Penameda (1 268 m de altitude) que \u00e9 a 43.\u00aa montanha mais alta de Portugal Continental.<\/p>\n<p>Um pouco depois, passaremos junto a uma lagoa artificial (represa), iniciando uma acentuada descida empedrada at\u00e9 ao Santu\u00e1rio da Peneda, passando pela Fraga da Meadinha, sobejamente conhecida pelos amantes da escalada.<\/p>\n<p>&nbsp;<\/p>\n<h3>Ficha T\u00e9cnica:<\/h3>\n<ul>\n<li>Extens\u00e3o aproximada: 9 km<\/li>\n<li>Dura\u00e7\u00e3o aproximada: 4h30 horas<\/li>\n<li>Grau de dificuldade: m\u00e9dio<\/li>\n<li><strong>Ponto de partida<\/strong>\/chegada: Peneda \u2013 Parque de estacionamento para autocarros<\/li>\n<li>Tipo de percurso: pequena rota, circular, de interesse ambiental e paisag\u00edstico.<\/li>\n<li><strong>Motivos de interesse:<\/strong> Santu\u00e1rio da Peneda, Branda da Bou\u00e7a dos Homens, Faldas de Penameda, lago artificial e Fraga da Meadinha.<\/li>\n<\/ul>\n<p>&nbsp;<\/p>\n<h3>Programa<\/h3>\n<ul>\n<li>9h30 &#8211; Ponto de encontro\/In\u00edcio do percurso: Parque de Estacionamento de autocarros da Peneda<\/li>\n<li>14h00 &#8211; Fim do percurso.<\/li>\n<\/ul>\n<p>&nbsp;<\/p>\n<h3>Equipamento<\/h3>\n<ul>\n<li>Aconselha-se o uso de botas de montanhismo<\/li>\n<li>Agasalho\/ imperme\u00e1vel<\/li>\n<li>Mochila<\/li>\n<\/ul>\n<p>&nbsp;<\/p>\n<h3>Alimenta\u00e7\u00e3o<\/h3>\n<ul>\n<li>A alimenta\u00e7\u00e3o ser\u00e1 volante e fica a cargo de cada participante.<\/li>\n<li>\u00c9 aconselh\u00e1vel 1 a 1,5 L de \u00e1gua<\/li>\n<\/ul>\n<p>&nbsp;<\/p>\n<h3>Inscri\u00e7\u00f5es<\/h3>\n<ul>\n<li>Custo: gratuito para s\u00f3cios; 3 \u20ac para n\u00e3o s\u00f3cios.<\/li>\n<li>Seguro: \u00e9 obrigat\u00f3rio possuir seguro para participar na atividade. O seguro anual da Vento Norte tem o valor de 5 \u20ac, sendo v\u00e1lido para todas as caminhadas realizadas at\u00e9 31-12-2016.<\/li>\n<li>Tratando-se de uma Zona de Prote\u00e7\u00e3o Parcial tipo II do PNPG, <strong>o n\u00famero de participantes \u00e9 limitado a 15<\/strong>.<\/li>\n<li>Todas as inscri\u00e7\u00f5es e d\u00favidas devem ser remetidas para <a href=\"mailto:montanhismo.vn@gmail.com\">montanhismo.vn@gmail.com<\/a> ou para telem\u00f3vel n.\u00ba 965 648 065 (Pedro Cerqueira).<\/li>\n<\/ul>\n<p>&nbsp;<\/p>\n<h3>Transporte<\/h3>\n<ul>\n<li>O Transporte fica a cargo dos participantes, havendo possibilidade de partilhar carro. Caso esteja interessado, por favor envie email.<\/li>\n<\/ul>\n<p>&nbsp;<\/p>\n<h3>Como chegar<\/h3>\n<ol>\n<li>Tomar a A3 em direc\u00e7\u00e3o a Ponte de Lima e de seguida o IC 28 at\u00e9 Arcos de Valdevez.<\/li>\n<li>Tomar a EN 101 em dire\u00e7\u00e3o a Ponte da Barca\/ Arcos de Valdevez.<\/li>\n<\/ol>\n<p style=\"padding-left: 30px;\">A partir de Arcos de Valdevez, para qualquer das alternativas, tomar a dire\u00e7\u00e3o do Soajo e um pouco antes desta localidade, seguir em dire\u00e7\u00e3o \u00e0 Peneda.<\/p>\n<p>&nbsp;<\/p>\n","protected":false},"excerpt":{"rendered":"<p>\u201cCaminhada para Todos&#8221;<br \/>\nTrilho da Peneda<br \/>\n10-7-2016 (domingo)<br \/>\n&nbsp;<br \/>\nO Santu\u00e1rio de Nossa Senhora da Peneda, de estilo neocl\u00e1ssico, foi constru\u00eddo entre os finais do S\u00e9c. XVIII e os meados do S\u00e9c. XIX, sendo local de aflu\u00eancia de in\u00fameros peregrinos.<br \/>\nAo longo do percurso pedestre teremos oportunidade de calcorrear parte de alguns caminhos de peregrinos, assim como caminhos rurais e caminhos de p\u00e9-posto. Aproximadamente a meio do percurso, passaremos por um dos principais povoados desta zona montanhosa &#8211; Branda de Bou\u00e7a dos Homens.<br \/>\nJ\u00e1 na segunda metade do percurso passaremos na vertente (faldas) de uma das &#8230;<\/p>\n","protected":false},"author":1,"featured_media":2791,"comment_status":"open","ping_status":"open","sticky":false,"template":"","format":"standard","meta":{"ngg_post_thumbnail":0,"footnotes":""},"categories":[11],"tags":[],"class_list":["post-2789","post","type-post","status-publish","format-standard","has-post-thumbnail","hentry","category-montanhismo"],"_links":{"self":[{"href":"https:\/\/www.ventonorte.com\/index.php?rest_route=\/wp\/v2\/posts\/2789","targetHints":{"allow":["GET"]}}],"collection":[{"href":"https:\/\/www.ventonorte.com\/index.php?rest_route=\/wp\/v2\/posts"}],"about":[{"href":"https:\/\/www.ventonorte.com\/index.php?rest_route=\/wp\/v2\/types\/post"}],"author":[{"embeddable":true,"href":"https:\/\/www.ventonorte.com\/index.php?rest_route=\/wp\/v2\/users\/1"}],"replies":[{"embeddable":true,"href":"https:\/\/www.ventonorte.com\/index.php?rest_route=%2Fwp%2Fv2%2Fcomments&post=2789"}],"version-history":[{"count":3,"href":"https:\/\/www.ventonorte.com\/index.php?rest_route=\/wp\/v2\/posts\/2789\/revisions"}],"predecessor-version":[{"id":2794,"href":"https:\/\/www.ventonorte.com\/index.php?rest_route=\/wp\/v2\/posts\/2789\/revisions\/2794"}],"wp:featuredmedia":[{"embeddable":true,"href":"https:\/\/www.ventonorte.com\/index.php?rest_route=\/wp\/v2\/media\/2791"}],"wp:attachment":[{"href":"https:\/\/www.ventonorte.com\/index.php?rest_route=%2Fwp%2Fv2%2Fmedia&parent=2789"}],"wp:term":[{"taxonomy":"category","embeddable":true,"href":"https:\/\/www.ventonorte.com\/index.php?rest_route=%2Fwp%2Fv2%2Fcategories&post=2789"},{"taxonomy":"post_tag","embeddable":true,"href":"https:\/\/www.ventonorte.com\/index.php?rest_route=%2Fwp%2Fv2%2Ftags&post=2789"}],"curies":[{"name":"wp","href":"https:\/\/api.w.org\/{rel}","templated":true}]}}