{"id":2801,"date":"2016-08-30T13:49:36","date_gmt":"2016-08-30T13:49:36","guid":{"rendered":"http:\/\/www.ventonorte.com\/?p=2801"},"modified":"2016-09-11T17:31:38","modified_gmt":"2016-09-11T17:31:38","slug":"caminhada-para-todos-04092016","status":"publish","type":"post","link":"https:\/\/www.ventonorte.com\/?p=2801","title":{"rendered":"Caminhada para Todos [04\/09\/2016]"},"content":{"rendered":"<h1 style=\"text-align: center;\"><img loading=\"lazy\" decoding=\"async\" class=\"aligncenter wp-image-2802\" src=\"http:\/\/www.ventonorte.com\/wp-content\/uploads\/viana-ancora-1024x768.jpg\" alt=\"viana-ancora\" width=\"551\" height=\"413\" srcset=\"https:\/\/www.ventonorte.com\/wp-content\/uploads\/viana-ancora-1024x768.jpg 1024w, https:\/\/www.ventonorte.com\/wp-content\/uploads\/viana-ancora-150x113.jpg 150w, https:\/\/www.ventonorte.com\/wp-content\/uploads\/viana-ancora-300x225.jpg 300w, https:\/\/www.ventonorte.com\/wp-content\/uploads\/viana-ancora-768x576.jpg 768w\" sizes=\"auto, (max-width: 551px) 100vw, 551px\" \/><br \/>\n\u201cCaminhada para Todos&#8221;<\/h1>\n<h2 style=\"text-align: center;\">De Viana a Vila Praia de \u00c2ncora pela costa<\/h2>\n<h3 style=\"text-align: center;\">04-09-2016 (domingo)<\/h3>\n<p>&nbsp;<\/p>\n<p>Esta \u00e9 uma caminhada ideal para os quentes dias de ver\u00e3o. Seguiremos um percurso sempre junto ao mar, por vias pedonais de liga\u00e7\u00e3o entre praias, passadi\u00e7os, alguns tro\u00e7os em plena praia e um pouco de caminhos de p\u00e9 posto.<\/p>\n<p>Partiremos da Sra. da Agonia em dire\u00e7\u00e3o \u00e0 praia norte. Daqui continuaremos muito pr\u00f3ximos do areal, passando por praias como Areosa, Carre\u00e7o, Arda, Afife, \u00cdnsua, Gelfa e Vila Praia de \u00c2ncora. Passaremos tamb\u00e9m por tradicionais moinhos de vento, pelo farol de Montedor, Forte de Pa\u00e7\u00f4 e Forte do C\u00e3o.<\/p>\n<p>&nbsp;<\/p>\n<h3>Ficha T\u00e9cnica<\/h3>\n<ul>\n<li>Extens\u00e3o aproximada: 17 km<\/li>\n<li>Dura\u00e7\u00e3o aproximada: 5h30 horas<\/li>\n<li>Grau de dificuldade: m\u00e9dio<\/li>\n<li><strong>Ponto de partida<\/strong>: em frente \u00e0 Capela da Sra. da Agonia, Viana do Castelo<\/li>\n<li><strong>Ponto de chegada<\/strong>: Vila Praia de \u00c2ncora (apeadeiro da CP)<\/li>\n<li>Tipo de percurso: pequena rota, linear, de interesse ambiental e paisag\u00edstico.<\/li>\n<\/ul>\n<p>&nbsp;<\/p>\n<h3>Motivos de interesse<\/h3>\n<ul>\n<li>Capela da Senhora da Agonia, moinhos de vento, farol de Montedor, Forte da Areosa, Forte do Pa\u00e7\u00f4 e Forte do C\u00e3o.<\/li>\n<\/ul>\n<p>&nbsp;<\/p>\n<h3>Programa<\/h3>\n<ul>\n<li>8h30 &#8211; Ponto de encontro\/In\u00edcio do percurso: em frente ao santu\u00e1rio da Sra. Da Agonia<\/li>\n<li>14h00 &#8211; Fim do percurso. <strong>O regresso ser\u00e1 feito de comboio<\/strong>. O \u00faltimo passa em Vila Praia de \u00c2ncora \u00e0s 14h59.<\/li>\n<\/ul>\n<p>&nbsp;<\/p>\n<h3>Equipamento<\/h3>\n<ul>\n<li>Aconselha-se o uso de botas de montanhismo<\/li>\n<li>Agasalho (as previs\u00f5es apontam para tempo fresco na costa norte)<\/li>\n<li>Mochila<\/li>\n<li>Protetor solar<\/li>\n<\/ul>\n<p>&nbsp;<\/p>\n<h3>Alimenta\u00e7\u00e3o<\/h3>\n<ul>\n<li>A alimenta\u00e7\u00e3o ser\u00e1 volante e fica a cargo de cada participante.<\/li>\n<li>\u00c9 aconselh\u00e1vel 1 a 1,5 L de \u00e1gua<\/li>\n<\/ul>\n<p>&nbsp;<\/p>\n<h3>Inscri\u00e7\u00f5es<\/h3>\n<ul>\n<li><strong>Custo<\/strong>: gratuito para s\u00f3cios; 3 \u20ac para n\u00e3o s\u00f3cios.<\/li>\n<li><strong>Seguro<\/strong>: \u00e9 obrigat\u00f3rio possuir seguro para participar na atividade. O seguro anual da Vento Norte tem o valor de 5 \u20ac, sendo v\u00e1lido para todas as caminhadas realizadas at\u00e9 31-12-2016.<\/li>\n<li>Todas as inscri\u00e7\u00f5es e d\u00favidas devem ser remetidas para <a href=\"mailto:montanhismo.vn@gmail.com\">montanhismo.vn@gmail.com<\/a> ou para telem\u00f3vel n.\u00ba 965 648 065 (Pedro Cerqueira).<\/li>\n<\/ul>\n<p>&nbsp;<\/p>\n<h3>Transporte<\/h3>\n<ul>\n<li>O Transporte fica a cargo dos participantes, havendo possibilidade de partilhar carro. Caso esteja interessado, por favor envie email.<\/li>\n<\/ul>\n<p>&nbsp;<\/p>\n<p>&nbsp;<\/p>\n","protected":false},"excerpt":{"rendered":"<p>\u201cCaminhada para Todos&#8221;<br \/>\nDe Viana a Vila Praia de \u00c2ncora pela costa<br \/>\n04-09-2016 (domingo)<br \/>\n&nbsp;<br \/>\nEsta \u00e9 uma caminhada ideal para os quentes dias de ver\u00e3o. Seguiremos um percurso sempre junto ao mar, por vias pedonais de liga\u00e7\u00e3o entre praias, passadi\u00e7os, alguns tro\u00e7os em plena praia e um pouco de caminhos de p\u00e9 posto.<br \/>\nPartiremos da Sra. da Agonia em dire\u00e7\u00e3o \u00e0 praia norte. Daqui continuaremos muito pr\u00f3ximos do areal, passando por praias como Areosa, Carre\u00e7o, Arda, Afife, \u00cdnsua, Gelfa e Vila Praia de \u00c2ncora. Passaremos tamb\u00e9m por tradicionais moinhos de vento, pelo farol de &#8230;<\/p>\n","protected":false},"author":1,"featured_media":2802,"comment_status":"open","ping_status":"open","sticky":false,"template":"","format":"standard","meta":{"ngg_post_thumbnail":0,"footnotes":""},"categories":[11],"tags":[],"class_list":["post-2801","post","type-post","status-publish","format-standard","has-post-thumbnail","hentry","category-montanhismo"],"_links":{"self":[{"href":"https:\/\/www.ventonorte.com\/index.php?rest_route=\/wp\/v2\/posts\/2801","targetHints":{"allow":["GET"]}}],"collection":[{"href":"https:\/\/www.ventonorte.com\/index.php?rest_route=\/wp\/v2\/posts"}],"about":[{"href":"https:\/\/www.ventonorte.com\/index.php?rest_route=\/wp\/v2\/types\/post"}],"author":[{"embeddable":true,"href":"https:\/\/www.ventonorte.com\/index.php?rest_route=\/wp\/v2\/users\/1"}],"replies":[{"embeddable":true,"href":"https:\/\/www.ventonorte.com\/index.php?rest_route=%2Fwp%2Fv2%2Fcomments&post=2801"}],"version-history":[{"count":5,"href":"https:\/\/www.ventonorte.com\/index.php?rest_route=\/wp\/v2\/posts\/2801\/revisions"}],"predecessor-version":[{"id":2806,"href":"https:\/\/www.ventonorte.com\/index.php?rest_route=\/wp\/v2\/posts\/2801\/revisions\/2806"}],"wp:featuredmedia":[{"embeddable":true,"href":"https:\/\/www.ventonorte.com\/index.php?rest_route=\/wp\/v2\/media\/2802"}],"wp:attachment":[{"href":"https:\/\/www.ventonorte.com\/index.php?rest_route=%2Fwp%2Fv2%2Fmedia&parent=2801"}],"wp:term":[{"taxonomy":"category","embeddable":true,"href":"https:\/\/www.ventonorte.com\/index.php?rest_route=%2Fwp%2Fv2%2Fcategories&post=2801"},{"taxonomy":"post_tag","embeddable":true,"href":"https:\/\/www.ventonorte.com\/index.php?rest_route=%2Fwp%2Fv2%2Ftags&post=2801"}],"curies":[{"name":"wp","href":"https:\/\/api.w.org\/{rel}","templated":true}]}}