{"id":2809,"date":"2016-09-11T17:31:30","date_gmt":"2016-09-11T17:31:30","guid":{"rendered":"http:\/\/www.ventonorte.com\/?p=2809"},"modified":"2018-06-09T16:13:27","modified_gmt":"2018-06-09T16:13:27","slug":"canoagem-pelo-estuario-ate-ao-marachao-17092016","status":"publish","type":"post","link":"https:\/\/www.ventonorte.com\/?p=2809","title":{"rendered":"Canoagem: At\u00e9 ao Marach\u00e3o [17\/09\/2016]"},"content":{"rendered":"<h1 style=\"text-align: center;\"><img loading=\"lazy\" decoding=\"async\" class=\"aligncenter wp-image-301 size-full\" src=\"http:\/\/www.ventonorte.com\/wp-content\/uploads\/Canoagem2.jpg\" alt=\"Canoagem2\" width=\"448\" height=\"599\" srcset=\"https:\/\/www.ventonorte.com\/wp-content\/uploads\/Canoagem2.jpg 448w, https:\/\/www.ventonorte.com\/wp-content\/uploads\/Canoagem2-112x150.jpg 112w, https:\/\/www.ventonorte.com\/wp-content\/uploads\/Canoagem2-224x300.jpg 224w\" sizes=\"auto, (max-width: 448px) 100vw, 448px\" \/><br \/>\nDeambulando pelo estu\u00e1rio, at\u00e9 ao Marach\u00e3o<\/h1>\n<h2 style=\"text-align: center;\">Esposende \u2013 Marach\u00e3o \u2013 Esposende<\/h2>\n<h3 style=\"text-align: center;\">Dia 17 de Setembro de 2016<\/h3>\n<p>&nbsp;<\/p>\n<h3>Programa:<\/h3>\n<ul>\n<li>\u00a0\u00a0\u00a0 9h30 \u2013 Sa\u00edda de V. N. de Famalic\u00e3o.<\/li>\n<li>\u00a0 10h30 \u2013 Chegada a Esposende.<\/li>\n<li>\u00a0 11h15 \u2013 In\u00edcio da actividade, junto \u00e0 marina dos pescadores.<\/li>\n<li>\u00a0 13h30 \u2013 Chegada ao Marach\u00e3o. Almo\u00e7o.<\/li>\n<li>\u00a0 16h00 \u2013 De regresso a Esposende.<\/li>\n<li>\u00a0 18h00 \u2013 Fim da actividade.<\/li>\n<\/ul>\n<h3>Inscri\u00e7\u00f5es<\/h3>\n<p>Os participantes devem inscrever-se at\u00e9 \u00e0s 12h do dia 14 de Setembro, indicando:<\/p>\n<ul>\n<li>o nome,<\/li>\n<li>o n\u00famero do Bilhete de Identidade (ou Cart\u00e3o de Cidad\u00e3o),<\/li>\n<li>o n\u00famero de Identifica\u00e7\u00e3o Fiscal,<\/li>\n<li>a data de nascimento.<\/li>\n<\/ul>\n<p>A inscri\u00e7\u00e3o dever\u00e1 ser feita para o endere\u00e7o <a href=\"mailto:filinto.trigo@gmail.com\">filinto.trigo@gmail.com<\/a> com a indica\u00e7\u00e3o do assunto \u2013 Rio C\u00e1vado<\/p>\n<p>O custo da actividade \u00e9 de:<\/p>\n<ul>\n<li><strong>7,5 euros<\/strong> (pre\u00e7o para associados); <strong>15 euros<\/strong> (pre\u00e7o para n\u00e3o associados)<\/li>\n<li><strong>2 euros<\/strong> (pre\u00e7o para crian\u00e7as associadas); <strong>7,5 euros<\/strong> (pre\u00e7o para crian\u00e7as n\u00e3o associadas)<\/li>\n<\/ul>\n<p>Os associados que j\u00e1 tenham pago o Seguro Vento Norte numa actividade anterior ter\u00e3o um\u00a0<strong>desconto de 5 euros<\/strong>\u00a0e para as crian\u00e7as associadas a actividade ser\u00e1 <strong>gratuita<\/strong>.<\/p>\n<p>A inscri\u00e7\u00e3o \u00e9 v\u00e1lida ap\u00f3s o pagamento da quantia fixada<\/p>\n<p><strong>NIB 0033 0000 0019 2780 614 0 5 (Vento Norte)<\/strong><\/p>\n<p>&nbsp;<\/p>\n<p style=\"text-align: center;\">Os participantes <span style=\"color: #ff0000;\">DEVEM SABER NADAR.<\/span><\/p>\n<p style=\"text-align: center;\"><span style=\"color: #ff0000;\">\u00c9 OBRIGAT\u00d3RIO O USO DE UM COLETE SALVA-VIDAS<\/span><\/p>\n<p style=\"text-align: center;\">(a fornecer pela organiza\u00e7\u00e3o).<\/p>\n<p>Para mais informa\u00e7\u00f5es poder\u00e3o contactar o telem\u00f3vel 914765188 (Filinto)<\/p>\n<p>&nbsp;<\/p>\n","protected":false},"excerpt":{"rendered":"<p>Deambulando pelo estu\u00e1rio, at\u00e9 ao Marach\u00e3o<br \/>\nEsposende \u2013 Marach\u00e3o \u2013 Esposende<br \/>\nDia 17 de Setembro de 2016<br \/>\n&nbsp;<br \/>\nPrograma:<\/p>\n<p>\u00a0\u00a0\u00a0 9h30 \u2013 Sa\u00edda de V. N. de Famalic\u00e3o.<br \/>\n\u00a0 10h30 \u2013 Chegada a Esposende.<br \/>\n\u00a0 11h15 \u2013 In\u00edcio da actividade, junto \u00e0 marina dos pescadores.<br \/>\n\u00a0 13h30 \u2013 Chegada ao Marach\u00e3o. Almo\u00e7o.<br \/>\n\u00a0 16h00 \u2013 De regresso a Esposende.<br \/>\n\u00a0 18h00 \u2013 Fim da actividade.<\/p>\n<p>Inscri\u00e7\u00f5es<br \/>\nOs participantes devem inscrever-se at\u00e9 \u00e0s 12h do dia 14 de Setembro, indicando:<\/p>\n<p>o nome,<br \/>\no n\u00famero do Bilhete de Identidade (ou Cart\u00e3o de Cidad\u00e3o),<br \/>\no n\u00famero de Identifica\u00e7\u00e3o Fiscal,<br \/>\na data de nascimento.<\/p>\n<p>A inscri\u00e7\u00e3o dever\u00e1 ser feita para o &#8230;<\/p>\n","protected":false},"author":1,"featured_media":301,"comment_status":"open","ping_status":"open","sticky":false,"template":"","format":"standard","meta":{"ngg_post_thumbnail":0,"footnotes":""},"categories":[3],"tags":[],"class_list":["post-2809","post","type-post","status-publish","format-standard","has-post-thumbnail","hentry","category-canoagem"],"_links":{"self":[{"href":"https:\/\/www.ventonorte.com\/index.php?rest_route=\/wp\/v2\/posts\/2809","targetHints":{"allow":["GET"]}}],"collection":[{"href":"https:\/\/www.ventonorte.com\/index.php?rest_route=\/wp\/v2\/posts"}],"about":[{"href":"https:\/\/www.ventonorte.com\/index.php?rest_route=\/wp\/v2\/types\/post"}],"author":[{"embeddable":true,"href":"https:\/\/www.ventonorte.com\/index.php?rest_route=\/wp\/v2\/users\/1"}],"replies":[{"embeddable":true,"href":"https:\/\/www.ventonorte.com\/index.php?rest_route=%2Fwp%2Fv2%2Fcomments&post=2809"}],"version-history":[{"count":7,"href":"https:\/\/www.ventonorte.com\/index.php?rest_route=\/wp\/v2\/posts\/2809\/revisions"}],"predecessor-version":[{"id":2825,"href":"https:\/\/www.ventonorte.com\/index.php?rest_route=\/wp\/v2\/posts\/2809\/revisions\/2825"}],"wp:featuredmedia":[{"embeddable":true,"href":"https:\/\/www.ventonorte.com\/index.php?rest_route=\/wp\/v2\/media\/301"}],"wp:attachment":[{"href":"https:\/\/www.ventonorte.com\/index.php?rest_route=%2Fwp%2Fv2%2Fmedia&parent=2809"}],"wp:term":[{"taxonomy":"category","embeddable":true,"href":"https:\/\/www.ventonorte.com\/index.php?rest_route=%2Fwp%2Fv2%2Fcategories&post=2809"},{"taxonomy":"post_tag","embeddable":true,"href":"https:\/\/www.ventonorte.com\/index.php?rest_route=%2Fwp%2Fv2%2Ftags&post=2809"}],"curies":[{"name":"wp","href":"https:\/\/api.w.org\/{rel}","templated":true}]}}