{"id":2810,"date":"2016-09-11T17:23:20","date_gmt":"2016-09-11T17:23:20","guid":{"rendered":"http:\/\/www.ventonorte.com\/?p=2810"},"modified":"2016-09-11T17:32:40","modified_gmt":"2016-09-11T17:32:40","slug":"pelos-cumes-de-andorra-5-a-9102016","status":"publish","type":"post","link":"https:\/\/www.ventonorte.com\/?p=2810","title":{"rendered":"Pelos cumes de Andorra [5 a 9\/10\/2016]"},"content":{"rendered":"<h1 style=\"text-align: center;\"><img loading=\"lazy\" decoding=\"async\" class=\"aligncenter wp-image-2811\" src=\"http:\/\/www.ventonorte.com\/wp-content\/uploads\/andorra-1-1024x516.jpg\" alt=\"andorra-1\" width=\"550\" height=\"277\" srcset=\"https:\/\/www.ventonorte.com\/wp-content\/uploads\/andorra-1-1024x516.jpg 1024w, https:\/\/www.ventonorte.com\/wp-content\/uploads\/andorra-1-150x76.jpg 150w, https:\/\/www.ventonorte.com\/wp-content\/uploads\/andorra-1-300x151.jpg 300w, https:\/\/www.ventonorte.com\/wp-content\/uploads\/andorra-1-768x387.jpg 768w, https:\/\/www.ventonorte.com\/wp-content\/uploads\/andorra-1.jpg 1906w\" sizes=\"auto, (max-width: 550px) 100vw, 550px\" \/><br \/>\n\u201cPelos Cumes de Andorra&#8221;<\/h1>\n<h2 style=\"text-align: center;\">Andorra<\/h2>\n<h3 style=\"text-align: center;\">5 a 9 de Outubro de 2016<\/h3>\n<p style=\"text-align: center;\">(Programa Provis\u00f3rio)<\/p>\n<p>Andorra, ou oficialmente\u00a0conhecido como Principado de Andorra, \u00e9 o sexto menor pa\u00eds europeu, est\u00e1 localizado na\u00a0cordilheira pirenaica\u00a0entre o nordeste da Espanha\u00a0e o sudoeste da\u00a0Fran\u00e7a. Durante muito tempo isolado, o principado \u00e9 hoje um pa\u00eds pr\u00f3spero principalmente devido ao crescimento do turismo, de natureza atrav\u00e9s das altas cordilheiras, dos vales verdes e das inst\u00e2ncias de neve. Tem como capital Andorra-a-Velha, tem como l\u00edngua oficial o catal\u00e3o, sendo tamb\u00e9m vulgarmente falado o espanhol, portugu\u00eas e franc\u00eas. Atualmente, a popula\u00e7\u00e3o andorrana est\u00e1 listada como tendo a maior expectativa de vida do mundo, com m\u00e9dia de 83,52 anos<\/p>\n<p>Condizendo com a sua localiza\u00e7\u00e3o no leste da cordilheira dos\u00a0Piren\u00e9us, Andorra \u00e9 constitu\u00edda essencialmente por montanhas\u00a0escarpadas com uma altitude m\u00e9dia de 1996 m e a mais elevada,\u00a0Coma Pedrosa, a atingir 2946 m. As montanhas s\u00e3o separadas por tr\u00eas vales estreitos em forma de Y, que se combinam num \u00fanico, por onde o principal curso de \u00e1gua, o\u00a0Rio Valira, sai do pa\u00eds e entra na\u00a0Espanha, no ponto mais baixo de Andorra, aos 840 m de altitude. Com uma altitude m\u00e9dia entre 1900 e 2000 metros, Andorra \u00e9 o segundo pa\u00eds mais alto da Europa, depois da\u00a0Su\u00ed\u00e7a.<\/p>\n<p>Os bosques ocupam dois quintos do territ\u00f3rio, seguindo tr\u00eas pisos de altitude: at\u00e9 os 1200 m,\u00a0azinheiras\u00a0e\u00a0carvalhos, at\u00e9 os 1600-1700 m predomina o\u00a0Pinus sylvestris\u00a0e at\u00e9 aos 2200-2300m abunda o\u00a0Pinus mugo, substitu\u00eddo nas cimeiras pelos prados alpinos.<\/p>\n<p>Andorra possui mais de 60\u00a0lagos. Os mais representativos s\u00e3o: o\u00a0lago de Juclar, cuja superf\u00edcie \u00e9 a mais extensa de todos os lagos do Principado com 21 hectares, o\u00a0lago de l&#8217;Illa\u00a0com 13 hectares, o lago (artificial) de Engolasters com 7 hectares e os tr\u00eas lagos de Tristaina.<\/p>\n<p>Tudo bons motivos para conhecer Andorra com a Vento Norte.<\/p>\n<p>&nbsp;<\/p>\n<h3>Descri\u00e7\u00e3o:<\/h3>\n<ul>\n<li>Dura\u00e7\u00e3o Atividade: 5 dias<\/li>\n<li>Dist\u00e2ncia Total percorrida: 65 Kms<\/li>\n<li>Grau de dificuldade: elevado<\/li>\n<li>Tipo de percurso: Grande Rota em etapas, linear, de grande interesse ambiental e paisag\u00edstico.<\/li>\n<li>Percurso essencialmente em trilho de alta montanha;<\/li>\n<\/ul>\n<h3>Motivos de interesse:<\/h3>\n<ul>\n<li>Andorra da Vella<\/li>\n<li>Patrim\u00f3nio Mundial da Unesco Vall de Madriu\/ Perafita\/ Claror<\/li>\n<li>Collada dels Pessons<\/li>\n<li>Parc Natural de Vall de Sorteny<\/li>\n<li>Collada dels Meners<\/li>\n<li>Serra de Cabana Sorda<\/li>\n<\/ul>\n<h3>Programa:<\/h3>\n<ul>\n<li>Dia 5 \u2013 Partida: Andorra la Vella &#8211; Vall de Madriu\/ Perafita\/ Claror (Patrim\u00f3nio Mundial) \u2013 Ref\u00fagio de L`illa\n<ul>\n<li>Dormida em Ref\u00fagio: Ref\u00fagio de L`illa<\/li>\n<li>Dist\u00e2ncia Percorrida no dia: 16 Kms<\/li>\n<li>Cota mais baixa: 1100 metros;\u00a0 Cota mais alta: 2480 metros;<\/li>\n<\/ul>\n<\/li>\n<li>Dia 6 \u2013 Partida: Ref\u00fagio De L`illa \u2013 Collada dels Pessons (2810 metros altitude) \u2013 Bordes d`Envalira \u2013 Refugio de Jucl\u00e0\n<ul>\n<li>Dormida em Ref\u00fagio: Ref\u00fagio de Jucl\u00e0<\/li>\n<li>Dist\u00e2ncia percorrida no dia: 20 Kms<\/li>\n<li>Cota mais baixa: 1900 metros;\u00a0 Cota mais alta: 2829 metros;<\/li>\n<\/ul>\n<\/li>\n<li>Dia 7 \u2013 Partida: Ref\u00fagio de Jucl\u00e0 \u2013 Serra de Cabana Sorda \u2013 Collada dels Meners \u2013 Ref\u00fagio de Borda de Sorteny\n<ul>\n<li>Dormida em Ref\u00fagio: Ref\u00fagio de Borda de Sorteny<\/li>\n<li>Dist\u00e2ncia percorrida no dia:\u00a0 17 Kms<\/li>\n<li>Cota mais baixa: 1965 metros;\u00a0 Cota mais alta: 2719 metros;<\/li>\n<\/ul>\n<\/li>\n<li>Dia 8 \u2013 \u00a0Partida: Ref\u00fagio de Borda de Sorteny \u2013 Llorts \u2013 Ordino\n<ul>\n<li>Dist\u00e2ncia percorrida no dia: 10 Kms<\/li>\n<li>Cota mais baixa: 1400 metros;\u00a0 Cota mais alta: 1965 metros;<\/li>\n<\/ul>\n<\/li>\n<li>Dia 9 \u2013 Tempo livre em Andorra la Vella \u2013 Regresso a Portugal<\/li>\n<\/ul>\n<p><span style=\"color: #ff0000;\">Nota: Este programa poder\u00e1 sofrer altera\u00e7\u00f5es, mediante os meios de desloca\u00e7\u00e3o e as horas a que chegarem os participantes a Andorra. O programa definitivo ser\u00e1 divulgado ap\u00f3s se encerrarem as inscri\u00e7\u00f5es.<\/span><\/p>\n<h3>\u00a0Material:<\/h3>\n<ul>\n<li>Botas de Montanhismo e preferencialmente imperme\u00e1veis<\/li>\n<li>Roupa conform\u00e1vel para caminhada mas que suporte igualmente temperaturas baixas e imperme\u00e1vel<\/li>\n<li>Mochila com capacidade para autonomia em alimenta\u00e7\u00e3o e roupa<\/li>\n<li>Protetor solar<\/li>\n<li>Bast\u00f5es caminhada<\/li>\n<li>Saca Cama<\/li>\n<li>Tamp\u00f5es ouvidos<\/li>\n<li>M\u00e1quina Fotogr\u00e1fica<\/li>\n<li>Frontal<\/li>\n<li>GPS e mapas\/cartas militares<\/li>\n<\/ul>\n<h3>Alimenta\u00e7\u00e3o:<\/h3>\n<p>A alimenta\u00e7\u00e3o volante e fica a cargo de cada participante. Passaremos por localidades durante os percursos com alimenta\u00e7\u00e3o dispon\u00edvel mas durante longos per\u00edodos poder\u00e3o n\u00e3o estar acess\u00edveis;<\/p>\n<p>O jantar ser\u00e1 no refugio e estar\u00e1 inclu\u00eddo na estadia (excepto no primeiro dia)<\/p>\n<p>\u00c9 obrigat\u00f3rio levar pelo menos 1,5 L de \u00e1gua.<\/p>\n<h3>Inscri\u00e7\u00f5es:<\/h3>\n<p>O n\u00famero de vagas \u00e9 limitado a 8 participantes. A inscri\u00e7\u00e3o de n\u00e3o associados fica sujeita \u00e0 n\u00e3o ocupa\u00e7\u00e3o do n\u00famero dispon\u00edvel por associados.<\/p>\n<ul>\n<li>Custo associado: 150 \u20ac (n\u00e3o inclui viagens nem alimenta\u00e7\u00e3o volante; inclui jantar + dormida em todas as noites)<\/li>\n<li>Custo n\u00e3o associado: 200\u20ac (n\u00e3o inclui viagens nem alimenta\u00e7\u00e3o volante; inclui jantar + dormida em todas as noites)<\/li>\n<\/ul>\n<p>Haver\u00e1 uma reuni\u00e3o preparat\u00f3ria no final de Setembro entre todos os participantes de modo a apresentar o programa final e combinar v\u00e1rios pontos do percurso.<\/p>\n<p><strong>Seguro:\u00a0 <\/strong>\u00e9 obrigat\u00f3rio possuir seguro para participar na atividade. O seguro anual da Vento Norte tem o valor de 5 \u20ac, sendo v\u00e1lido para todas as caminhadas realizadas at\u00e9 31-12-2016.<\/p>\n<p>Todas as inscri\u00e7\u00f5es e d\u00favidas devem ser remetidas para <a href=\"mailto:montanhismo.vn@gmail.com\">montanhismo.vn@gmail.com<\/a> ou para telem\u00f3vel n.\u00ba 96 4871922 (Carlos Faria).<\/p>\n<h3>Transporte:<\/h3>\n<p>O Transporte fica a cargo dos participantes, havendo neste momento entre os interessados a hip\u00f3tese de viajar de avi\u00e3o ou viajar de carro, com a possibilidade de partilhar carro.<\/p>\n<p>Na altura da inscri\u00e7\u00e3o indique como pretende fazer a sua desloca\u00e7\u00e3o de modo coordenar as boleias e controlar os custos e ao mesmo tempo obter previs\u00f5es de quando ser\u00e1 a chegada a Andorra e iniciar a actividade.<\/p>\n<p>Existem v\u00e1rios transferes diretos do aeroporto de Barcelona para Andorra.<\/p>\n<p>&nbsp;<\/p>\n<p>&nbsp;<\/p>\n","protected":false},"excerpt":{"rendered":"<p>\u201cPelos Cumes de Andorra&#8221;<br \/>\nAndorra<br \/>\n5 a 9 de Outubro de 2016<br \/>\n(Programa Provis\u00f3rio)<br \/>\nAndorra, ou oficialmente\u00a0conhecido como Principado de Andorra, \u00e9 o sexto menor pa\u00eds europeu, est\u00e1 localizado na\u00a0cordilheira pirenaica\u00a0entre o nordeste da Espanha\u00a0e o sudoeste da\u00a0Fran\u00e7a. Durante muito tempo isolado, o principado \u00e9 hoje um pa\u00eds pr\u00f3spero principalmente devido ao crescimento do turismo, de natureza atrav\u00e9s das altas cordilheiras, dos vales verdes e das inst\u00e2ncias de neve. Tem como capital Andorra-a-Velha, tem como l\u00edngua oficial o catal\u00e3o, sendo tamb\u00e9m vulgarmente falado o espanhol, portugu\u00eas e franc\u00eas. Atualmente, a popula\u00e7\u00e3o andorrana est\u00e1 listada &#8230;<\/p>\n","protected":false},"author":1,"featured_media":2811,"comment_status":"open","ping_status":"open","sticky":false,"template":"","format":"standard","meta":{"ngg_post_thumbnail":0,"footnotes":""},"categories":[11],"tags":[],"class_list":["post-2810","post","type-post","status-publish","format-standard","has-post-thumbnail","hentry","category-montanhismo"],"_links":{"self":[{"href":"https:\/\/www.ventonorte.com\/index.php?rest_route=\/wp\/v2\/posts\/2810","targetHints":{"allow":["GET"]}}],"collection":[{"href":"https:\/\/www.ventonorte.com\/index.php?rest_route=\/wp\/v2\/posts"}],"about":[{"href":"https:\/\/www.ventonorte.com\/index.php?rest_route=\/wp\/v2\/types\/post"}],"author":[{"embeddable":true,"href":"https:\/\/www.ventonorte.com\/index.php?rest_route=\/wp\/v2\/users\/1"}],"replies":[{"embeddable":true,"href":"https:\/\/www.ventonorte.com\/index.php?rest_route=%2Fwp%2Fv2%2Fcomments&post=2810"}],"version-history":[{"count":4,"href":"https:\/\/www.ventonorte.com\/index.php?rest_route=\/wp\/v2\/posts\/2810\/revisions"}],"predecessor-version":[{"id":2815,"href":"https:\/\/www.ventonorte.com\/index.php?rest_route=\/wp\/v2\/posts\/2810\/revisions\/2815"}],"wp:featuredmedia":[{"embeddable":true,"href":"https:\/\/www.ventonorte.com\/index.php?rest_route=\/wp\/v2\/media\/2811"}],"wp:attachment":[{"href":"https:\/\/www.ventonorte.com\/index.php?rest_route=%2Fwp%2Fv2%2Fmedia&parent=2810"}],"wp:term":[{"taxonomy":"category","embeddable":true,"href":"https:\/\/www.ventonorte.com\/index.php?rest_route=%2Fwp%2Fv2%2Fcategories&post=2810"},{"taxonomy":"post_tag","embeddable":true,"href":"https:\/\/www.ventonorte.com\/index.php?rest_route=%2Fwp%2Fv2%2Ftags&post=2810"}],"curies":[{"name":"wp","href":"https:\/\/api.w.org\/{rel}","templated":true}]}}