{"id":2828,"date":"2016-10-21T15:21:10","date_gmt":"2016-10-21T15:21:10","guid":{"rendered":"http:\/\/www.ventonorte.com\/?p=2828"},"modified":"2016-11-07T18:31:02","modified_gmt":"2016-11-07T18:31:02","slug":"2828","status":"publish","type":"post","link":"https:\/\/www.ventonorte.com\/?p=2828","title":{"rendered":"\u201cCaminhada para Todos&#8221; [30\/10\/2016]"},"content":{"rendered":"<h1 style=\"text-align: center;\"><img loading=\"lazy\" decoding=\"async\" class=\"aligncenter wp-image-2829\" src=\"http:\/\/www.ventonorte.com\/wp-content\/uploads\/pitoes.jpg\" alt=\"pitoes\" width=\"550\" height=\"371\" srcset=\"https:\/\/www.ventonorte.com\/wp-content\/uploads\/pitoes.jpg 800w, https:\/\/www.ventonorte.com\/wp-content\/uploads\/pitoes-150x101.jpg 150w, https:\/\/www.ventonorte.com\/wp-content\/uploads\/pitoes-300x203.jpg 300w, https:\/\/www.ventonorte.com\/wp-content\/uploads\/pitoes-768x518.jpg 768w\" sizes=\"auto, (max-width: 550px) 100vw, 550px\" \/>\u201cCaminhada para Todos&#8221;<\/h1>\n<h2 style=\"text-align: center;\">Pit\u00f5es das J\u00fanias &#8211; Montalegre<\/h2>\n<h3 style=\"text-align: center;\">30-10-2016 (domingo)<\/h3>\n<p>&nbsp;<\/p>\n<p>Neste percurso iremos visitar os motivos de interesse mais emblem\u00e1ticos da freguesia de Pit\u00f5es das J\u00fanias. Partiremos da aldeia em dire\u00e7\u00e3o ao Mosteiro de Santa Maria das J\u00fanias. Julga-se que este convento Cisterciense, j\u00e1 existia no s\u00e9culo IX.<\/p>\n<p>Continuaremos em dire\u00e7\u00e3o ao miradouro da Cascata de Pit\u00f5es da J\u00fanias, a qual apresenta v\u00e1rias quedas de \u00e1gua, sendo a primeira de 30 metros.<\/p>\n<p>Regressamos \u00e0 aldeia para tomar o caminho que no levar\u00e1 at\u00e9 \u00e0 capela de S\u00e3o Jo\u00e3o da Fraga, situado a 1150 metros de altitude. Para terminar, fazemos o trajeto de volta \u00e0 aldeia.<\/p>\n<p>&nbsp;<\/p>\n<h3>Ficha T\u00e9cnica<\/h3>\n<ul>\n<li>Extens\u00e3o aproximada: 14 km<\/li>\n<\/ul>\n<p>Sendo que o percurso em forma de 8, passaremos novamente ponto de partida sensivelmente a meio do percurso, sendo poss\u00edvel realizar apenas metade.<\/p>\n<ul>\n<li>Dura\u00e7\u00e3o aproximada: 5h30 horas<\/li>\n<li>Grau de dificuldade: m\u00e9dio<\/li>\n<li>Ponto de partida\/chegada: parque de estacionamento \u00e0 entrada da aldeia<\/li>\n<li>Tipo de percurso: pequena rota, circular, de interesse ambiental e paisag\u00edstico.<\/li>\n<\/ul>\n<p><strong>Motivos de interesse:<\/strong> aldeia de Pit\u00f5es das J\u00fanias, Mosteiro de Santa Maria das J\u00fanias, Cascata de Pit\u00f5es das J\u00fanias, capela de S\u00e3o Jo\u00e3o da Fraga.<\/p>\n<h3>Programa<\/h3>\n<ul>\n<li>8h30 &#8211; Ponto de encontro I: Cerdeirinhas, Vieira do Minho<\/li>\n<li>9h30 &#8211; Ponto de encontro II: parque de estacionamento \u00e0 entrada da aldeia (junto ao restaurante Casa do Preto)<\/li>\n<li>16h30 &#8211; Fim do percurso<\/li>\n<\/ul>\n<h3>Equipamento<\/h3>\n<ul>\n<li>Aconselha-se o uso de botas de montanhismo<\/li>\n<li>Agasalho<\/li>\n<li>Mochila<\/li>\n<li>Protetor solar<\/li>\n<\/ul>\n<h3>Alimenta\u00e7\u00e3o<\/h3>\n<ul>\n<li>A alimenta\u00e7\u00e3o ser\u00e1 volante e fica a cargo de cada participante.<\/li>\n<li>\u00c9 aconselh\u00e1vel 1 a 1,5 L de \u00e1gua<\/li>\n<\/ul>\n<h3>Inscri\u00e7\u00f5es<\/h3>\n<ul>\n<li>Custo: Gratuito para s\u00f3cios, 4 \u20ac para n\u00e3o s\u00f3cios<\/li>\n<li>Seguro: \u00e9 obrigat\u00f3rio possuir seguro para participar na atividade. O seguro anual da Vento Norte tem o valor de 5 \u20ac, sendo v\u00e1lido para todas as caminhadas realizadas at\u00e9 31-12-2016.<\/li>\n<li>Todas as inscri\u00e7\u00f5es e d\u00favidas devem ser remetidas para <a href=\"mailto:montanhismo.vn@gmail.com\">montanhismo.vn@gmail.com<\/a> ou para telem\u00f3vel n.\u00ba 965 648 065 (Pedro Cerqueira).<\/li>\n<\/ul>\n<h3>Transporte<\/h3>\n<ul>\n<li>O Transporte fica a cargo dos participantes, havendo possibilidade de partilhar carro. Caso esteja interessado, por favor envie email.<\/li>\n<\/ul>\n<p>&nbsp;<\/p>\n<p>&nbsp;<\/p>\n<p>&nbsp;<\/p>\n<p>&nbsp;<\/p>\n","protected":false},"excerpt":{"rendered":"<p>\u201cCaminhada para Todos&#8221;<br \/>\nPit\u00f5es das J\u00fanias &#8211; Montalegre<br \/>\n30-10-2016 (domingo)<br \/>\n&nbsp;<br \/>\nNeste percurso iremos visitar os motivos de interesse mais emblem\u00e1ticos da freguesia de Pit\u00f5es das J\u00fanias. Partiremos da aldeia em dire\u00e7\u00e3o ao Mosteiro de Santa Maria das J\u00fanias. Julga-se que este convento Cisterciense, j\u00e1 existia no s\u00e9culo IX.<br \/>\nContinuaremos em dire\u00e7\u00e3o ao miradouro da Cascata de Pit\u00f5es da J\u00fanias, a qual apresenta v\u00e1rias quedas de \u00e1gua, sendo a primeira de 30 metros.<br \/>\nRegressamos \u00e0 aldeia para tomar o caminho que no levar\u00e1 at\u00e9 \u00e0 capela de S\u00e3o Jo\u00e3o da Fraga, situado a 1150 metros de &#8230;<\/p>\n","protected":false},"author":1,"featured_media":2829,"comment_status":"open","ping_status":"open","sticky":false,"template":"","format":"standard","meta":{"ngg_post_thumbnail":0,"footnotes":""},"categories":[11],"tags":[],"class_list":["post-2828","post","type-post","status-publish","format-standard","has-post-thumbnail","hentry","category-montanhismo"],"_links":{"self":[{"href":"https:\/\/www.ventonorte.com\/index.php?rest_route=\/wp\/v2\/posts\/2828","targetHints":{"allow":["GET"]}}],"collection":[{"href":"https:\/\/www.ventonorte.com\/index.php?rest_route=\/wp\/v2\/posts"}],"about":[{"href":"https:\/\/www.ventonorte.com\/index.php?rest_route=\/wp\/v2\/types\/post"}],"author":[{"embeddable":true,"href":"https:\/\/www.ventonorte.com\/index.php?rest_route=\/wp\/v2\/users\/1"}],"replies":[{"embeddable":true,"href":"https:\/\/www.ventonorte.com\/index.php?rest_route=%2Fwp%2Fv2%2Fcomments&post=2828"}],"version-history":[{"count":5,"href":"https:\/\/www.ventonorte.com\/index.php?rest_route=\/wp\/v2\/posts\/2828\/revisions"}],"predecessor-version":[{"id":2832,"href":"https:\/\/www.ventonorte.com\/index.php?rest_route=\/wp\/v2\/posts\/2828\/revisions\/2832"}],"wp:featuredmedia":[{"embeddable":true,"href":"https:\/\/www.ventonorte.com\/index.php?rest_route=\/wp\/v2\/media\/2829"}],"wp:attachment":[{"href":"https:\/\/www.ventonorte.com\/index.php?rest_route=%2Fwp%2Fv2%2Fmedia&parent=2828"}],"wp:term":[{"taxonomy":"category","embeddable":true,"href":"https:\/\/www.ventonorte.com\/index.php?rest_route=%2Fwp%2Fv2%2Fcategories&post=2828"},{"taxonomy":"post_tag","embeddable":true,"href":"https:\/\/www.ventonorte.com\/index.php?rest_route=%2Fwp%2Fv2%2Ftags&post=2828"}],"curies":[{"name":"wp","href":"https:\/\/api.w.org\/{rel}","templated":true}]}}