{"id":2837,"date":"2016-11-07T18:31:05","date_gmt":"2016-11-07T18:31:05","guid":{"rendered":"http:\/\/www.ventonorte.com\/?p=2837"},"modified":"2016-11-14T15:17:06","modified_gmt":"2016-11-14T15:17:06","slug":"serra-da-estrela-8-a-10122016","status":"publish","type":"post","link":"https:\/\/www.ventonorte.com\/?p=2837","title":{"rendered":"Serra da Estrela [8 a 10\/12\/2016]"},"content":{"rendered":"<h1 style=\"text-align: center;\"><img loading=\"lazy\" decoding=\"async\" class=\"aligncenter wp-image-2840\" src=\"http:\/\/www.ventonorte.com\/wp-content\/uploads\/torre-serra-da-estrela-1024x576.jpg\" alt=\"torre-serra-da-estrela\" width=\"550\" height=\"309\" srcset=\"https:\/\/www.ventonorte.com\/wp-content\/uploads\/torre-serra-da-estrela-1024x576.jpg 1024w, https:\/\/www.ventonorte.com\/wp-content\/uploads\/torre-serra-da-estrela-150x84.jpg 150w, https:\/\/www.ventonorte.com\/wp-content\/uploads\/torre-serra-da-estrela-300x169.jpg 300w, https:\/\/www.ventonorte.com\/wp-content\/uploads\/torre-serra-da-estrela-768x432.jpg 768w, https:\/\/www.ventonorte.com\/wp-content\/uploads\/torre-serra-da-estrela.jpg 1600w\" sizes=\"auto, (max-width: 550px) 100vw, 550px\" \/>Serra da Estrela<\/h1>\n<h3 style=\"text-align: center;\">08 A 10 dezembro de 2016<\/h3>\n<p>&nbsp;<\/p>\n<p>O Parque Natural da Serra da Estrela (PNSE) fica no centro interior de Portugal essencialmente no distrito da Guarda (85%) e tamb\u00e9m no distrito de Castelo Branco (15%). Marcado por maci\u00e7os rochosos de granito, xisto e xistograuvaquicos e vest\u00edgios de antigos glaciares, a elevada altitude e localiza\u00e7\u00e3o do parque natural tornam-no um dos locais de Portugal continental com maior ocorr\u00eancia de chuva, neve, granizo e orvalho.<\/p>\n<p>A import\u00e2ncia desta \u00e1rea faz com que seja Reserva Biogen\u00e9tica. Em 2000, foi designada uma \u00e1rea de 88 295 hectares como S\u00edtio de interesse biol\u00f3gico e passou a integrar a Rede Natura 2000. Com valores naturais relevantes, incluindo algumas esp\u00e9cie de flora \u00fanica no pa\u00eds, nos animais destaca-se o lobo (Canis lupus), o javali, a lontra, a raposa (Vulpes vulpes), a lagartixa-de-montanha (Lacerta monticola monticola), a geneta (Genetta genetta) e o coelho-bravo-europeu (Oryctolagus cuniculus) entre outros.<\/p>\n<p>Entre as diversas atividades que tem para oferecer destacam-se os percursos pedestres assinalados e um centro de interpreta\u00e7\u00e3o. Nas atividades econ\u00f3micas \u00e9 relevante a import\u00e2ncia do queijo Serra da Estrela e da \u00fanica est\u00e2ncia de ski no pa\u00eds.<\/p>\n<p>In: <a href=\"http:\/\/www.wikipedia.org\">wikip\u00e9dia<\/a><\/p>\n<p>&nbsp;<\/p>\n<h3>Programa<\/h3>\n<table border=\"1\">\n<tbody>\n<tr>\n<td width=\"340\"><strong>Op\u00e7\u00e3o Turista<\/strong><\/td>\n<td width=\"340\"><strong>Op\u00e7\u00e3o Montanheiro<\/strong><\/td>\n<\/tr>\n<tr>\n<td style=\"text-align: left;\" colspan=\"2\" width=\"680\"><strong>Dia 08 de dezembro (5.\u00aa feira)<\/strong><\/td>\n<\/tr>\n<tr>\n<td style=\"padding-left: 90px;\" colspan=\"2\" width=\"680\">7h30 &#8211; Sa\u00edda de VN Famalic\u00e3o<\/td>\n<\/tr>\n<tr style=\"padding-left: 90px;\">\n<td style=\"padding-left: 90px;\" colspan=\"2\" width=\"680\">9h00 &#8211; Ponto de encontro \u2013 Esta\u00e7\u00e3o de Servi\u00e7o de Viseu da A25<\/td>\n<\/tr>\n<tr style=\"padding-left: 90px;\">\n<td style=\"padding-left: 90px;\" colspan=\"2\" width=\"680\">11h00 \u2013 Cov\u00e3o d\u2019Ametade<\/td>\n<\/tr>\n<tr>\n<td width=\"340\"><\/td>\n<td width=\"340\"><\/td>\n<\/tr>\n<tr>\n<td width=\"340\">11h20 \u2013 Pequeno passeio pelo Cov\u00e3o d\u2019Ametade<\/td>\n<td width=\"340\">11h20 \u2013 In\u00edcio do Trilho do Maci\u00e7o Central, Cov\u00e3o &#8211; Torre (dificuldade m\u00e9dia\/alta +\/- 5h)<\/td>\n<\/tr>\n<tr>\n<td width=\"340\">12h00 \u2013 Almo\u00e7o volante junto no Cov\u00e3o d\u2019Ametade<\/td>\n<td width=\"340\">13h00 (+\/- ) \u2013 Almo\u00e7o volante<\/td>\n<\/tr>\n<tr>\n<td width=\"340\">13H30 \u2013 Pequena caminhada (+\/- 3km) na zona da esta\u00e7\u00e3o base do antigo telef\u00e9rico (C3+)<\/td>\n<td width=\"340\">16h30 \u2013 Final do Trilho<\/td>\n<\/tr>\n<tr>\n<td colspan=\"2\" width=\"680\">17h00 \u2013 Pousada de Juventude<\/td>\n<\/tr>\n<tr>\n<td colspan=\"2\" width=\"680\">19h00 &#8211; Jantar<\/td>\n<\/tr>\n<tr>\n<td colspan=\"2\" width=\"680\"><\/td>\n<\/tr>\n<tr>\n<td style=\"text-align: left;\" colspan=\"2\" width=\"680\"><strong>Dia 09 de dezembro (6.\u00aa feira)<\/strong><\/td>\n<\/tr>\n<tr>\n<td style=\"padding-left: 90px;\" colspan=\"2\" width=\"680\">8h30 &#8211; P.A. Na Pousada de Juventude<\/td>\n<\/tr>\n<tr style=\"padding-left: 90px;\">\n<td style=\"padding-left: 90px;\" colspan=\"2\" width=\"680\">10h30 \u2013 Alvoco da Serra<\/td>\n<\/tr>\n<tr>\n<td width=\"340\">10h40 \u2013 In\u00edcio de pequena caminhada em Alvoco da Serra, junto \u00e0 ribeira &#8211; (C3+)<\/td>\n<td width=\"340\">10h40 \u2013 In\u00edcio do Trilho Alvoco\/ Torre (dificuldade m\u00e9dia\/Alta, +\/- 6h)<\/td>\n<\/tr>\n<tr>\n<td width=\"340\">13h00 \u2013 Almo\u00e7o volante<\/td>\n<td width=\"340\">12h30 (+\/-) \u2013 Almo\u00e7o volante<\/td>\n<\/tr>\n<tr>\n<td width=\"340\">15h00 \u2013 Visita \u00e0 Torre<\/td>\n<td width=\"340\"><\/td>\n<\/tr>\n<tr>\n<td width=\"340\"><\/td>\n<td width=\"340\">17h00 \u2013 Final do Trilho e liga\u00e7\u00e3o de autom\u00f3vel<\/td>\n<\/tr>\n<tr>\n<td style=\"padding-left: 90px;\" colspan=\"2\" width=\"680\">18h00 \u2013 Pousada de Juventude<\/td>\n<\/tr>\n<tr style=\"padding-left: 90px;\">\n<td style=\"padding-left: 90px;\" colspan=\"2\" width=\"680\">19h00 &#8211; Jantar<\/td>\n<\/tr>\n<tr>\n<td colspan=\"2\" width=\"680\"><\/td>\n<\/tr>\n<tr>\n<td style=\"text-align: left;\" colspan=\"2\" width=\"680\"><strong>Dia 10 de dezembro (s\u00e1bado)<\/strong><\/td>\n<\/tr>\n<tr>\n<td style=\"padding-left: 90px;\" colspan=\"2\" width=\"680\">8h30 &#8211; P.A. Na Pousada de Juventude<\/td>\n<\/tr>\n<tr style=\"padding-left: 90px;\">\n<td style=\"padding-left: 90px;\" colspan=\"2\" width=\"680\">10h30 \u2013 Verdelhos<\/td>\n<\/tr>\n<tr>\n<td width=\"340\">10h40 \u2013 Visita ao Ski Parque<\/td>\n<td width=\"340\">10h40 \u2013 In\u00edcio do Trilho Verdelhos \u2013 Carvalho &#8211; Verdelhos (dificuldade m\u00e9dia\/baixa, +\/- 6h)<\/td>\n<\/tr>\n<tr>\n<td width=\"340\">12h30 \u2013 Almo\u00e7o volante pr\u00f3ximo de Verdelhos<\/td>\n<td width=\"340\">12h30 (+\/-) \u2013 Almo\u00e7o volante<\/td>\n<\/tr>\n<tr>\n<td width=\"340\">13h30 \u2013 In\u00edcio de pequena caminhada Pr\u00f3ximo de Verdelhos (C3+)<\/td>\n<td width=\"340\">17h00 \u2013 Final do Trilho<\/td>\n<\/tr>\n<tr>\n<td style=\"padding-left: 90px;\" colspan=\"2\" width=\"680\">17h30 &#8211; Regresso<\/td>\n<\/tr>\n<\/tbody>\n<\/table>\n<p><strong>\u00a0<\/strong>C3+: caminhada acess\u00edvel a crian\u00e7as de mais de 3 anos<\/p>\n<p>&nbsp;<\/p>\n<h3>Descri\u00e7\u00e3o da atividade<\/h3>\n<p>Na op\u00e7\u00e3o Montanheiro, trata-se de uma atividade de dificuldade m\u00e9dia, acess\u00edvel a praticantes caminhadas na montanha.<\/p>\n<p>A op\u00e7\u00e3o Turista est\u00e1 mais vocacionada para fam\u00edlias com crian\u00e7as, acess\u00edvel a todas as idades e condi\u00e7\u00f5es f\u00edsicas.<\/p>\n<p>\u00c9 poss\u00edvel a participa\u00e7\u00e3o intercalada no programa Turista e Montanheiro.<\/p>\n<p>Dado decorrer j\u00e1 no final do Outono assume maior import\u00e2ncia a roupa de agasalho e cal\u00e7ado imperme\u00e1vel. No caso da presen\u00e7a de neve (tal com aconteceu em 2008, 2009, 2010 e 2011) os percursos podem ser alterados.<\/p>\n<p>O alojamento ser\u00e1 na Pousada de Juventude de Penhas da Sa\u00fade em regime de meia pens\u00e3o. A pousada tem dispon\u00edvel cozinha de alberguista com utens\u00edlios de cozinha, fog\u00e3o e micro-ondas.<\/p>\n<p>&nbsp;<\/p>\n<h3>Inscri\u00e7\u00f5es e Log\u00edstica<\/h3>\n<p>Indicar nome, data de nascimento e n.\u00ba de BI, se possui transporte, lugares livres (por quest\u00f5es ambientais, de economia e log\u00edstica, tentaremos minimizar o n.\u00ba de autom\u00f3veis) e data, hora e montante do pagamento (atrav\u00e9s de transfer\u00eancia banc\u00e1ria).<\/p>\n<p style=\"padding-left: 30px;\">email: <a href=\"mailto:montanhismo.vn@gmail.com\">montanhismo.vn@gmail.com<\/a><\/p>\n<p>&nbsp;<\/p>\n<p><strong>Pre\u00e7os por participante<\/strong><\/p>\n<table style=\"height: 270px;\" width=\"589\">\n<tbody>\n<tr>\n<td width=\"91\"><\/td>\n<td width=\"71\"><\/td>\n<td width=\"95\"><strong>\u00a0Geral <\/strong><\/td>\n<td width=\"85\"><strong>\u00a0C\/ noite extra <\/strong><\/td>\n<\/tr>\n<tr>\n<td width=\"91\"><\/td>\n<td width=\"71\"><\/td>\n<td width=\"95\">(3 dias, 2 noites)<\/td>\n<td width=\"85\">(4 dias, 3 noites)<\/td>\n<\/tr>\n<tr>\n<td colspan=\"2\" width=\"162\"><strong>Geral &#8211; Associado<\/strong><\/td>\n<td width=\"95\"><strong>40,00 \u20ac<\/strong><\/td>\n<td width=\"85\"><strong>59,00 \u20ac<\/strong><\/td>\n<\/tr>\n<tr>\n<td colspan=\"2\" width=\"162\"><strong>Geral &#8211; N\u00e3o Associados<\/strong><\/td>\n<td width=\"95\"><strong>45,00 \u20ac<\/strong><\/td>\n<td width=\"85\"><strong>64,00 \u20ac<\/strong><\/td>\n<\/tr>\n<tr>\n<td colspan=\"2\" width=\"162\"><strong>Quarto duplo &#8211; Associado<\/strong><\/td>\n<td width=\"95\"><strong>54,00 \u20ac<\/strong><\/td>\n<td width=\"85\"><strong>81,00 \u20ac<\/strong><\/td>\n<\/tr>\n<tr>\n<td colspan=\"2\" width=\"162\"><strong>Quarto duplo &#8211; N\u00e3o Associado<\/strong><\/td>\n<td width=\"95\"><strong>59,00 \u20ac<\/strong><\/td>\n<td width=\"85\"><strong>86,00 \u20ac<\/strong><\/td>\n<\/tr>\n<tr>\n<td colspan=\"2\" width=\"162\"><strong>Crian\u00e7as at\u00e9 12 anos (Q. Duplo)*<\/strong><\/td>\n<td width=\"95\"><strong>14,00 \u20ac<\/strong><\/td>\n<td width=\"85\"><strong>21,00 \u20ac<\/strong><\/td>\n<\/tr>\n<tr>\n<td colspan=\"2\" width=\"162\">Seguro**<\/td>\n<td width=\"95\">+5,00 \u20ac<\/td>\n<td width=\"85\"><\/td>\n<\/tr>\n<\/tbody>\n<\/table>\n<p>&nbsp;<\/p>\n<p><strong>Inscri\u00e7\u00f5es at\u00e9 ao dia 16 de Novembro de 2016. <\/strong><\/p>\n<ul>\n<li>A inscri\u00e7\u00e3o s\u00f3 se considera efetiva ap\u00f3s o pagamento.<\/li>\n<li>S\u00e3o poss\u00edveis inscri\u00e7\u00f5es fora de prazo, no entanto as vagas n\u00e3o s\u00e3o garantidas.<\/li>\n<li>Inclui: Alojamento e 1\/2 pens\u00e3o na Pousada de Juventude de Penhas da Sa\u00fade<\/li>\n<li>N\u00e3o inclui: Transporte e almo\u00e7os durante a atividade.<\/li>\n<\/ul>\n<p style=\"padding-left: 30px;\">* S\u00f3 pagam alimenta\u00e7\u00e3o; h\u00e1 algumas camas extra, caso n\u00e3o estejam dispon\u00edveis os pais devem levar cama de viagem; os quartos duplos do ed. principal n\u00e3o permitem camas extra.<\/p>\n<p style=\"padding-left: 30px;\">** Obrigat\u00f3rio, exceto para participantes que tenham seguro de acidentes pessoais que cubra montanhismo, que j\u00e1 tenham feito o seguro da Vento Norte para outra atividade ou que sejam praticantes federados.<\/p>\n<p style=\"padding-left: 30px;\">O seguro ser\u00e1 v\u00e1lido para todas as atividades da Vento Norte at\u00e9 dezembro de 2016.<\/p>\n<p>&nbsp;<\/p>\n<h3>Equipamento Indispens\u00e1vel<\/h3>\n<ul>\n<li>Botas de montanhismo, de prefer\u00eancia imperme\u00e1veis<\/li>\n<li>Casaco imperme\u00e1vel<\/li>\n<li>Roupa desportiva e confort\u00e1vel<\/li>\n<li>Correntes de neve para o carro s\u00e3o sempre \u00fateis e poder\u00e3o tornar-se obrigat\u00f3rias se as condi\u00e7\u00f5es forem m\u00e1s<\/li>\n<\/ul>\n<p>&nbsp;<\/p>\n<p>&nbsp;<\/p>\n","protected":false},"excerpt":{"rendered":"<p>Serra da Estrela<br \/>\n08 A 10 dezembro de 2016<br \/>\n&nbsp;<br \/>\nO Parque Natural da Serra da Estrela (PNSE) fica no centro interior de Portugal essencialmente no distrito da Guarda (85%) e tamb\u00e9m no distrito de Castelo Branco (15%). Marcado por maci\u00e7os rochosos de granito, xisto e xistograuvaquicos e vest\u00edgios de antigos glaciares, a elevada altitude e localiza\u00e7\u00e3o do parque natural tornam-no um dos locais de Portugal continental com maior ocorr\u00eancia de chuva, neve, granizo e orvalho.<br \/>\nA import\u00e2ncia desta \u00e1rea faz com que seja Reserva Biogen\u00e9tica. Em 2000, foi designada uma \u00e1rea de 88 &#8230;<\/p>\n","protected":false},"author":1,"featured_media":2840,"comment_status":"open","ping_status":"open","sticky":false,"template":"","format":"standard","meta":{"ngg_post_thumbnail":0,"footnotes":""},"categories":[11],"tags":[],"class_list":["post-2837","post","type-post","status-publish","format-standard","has-post-thumbnail","hentry","category-montanhismo"],"_links":{"self":[{"href":"https:\/\/www.ventonorte.com\/index.php?rest_route=\/wp\/v2\/posts\/2837","targetHints":{"allow":["GET"]}}],"collection":[{"href":"https:\/\/www.ventonorte.com\/index.php?rest_route=\/wp\/v2\/posts"}],"about":[{"href":"https:\/\/www.ventonorte.com\/index.php?rest_route=\/wp\/v2\/types\/post"}],"author":[{"embeddable":true,"href":"https:\/\/www.ventonorte.com\/index.php?rest_route=\/wp\/v2\/users\/1"}],"replies":[{"embeddable":true,"href":"https:\/\/www.ventonorte.com\/index.php?rest_route=%2Fwp%2Fv2%2Fcomments&post=2837"}],"version-history":[{"count":11,"href":"https:\/\/www.ventonorte.com\/index.php?rest_route=\/wp\/v2\/posts\/2837\/revisions"}],"predecessor-version":[{"id":2843,"href":"https:\/\/www.ventonorte.com\/index.php?rest_route=\/wp\/v2\/posts\/2837\/revisions\/2843"}],"wp:featuredmedia":[{"embeddable":true,"href":"https:\/\/www.ventonorte.com\/index.php?rest_route=\/wp\/v2\/media\/2840"}],"wp:attachment":[{"href":"https:\/\/www.ventonorte.com\/index.php?rest_route=%2Fwp%2Fv2%2Fmedia&parent=2837"}],"wp:term":[{"taxonomy":"category","embeddable":true,"href":"https:\/\/www.ventonorte.com\/index.php?rest_route=%2Fwp%2Fv2%2Fcategories&post=2837"},{"taxonomy":"post_tag","embeddable":true,"href":"https:\/\/www.ventonorte.com\/index.php?rest_route=%2Fwp%2Fv2%2Ftags&post=2837"}],"curies":[{"name":"wp","href":"https:\/\/api.w.org\/{rel}","templated":true}]}}